{"id":16406,"date":"2014-11-14T17:03:56","date_gmt":"2014-11-14T17:03:56","guid":{"rendered":"https:\/\/www.uta.cl\/s\/ASl"},"modified":"2021-04-12T16:58:21","modified_gmt":"2021-04-12T16:58:21","slug":"uta-busca-nuevas-metodologias-para-hacer-mas-atractiva-las-matematicas","status":"publish","type":"post","link":"https:\/\/www.uta.cl\/index.php\/2014\/11\/14\/uta-busca-nuevas-metodologias-para-hacer-mas-atractiva-las-matematicas\/","title":{"rendered":"UTA busca nuevas metodolog\u00edas para hacer m\u00e1s atractiva las Matem\u00e1ticas"},"content":{"rendered":"\n<p><p style=\"text-align: justify;\">Es<img loading=\"lazy\" alt=\"Imagen foto_00000002\" class=\"fotodrag\" id=\"foto_00000002\" name=\"foto_00000002\" src=\"\/web\/site\/artic\/20141114\/imag\/foto_0000000220141114170356.jpg\" style=\"float: left; margin-left: 10px; margin-right: 10px;\" width=\"350\" height=\"231\">ta actividad fue posible gracias a la alianza estrat\u00e9gica de gesti\u00f3n, entre el Departamento de Matem\u00e1ticas y el Centro de Innovaci\u00f3n para el Desarrollo de la Docencia (CIDD). Es un programa de fortalecimiento institucional y mejora de las condiciones de aprendizaje y logro acad\u00e9mico de los estudiantes de esta Casa de Estudios Superiores, para actualizar los contenidos buscar nuevas y mejores estrategias para ense\u00f1ar de manera l\u00fadica y atractiva esta asignatura.<\/p>\n<p style=\"text-align: justify;\"><br>En sus palabras de apertura, el Rector de la Universidad, Dr. Arturo Flores Franulic manifest\u00f3 su alegr\u00eda por esta actividad. \u201cEl que se est\u00e9 inaugurando la trig\u00e9sima versi\u00f3n de estas jornadas no es menor, las matem\u00e1ticas siempre han sido vistas con reticencia, como un obst\u00e1culo en el proceso de aprendizaje m\u00e1s que como una oportunidad y es ahora, para los docentes un desaf\u00edo profesional, buscar las mejores formas para acercar estos contenidos, a los alumnos (\u2026) Reitero mis felicitaciones a la coordinaci\u00f3n de este evento y les deseo el mayor de los \u00e9xitos en su desarrollo\u201d, finaliz\u00f3 la m\u00e1xima autoridad universitaria.<\/p>\n<p style=\"text-align: justify;\"><br>Esta actividad se llevar\u00e1 a cabo durante  dos d\u00edas y cuenta con las ponencias de destacados docentes nacionales e internacionales, entre los que se encuentran, el Dr. Antonio Rufi\u00e1n, de la Universidad de Sevilla, el Dr. Gabriel Ruiz de la Universidad de C\u00e1diz y acad\u00e9micos de las Universidades de Valpara\u00edso, Cat\u00f3lica del Norte, con interesantes y actualizados temas como \u201cHacia un giro significativo: Una propuesta did\u00e1ctica de las ciencias\u201d, \u201cDesarrollando una modalidad de ense\u00f1anza y evaluaci\u00f3n matem\u00e1tica por competencia\u201d,  entre otros.<\/p><\/p>\n","protected":false},"excerpt":{"rendered":"<p>Con la presencia del Rector de la Universidad, Dr. Arturo Flores Franulic, se inaugur\u00f3 las Trig\u00e9sima Jornada de Matem\u00e1ticas y Jornada para Docentes.<\/p>\n","protected":false},"author":3,"featured_media":16407,"comment_status":"open","ping_status":"open","sticky":false,"template":"","format":"standard","meta":[],"categories":[36,98],"tags":[],"_links":{"self":[{"href":"https:\/\/www.uta.cl\/index.php\/wp-json\/wp\/v2\/posts\/16406"}],"collection":[{"href":"https:\/\/www.uta.cl\/index.php\/wp-json\/wp\/v2\/posts"}],"about":[{"href":"https:\/\/www.uta.cl\/index.php\/wp-json\/wp\/v2\/types\/post"}],"author":[{"embeddable":true,"href":"https:\/\/www.uta.cl\/index.php\/wp-json\/wp\/v2\/users\/3"}],"replies":[{"embeddable":true,"href":"https:\/\/www.uta.cl\/index.php\/wp-json\/wp\/v2\/comments?post=16406"}],"version-history":[{"count":1,"href":"https:\/\/www.uta.cl\/index.php\/wp-json\/wp\/v2\/posts\/16406\/revisions"}],"predecessor-version":[{"id":29123,"href":"https:\/\/www.uta.cl\/index.php\/wp-json\/wp\/v2\/posts\/16406\/revisions\/29123"}],"wp:featuredmedia":[{"embeddable":true,"href":"https:\/\/www.uta.cl\/index.php\/wp-json\/wp\/v2\/media\/16407"}],"wp:attachment":[{"href":"https:\/\/www.uta.cl\/index.php\/wp-json\/wp\/v2\/media?parent=16406"}],"wp:term":[{"taxonomy":"category","embeddable":true,"href":"https:\/\/www.uta.cl\/index.php\/wp-json\/wp\/v2\/categories?post=16406"},{"taxonomy":"post_tag","embeddable":true,"href":"https:\/\/www.uta.cl\/index.php\/wp-json\/wp\/v2\/tags?post=16406"}],"curies":[{"name":"wp","href":"https:\/\/api.w.org\/{rel}","templated":true}]}}