{"id":16126,"date":"2015-01-30T00:27:47","date_gmt":"2015-01-30T00:27:47","guid":{"rendered":"https:\/\/www.uta.cl\/s\/LWn"},"modified":"2021-01-06T12:59:38","modified_gmt":"2021-01-06T12:59:38","slug":"azapeno-con-26-anos-como-auxiliar-de-la-uta-se-titulo-de-ingeniero","status":"publish","type":"post","link":"https:\/\/www.uta.cl\/index.php\/2015\/01\/30\/azapeno-con-26-anos-como-auxiliar-de-la-uta-se-titulo-de-ingeniero\/","title":{"rendered":"Azape\u00f1o con 26 a\u00f1os como auxiliar de la UTA se titul\u00f3 de ingeniero agr\u00f3nomo"},"content":{"rendered":"\n<p><table style=\"float: right;\" cellspacing=\"10\" cellpadding=\"10\" border=\"0\">\n<tbody>\n<tr>\n<td><img loading=\"lazy\" alt=\"Imagen foto_00000002\" class=\"fotodrag\" id=\"foto_00000002\" name=\"foto_00000002\" src=\"\/web\/site\/artic\/20150130\/imag\/foto_0000000220150130002747.jpg\" width=\"260\" height=\"392\" border=\"0\"><\/td>\n<\/tr>\n<tr>\n<td style=\"width: 260px; text-align: center; border-width: 1px; border-style: solid; -moz-border-top-colors: none; -moz-border-right-colors: none; -moz-border-bottom-colors: none; -moz-border-left-colors: none; border-image: none;\">Con su tesis de grado<\/td>\n<\/tr>\n<\/tbody>\n<\/table>\n<p style=\"text-align: justify;\">&#8220;Ten\u00eda como 17 a\u00f1os y como era bueno para el f\u00fatbol me trajeron para reforzar el equipo del Instituto de Agronom\u00eda&#8221;, as\u00ed recuerda Elvis Hurtado Cort\u00e9s, ahora con 45 a\u00f1os, soltero, conocido por todos en Azapa como &#8220;Chocolo&#8221;, su ingreso como auxiliar en Azapa al Instituto de Agronom\u00eda de la entonces Universidad del Norte, hoy Universidad de Tarapac\u00e1, donde comenz\u00f3 &#8220;limpiando canales y pozas&#8221;, all\u00e1 en 1988.<\/p>\n<p style=\"text-align: justify;\">Actualmente es un personaje en la Facultad de Ciencias Agron\u00f3micas de la UTA, no s\u00f3lo por su simpat\u00eda y personalidad, sino porque es un ejemplo de responsabilidad, constancia y esfuerzo, virtudes que lo llevaron recientemente a titularse de ingeniero agr\u00f3nomo, convirti\u00e9ndose as\u00ed en colega de sus otrora jefes y profesores.<\/p>\n<p style=\"text-align: justify;\">A principios de enero de 2015 defendi\u00f3 su tesis para obtener el t\u00edtulo de ingeniero agr\u00f3nomo, reuni\u00f3n que fue seguida por una numerosa concurrencia integrada por acad\u00e9micos, funcionarios y alumnos, todos -conservando la solemnidad del caso- de alguna manera hinchando porque al &#8220;Elvis o Chocolo&#8221;, le fuera bien. Y as\u00ed nom\u00e1s fue, al final grandes felicitaciones, abrazos y aplausos para este humilde trabajador azape\u00f1o a quien en dicha Facultad de Agronom\u00eda todos admiran y quieren, porque nunca se ha restado a alg\u00fan desaf\u00edo en el trabajo, ni menos poner mala cara. Lo m\u00e1s dif\u00edcil que le resulta porque anda siempre sonriente.<\/p>\n<p style=\"text-align: justify;\">Recuerda ahora que ese d\u00eda de la defensa de su tesis &#8220;estaban todos nerviosos, pero yo estaba tranquilo&#8221;.<\/p>\n<p style=\"text-align: justify;\">Un logro y un regalo para su familia. Su padre Rodolfo Hurtado Olivares, con m\u00e1s de 70 a\u00f1os, trabajador agr\u00edcola toda la vida y ahora refugiado en su casa en San Miguel por enfermedad; y sus hermanos, que son tres, el mayor, Rodolfo, trabaja a cargo de un packing en Azapa, y sus hermanas Iris, secretaria en el misma facultad, y Mirna, la menor, profesora de matem\u00e1tica, egresada de la UTA y que trabaja en el Liceo A-1. Lamenta que su madre, Marina Cort\u00e9s P\u00e9rez, ya no est\u00e9 con ellos. Hace un par de a\u00f1os una repentina y cruel enfermedad se la llev\u00f3, por eso ahora a ella agradece, al igual que a su padre, que pese a ser humildes, de precarios recursos econ\u00f3micos, les hayan dado una buena formaci\u00f3n val\u00f3rica a todos sus hijos.<\/p>\n<p style=\"text-align: justify;\">Su tesis fue sobre el tema &#8220;Comparaci\u00f3n del nivel de tolerancia a salinidad y exceso de boro entre el tomate cultivar Poncho Negro y variedades de tomates nativos&#8221;.<\/p>\n<table cellspacing=\"10\" cellpadding=\"10\" border=\"0\">\n<tbody>\n<tr>\n<td><img loading=\"lazy\" alt=\"Imagen foto_00000003\" class=\"fotodrag\" id=\"foto_00000003\" name=\"foto_00000003\" src=\"\/web\/site\/artic\/20150130\/imag\/foto_0000000320150130002747.jpg\" width=\"360\" height=\"238\" border=\"0\"><\/td>\n<td><img loading=\"lazy\" alt=\"Imagen foto_00000001\" class=\"fotodrag\" id=\"foto_00000001\" name=\"foto_00000001\" src=\"\/web\/site\/artic\/20150130\/imag\/foto_0000000120150130002747.jpg\" width=\"360\" height=\"238\" border=\"0\"><\/td>\n<\/tr>\n<tr>\n<td style=\"width: 360px; text-align: center; border-width: 1px; border-style: solid; -moz-border-top-colors: none; -moz-border-right-colors: none; -moz-border-bottom-colors: none; -moz-border-left-colors: none; border-image: none;\">Con su hermana<\/td>\n<td style=\"width: 360px; text-align: center; border-width: 1px; border-style: solid; -moz-border-top-colors: none; -moz-border-right-colors: none; -moz-border-bottom-colors: none; -moz-border-left-colors: none; border-image: none;\">En el laboratorio<\/td>\n<\/tr>\n<\/tbody>\n<\/table>\n<p style=\"text-align: justify;\"><strong>SEGUIR EN LA UTA<\/strong><\/p>\n<p style=\"text-align: justify;\">Sobre su futuro, dice que quiere seguir en la UTA, desechando ofertas que ya le han llegado para trabajar en empresas semilleras instaladas en el valle. Mientras, seguir\u00e1 en el Laboratorio de Cultivos de Tejidos Vegetales de la Facultad, donde desde hace veinte a\u00f1os trabaja como auxiliar y se relaciona directamente con los investigadores y acad\u00e9micos, a quienes les entrega los datos procesados de los an\u00e1lisis bioqu\u00edmico de plantas, tras ir a terreno a buscar las muestras. &#8220;El Elvis se las sabe todas. Tiene un conocimiento en este laboratorio que no es f\u00e1cil adquirir y eso para la Universidad tiene un gran valor&#8221;, dijo el agr\u00f3nomo y profesor Hugo Escobar.<\/p>\n<p style=\"text-align: justify;\">Con todos los acad\u00e9micos, funcionarios y colegas auxiliares tiene buena onda. Sin embargo, reconoce en la Dra. Elizabeth Bast\u00edas su principal apoyo para salir adelante con su carrera de agronom\u00eda, a la que ingres\u00f3 despu\u00e9s de estudiar primero un a\u00f1o para contador auditor.<\/p>\n<p style=\"text-align: justify;\">Recuerda que ingres\u00f3 a esa carrera porque era vespertina. Los horarios de trabajo en el laboratorio le eran incompatibles para estudiar agronom\u00eda. Sin embargo, gestiones internas, donde lo ayud\u00f3 mucho la Dra. Bast\u00edas, le permitieron ingresar a agronom\u00eda, pero fue una tarea dura, porque ten\u00eda que compatibilizar sus estudios con el trabajo, devolviendo en horarios nocturnos las horas que en el d\u00eda dedicaba para ir a clases. Adem\u00e1s no pod\u00eda tomar todos los ramos del curr\u00edculo de la carrera, por lo mismo los cinco a\u00f1os que demora la carrera a \u00e9l le demandaron diez. Y ah\u00ed est\u00e1 ahora con su t\u00edtulo, quiz\u00e1s como para remediar su frustraci\u00f3n adolescente cuando se fue a estudiar ingenier\u00eda en minas en Antofagasta, que es otra historia que ya le contaremos.<\/p>\n<p style=\"text-align: justify;\">Para la Dra. Bast\u00edas, lo conseguido por Elvis es m\u00e9rito s\u00f3lo de \u00e9l. &#8220;Somos muchos en la facultad que lo hemos ayudado, es cierto, pero porque se merece ese apoyo y m\u00e1s. Es un funcionario ejemplar, muy h\u00e1bil, inteligente, aprende muy r\u00e1pido y muy responsable. Da gusto trabajar con \u00e9l, porque realmente facilita las cosas, adem\u00e1s es muy ordenado y riguroso en su trabajo&#8221;.<\/p>\n<p style=\"text-align: justify;\">Para su hermana Iris, es un orgullo lo conseguido por &#8220;Chocolo&#8221;. &#8220;Estamos todos felices con su t\u00edtulo y se lo merece porque siempre ha sido muy estudioso y responsable&#8221;, dijo.<\/p>\n<p style=\"text-align: justify;\"><strong>FRUSTRACION OCULTA<\/strong><\/p>\n<p style=\"text-align: justify;\">El flamante nuevo ingeniero agr\u00f3nomo hizo su ense\u00f1anza b\u00e1sica en la Escuela F-25 de Azapa, actual Liceo Agr\u00edcola. La media la curs\u00f3 en el Liceo A-1 de Arica. Como era buen alumno y le fue bien en la entonces Prueba de Aptitud Acad\u00e9mica, PAA, apoyado por becas, ingres\u00f3 a la carrera de ingenier\u00eda en minas en Antofagasta. Ten\u00eda 16 a\u00f1os. Sin embargo, no alcanz\u00f3 a terminar el primer a\u00f1o, porque alrededor del mes de octubre, en plena dictadura -1986- particip\u00f3 de una toma en la Universidad y sus sue\u00f1os se vieron repentinamente frustrados. &#8220;Nos desalojaron a todos, si hasta de helic\u00f3pteros bajaron militares y nos expulsaron de la universidad. \u00c9ramos 90&#8221;, cuenta y de paso confiesa que esta es primera vez que hace p\u00fablica esa historia, porque sus padres, hermanos ni sus amigos nunca supieron lo que le pas\u00f3 en Antofagasta. De regreso a casa y en San Miguel, les cont\u00f3 que le hab\u00eda ido mal en los estudios. A sus padres no se atrevi\u00f3 a contarles la verdad. Perder la carrera por meterse a protestar y en dictadura, cre\u00eda que no se lo iban a aceptar.<\/p>\n<p style=\"text-align: justify;\">Por eso mismo despu\u00e9s tuvo que agachar el mo\u00f1o y hacer frente a lo que viniera. No pod\u00eda quedarse en la casa sin trabajar. As\u00ed fue como pronto lo fueron a buscar porque era bueno para el futbol, para reforzar al equipo del entonces Instituto de Agronom\u00eda que siempre era goleado por los equipos de Saucache. Y as\u00ed comenz\u00f3 su otra historia, en la cual al principio se retaba as\u00ed mismo, especialmente las primeras semanas cuando limpiando canales y pozas ve\u00eda sus manos ampolladas: &#8220;puchas, porque no segu\u00ed estudiando&#8221;.<\/p>\n<p style=\"text-align: justify;\">Pero que la vida tiene muchas vueltas y siempre brinda nuevas oportunidades, este es un ejemplo. Tras un par de a\u00f1os como auxiliar de campo en el Instituto de Agronom\u00eda, pas\u00f3 a la planta elaboradora de jugos que ten\u00eda el Instituto. Ah\u00ed estaba cuando vino la fusi\u00f3n de la Universidad del Norte con el Instituto Profesional de Arica, que reemplazo a la sede de la U de Chile, que dio nacimiento a la Universidad de Tarapac\u00e1. Dicha planta despu\u00e9s se cerr\u00f3 y como al t\u00e9cnico del laboratorio lo hab\u00edan despedido, lo enviaron a \u00e9l como reemplazo para salvar la situaci\u00f3n moment\u00e1neamente. De ah\u00ed no se movi\u00f3 m\u00e1s y hoy en los hechos es mucho m\u00e1s que un t\u00e9cnico en dicho laboratorio.<\/p>\n<p style=\"text-align: justify;\">Lo dem\u00e1s es ya historia conocida. Lo que no sabemos es si le cont\u00f3 a su padre y hermanos aquello oculto de su expulsi\u00f3n de la universidad en Antofagasta y que hoy forma parte del anecdotario de su vida, porque ahora est\u00e1 saboreando la parte dulce de la vida, despu\u00e9s de muchos sacrificios y sinsabores. Su viejo, Rodolfo, seguro, no puede estar m\u00e1s orgullo de su Elvis, a quien le puso as\u00ed porque era un gran admirador del rey del rock Elvis Presley.<\/p><\/p>\n","protected":false},"excerpt":{"rendered":"<p>Elvis Hurtado Cort\u00e9s, \u201cChocolo\u201d, es un ejemplo de responsabilidad, constancia y esfuerzo, y que la vida siempre brinda nuevas oportunidades a quienes no se dejan derrotar<\/p>\n","protected":false},"author":3,"featured_media":16127,"comment_status":"open","ping_status":"open","sticky":false,"template":"","format":"standard","meta":[],"categories":[83,39],"tags":[],"_links":{"self":[{"href":"https:\/\/www.uta.cl\/index.php\/wp-json\/wp\/v2\/posts\/16126"}],"collection":[{"href":"https:\/\/www.uta.cl\/index.php\/wp-json\/wp\/v2\/posts"}],"about":[{"href":"https:\/\/www.uta.cl\/index.php\/wp-json\/wp\/v2\/types\/post"}],"author":[{"embeddable":true,"href":"https:\/\/www.uta.cl\/index.php\/wp-json\/wp\/v2\/users\/3"}],"replies":[{"embeddable":true,"href":"https:\/\/www.uta.cl\/index.php\/wp-json\/wp\/v2\/comments?post=16126"}],"version-history":[{"count":1,"href":"https:\/\/www.uta.cl\/index.php\/wp-json\/wp\/v2\/posts\/16126\/revisions"}],"predecessor-version":[{"id":27545,"href":"https:\/\/www.uta.cl\/index.php\/wp-json\/wp\/v2\/posts\/16126\/revisions\/27545"}],"wp:featuredmedia":[{"embeddable":true,"href":"https:\/\/www.uta.cl\/index.php\/wp-json\/wp\/v2\/media\/16127"}],"wp:attachment":[{"href":"https:\/\/www.uta.cl\/index.php\/wp-json\/wp\/v2\/media?parent=16126"}],"wp:term":[{"taxonomy":"category","embeddable":true,"href":"https:\/\/www.uta.cl\/index.php\/wp-json\/wp\/v2\/categories?post=16126"},{"taxonomy":"post_tag","embeddable":true,"href":"https:\/\/www.uta.cl\/index.php\/wp-json\/wp\/v2\/tags?post=16126"}],"curies":[{"name":"wp","href":"https:\/\/api.w.org\/{rel}","templated":true}]}}