{"id":15992,"date":"2015-04-07T12:49:14","date_gmt":"2015-04-07T12:49:14","guid":{"rendered":"https:\/\/www.uta.cl\/s\/Odo"},"modified":"2021-01-06T14:50:38","modified_gmt":"2021-01-06T14:50:38","slug":"conferencia-de-desarrollo-de-la-energia-termosolar","status":"publish","type":"post","link":"https:\/\/www.uta.cl\/index.php\/2015\/04\/07\/conferencia-de-desarrollo-de-la-energia-termosolar\/","title":{"rendered":"Conferencia de Desarrollo de la Energ\u00eda Termosolar"},"content":{"rendered":"\n<p><p style=\"text-align: justify;\"><img loading=\"lazy\" alt=\"Imagen foto_00000001\" class=\"fotodrag\" id=\"foto_00000001\" name=\"foto_00000001\" src=\"\/web\/site\/artic\/20150407\/imag\/foto_0000000120150407124914.jpg\" style=\"float: left; margin-left: 10px; margin-right: 10px;\" width=\"283\" height=\"169\">Con el prop\u00f3sito de difundir el tema de las energ\u00edas renovables en la Regi\u00f3n de Arica y Parinacota, la Direcci\u00f3n General de Investigaci\u00f3n de la Universidad de Tarapac\u00e1 en conjunto con SERC-Chile, ha organizado la conferencia sobre <strong>&#8220;El desarrollo de la Energ\u00eda Termosolar: Un caso exitoso de transferencia de conocimiento desde la investigaci\u00f3n&#8221;<\/strong> que estar\u00e1 a cargo del destacado Director Adjunto de la Plataforma Solar de Almer\u00eda- Espa\u00f1a, Dr. Juli\u00e1n Blanco.<\/p>\n<p style=\"text-align: justify;\">La actividad se realizar\u00e1 este martes 7 de abril a las 16:00 horas, en la sala de eventos de la Escuela Universitaria de Ingenier\u00eda El\u00e9ctrica-Electr\u00f3nica, ubicada a en el Campus Saucache de la Universidad de Tarapac\u00e1.<\/p>\n<p style=\"text-align: justify;\">Horacio D\u00edaz, Director General de Investigaciones de la Universidad de Tarapac\u00e1 indic\u00f3 que &#8220;en la conferencia se tendr\u00e1 la oportunidad de conocer de primera fuente la experiencia de la Plataforma Solar de Almer\u00eda-Espa\u00f1a, una de las iniciativas m\u00e1s exitosas a nivel mundial en el \u00e1mbito de las aplicaciones de la energ\u00eda solar&#8221;<\/p><\/p>\n","protected":false},"excerpt":{"rendered":"<p>El Dr. Juli\u00e1n Blanco, Director Adjunto de la Plataforma Solar de Almer\u00eda-Espa\u00f1a dictar\u00e1 la conferencia \u201c\u201cEl desarrollo de la Energ\u00eda Termosolar: Un caso exitoso de transferencia de conocimiento desde la investigaci\u00f3n\u201d<\/p>\n","protected":false},"author":3,"featured_media":15993,"comment_status":"open","ping_status":"open","sticky":false,"template":"","format":"standard","meta":[],"categories":[37],"tags":[],"_links":{"self":[{"href":"https:\/\/www.uta.cl\/index.php\/wp-json\/wp\/v2\/posts\/15992"}],"collection":[{"href":"https:\/\/www.uta.cl\/index.php\/wp-json\/wp\/v2\/posts"}],"about":[{"href":"https:\/\/www.uta.cl\/index.php\/wp-json\/wp\/v2\/types\/post"}],"author":[{"embeddable":true,"href":"https:\/\/www.uta.cl\/index.php\/wp-json\/wp\/v2\/users\/3"}],"replies":[{"embeddable":true,"href":"https:\/\/www.uta.cl\/index.php\/wp-json\/wp\/v2\/comments?post=15992"}],"version-history":[{"count":1,"href":"https:\/\/www.uta.cl\/index.php\/wp-json\/wp\/v2\/posts\/15992\/revisions"}],"predecessor-version":[{"id":27553,"href":"https:\/\/www.uta.cl\/index.php\/wp-json\/wp\/v2\/posts\/15992\/revisions\/27553"}],"wp:featuredmedia":[{"embeddable":true,"href":"https:\/\/www.uta.cl\/index.php\/wp-json\/wp\/v2\/media\/15993"}],"wp:attachment":[{"href":"https:\/\/www.uta.cl\/index.php\/wp-json\/wp\/v2\/media?parent=15992"}],"wp:term":[{"taxonomy":"category","embeddable":true,"href":"https:\/\/www.uta.cl\/index.php\/wp-json\/wp\/v2\/categories?post=15992"},{"taxonomy":"post_tag","embeddable":true,"href":"https:\/\/www.uta.cl\/index.php\/wp-json\/wp\/v2\/tags?post=15992"}],"curies":[{"name":"wp","href":"https:\/\/api.w.org\/{rel}","templated":true}]}}