{"id":15950,"date":"2015-04-14T16:14:06","date_gmt":"2015-04-14T16:14:06","guid":{"rendered":"https:\/\/www.uta.cl\/s\/_7o"},"modified":"2021-01-07T12:56:41","modified_gmt":"2021-01-07T12:56:41","slug":"carrera-de-derecho-avanza-en-proceso-de-renovacion-curricular-y","status":"publish","type":"post","link":"https:\/\/www.uta.cl\/index.php\/2015\/04\/14\/carrera-de-derecho-avanza-en-proceso-de-renovacion-curricular-y\/","title":{"rendered":"Carrera de Derecho avanza en proceso de renovaci\u00f3n curricular y acreditaci\u00f3n"},"content":{"rendered":"\n<p><p style=\"text-align: justify;\"><\/p>\n<p style=\"text-align: justify;\"><img loading=\"lazy\" alt=\"Imagen foto_00000001\" class=\"fotodrag\" id=\"foto_00000001\" name=\"foto_00000001\" src=\"\/web\/site\/artic\/20150414\/imag\/foto_0000000120150414161406.jpg\" style=\"margin-left: 10px; margin-right: 10px; float: left;\" width=\"336\" height=\"188\"><\/p>\n<p style=\"text-align: justify;\">Como una reuni\u00f3n fruct\u00edfera y positiva, calific\u00f3 el decano de la Facultad de Ciencias Sociales y Jur\u00eddicas, Iv\u00e1n Barrientos, el encuentro de los jefes de carrera de las sedes Arica e Iquique y los asesores del CIDD, fue una instancia en la que coordinaron y prepararon el trabajo que realizar\u00e1n en conjunto para su renovaci\u00f3n curricular y acreditaci\u00f3n.<\/p>\n<p style=\"text-align: justify;\"><br>El directivo se\u00f1al\u00f3 que \u201cen t\u00e9rminos generales la reuni\u00f3n ha sido bastante positiva, hemos llegado a acuerdos en varios puntos, sobre todo en lo que dice relaci\u00f3n a los plazos que nos hemos fijado, tanto como facultad y carrera de Derecho en el caso de Arica e Iquique, hemos revisado el estado de avance, se han propuesto nuevas comisiones que integren, tanto temas del perfil de egreso, de malla curricular, por eso el elemento central son los tiempos, tenemos un \u201cDeadline\u201d que es el a\u00f1o 2016 y en la forma que yo he visto el avance, creo que vamos a dar cumplimiento a esa fecha l\u00edmite y tendremos la carrera de Derecho acreditada y ese espero sea un gran logro\u201d. Por otra parte, Barrientos agradeci\u00f3 a los jefes de carrera y entes involucrados. \u201cYo agradezco a los jefes de carrera de Arica e Iquique, a los asesores del CIDD, Patricio Rivera y Joselin Donoso, quienes nos gu\u00edan  en estos temas que son bastante complejos, hay que entender que los abogados no somos por esencia pedagogos y muchos de estos temas dicen relaci\u00f3n m\u00e1s bien con la pedagog\u00eda, entonces todos han sido mucho aporte, por eso, estoy muy contento, finaliz\u00f3 el decano.<\/p>\n<p style=\"text-align: justify;\"><br>As\u00ed mismo el jefe de carrera de la sede Iquique, \u00c1lvaro Espinoza, quien adem\u00e1s sostuvo una importante reuni\u00f3n con los asesores del CIDD, Patricio Rivera y Joselin Donoso, en la que se trat\u00f3 la renovaci\u00f3n curricular y su estado de avance, coment\u00f3 respecto a su participaci\u00f3n en esta jornada de trabajo. \u201cSon dos los objetivos de mi visita a la ciudad, en mi calidad de jefe de carrera en Iquique, la primera tarea que hemos venido a dar cobertura, tiene que ver con el proceso de redise\u00f1o curricular y en segundo lugar con el proceso de acreditaci\u00f3n, ambos procesos est\u00e1n vivos hoy en lo que es la carrera de Derecho, por lo tanto uno de los objetivos fue precisamente venir a conversar con los asesores del CIDD y me parece que ha sido una oportunidad bien aprovechada, hemos terminado la jornada sacando conclusiones interesantes, materializando plazos, por lo tanto, a nivel de coordinaci\u00f3n me parece que el trabajo ser\u00e1 fruct\u00edfero, teniendo como base los acuerdos a los que se han llegado hoy\u201d, apunt\u00f3 Espinoza.<\/p>\n<p style=\"text-align: justify;\"><br>ACREDITACI\u00d3N<br>El jefe de carrera adem\u00e1s se refiri\u00f3 a la acreditaci\u00f3n. \u201cLa acreditaci\u00f3n en las carreras de derecho en Chile representa un desaf\u00edo que ha sido asumido por pocas universidades y en ese sentido la Universidad de Tarapac\u00e1 tomo la decisi\u00f3n al igual que toda la instituci\u00f3n de participar en este proceso y esto representa principalmente una oportunidad, de plantear que es lo que hacemos como carrera de Derecho hac\u00eda el futuro; es una oportunidad de readecuar programas; es una oportunidad de mirarnos hacia adentro y en esto me parece que van a resultar beneficiados todos los intervinientes: estudiantes, acad\u00e9micos, la universidad y principalmente la sociedad, ya que podremos entregar un profesional apto dadas les exigencias de estos tiempos\u201d.<\/p>\n<p style=\"text-align: justify;\"><br>Por su parte el jefe de carrera de Derecho de la sede Arica, Juan Barraza, destac\u00f3 la labor realizada por los asesores del Centro de Innovaci\u00f3n y Desarrollo de la Docencia, CIDD en torno al redise\u00f1o de la malla curricular de la carrera y el proceso de acreditaci\u00f3n. \u201cTenemos asesores que nos ayudan en este proceso, uno ve que existe un trabajo serio, un trabajo profesional, constructivista, que finalmente de una u otra forma nos permite a nosotros convencernos, de que estamos navegando por aguas tranquilas y que conocemos el puerto al cual vamos a llegar. \u00c9ste es un trabajo que est\u00e1 liderado por ciertas personas, por ciertos cargos espec\u00edficos, pero el logro de una acreditaci\u00f3n, no tal solo va a ser el logro de la carrera en s\u00ed; no tan solo va a ser el logro para los estudiantes; no tan solo va a ser el logro para los profesores, sino que ser\u00e1 el logro para toda la universidad y obviamente para nuestra comunidad, quienes son los destinatarios finales de la funci\u00f3n p\u00fablica que nosotros desarrollamos d\u00eda a d\u00eda\u201d, puntualiz\u00f3.<\/p>\n<p style=\"text-align: justify;\"><br>Patricio Rivera, asesor curricular del CIDD para esta carrera, evalu\u00f3 la jornada de trabajo y valor\u00f3 la voluntad de los actores involucrados para sacar la tarea adelante. \u201cHa sido una reuni\u00f3n bastante fruct\u00edfera porque genera primero la confluencia de ambas sedes, Arica e Iquique, adem\u00e1s todo esto cobra relevancia con la presencia del decano y ante eso que se est\u00e9n discutiendo precisamente aspectos curriculares, es decir, que hubo un involucramiento primero, de la decanatura durante el proceso, segundo hubo la cohesi\u00f3n de ambas sedes y tercero el proceso de sistematizaci\u00f3n que se est\u00e1 llevando a cabo en redise\u00f1o curricular, pero llegamos a acuerdos en pautas de acreditaci\u00f3n, es decir, ambos procesos est\u00e1n caminando juntos y eso ya es un efectivo dise\u00f1o para el futuro proceso de acreditaci\u00f3n de la carrera. El trabajo que hemos realizado junto a Joselin Donoso, qui\u00e9n tambi\u00e9n es asesora curricular de la carrera de Derecho, con la cual se trabaj\u00f3 en conjunto en la revisi\u00f3n del perfil de egreso de acuerdo a los par\u00e1metros de acreditaci\u00f3n.\u201d, se\u00f1al\u00f3.<\/p>\n<p style=\"text-align: justify;\"><br>Cabe destacar que en diciembre del 2014 se realiz\u00f3 el primer acto formal que da inicio a este proceso a trav\u00e9s de la designaci\u00f3n de las comisiones que van a trabajar en la acreditaci\u00f3n, paralelo a eso se designaron a los asesores del CIDD, se ha validado el perfil de egreso por algunos de los actores principales, faltando solo socializarlo a los empleadores, junto a eso se est\u00e1 en el redise\u00f1o de la malla curricular de la carrera, sin embargo el cronograma de trabajo debiese llevar a buen puerto los desaf\u00edos y tareas convenidas en la Carrera de Derecho.<\/p><\/p>\n","protected":false},"excerpt":{"rendered":"<p>Decano, jefes de carrera y asesores trabajaron mancomunadamente en reuni\u00f3n realizada en la sede Arica.<\/p>\n","protected":false},"author":3,"featured_media":15951,"comment_status":"open","ping_status":"open","sticky":false,"template":"","format":"standard","meta":[],"categories":[49,34],"tags":[],"_links":{"self":[{"href":"https:\/\/www.uta.cl\/index.php\/wp-json\/wp\/v2\/posts\/15950"}],"collection":[{"href":"https:\/\/www.uta.cl\/index.php\/wp-json\/wp\/v2\/posts"}],"about":[{"href":"https:\/\/www.uta.cl\/index.php\/wp-json\/wp\/v2\/types\/post"}],"author":[{"embeddable":true,"href":"https:\/\/www.uta.cl\/index.php\/wp-json\/wp\/v2\/users\/3"}],"replies":[{"embeddable":true,"href":"https:\/\/www.uta.cl\/index.php\/wp-json\/wp\/v2\/comments?post=15950"}],"version-history":[{"count":1,"href":"https:\/\/www.uta.cl\/index.php\/wp-json\/wp\/v2\/posts\/15950\/revisions"}],"predecessor-version":[{"id":27583,"href":"https:\/\/www.uta.cl\/index.php\/wp-json\/wp\/v2\/posts\/15950\/revisions\/27583"}],"wp:featuredmedia":[{"embeddable":true,"href":"https:\/\/www.uta.cl\/index.php\/wp-json\/wp\/v2\/media\/15951"}],"wp:attachment":[{"href":"https:\/\/www.uta.cl\/index.php\/wp-json\/wp\/v2\/media?parent=15950"}],"wp:term":[{"taxonomy":"category","embeddable":true,"href":"https:\/\/www.uta.cl\/index.php\/wp-json\/wp\/v2\/categories?post=15950"},{"taxonomy":"post_tag","embeddable":true,"href":"https:\/\/www.uta.cl\/index.php\/wp-json\/wp\/v2\/tags?post=15950"}],"curies":[{"name":"wp","href":"https:\/\/api.w.org\/{rel}","templated":true}]}}