{"id":15922,"date":"2015-04-20T07:58:45","date_gmt":"2015-04-20T07:58:45","guid":{"rendered":"https:\/\/www.uta.cl\/s\/p1p"},"modified":"2021-01-07T12:57:39","modified_gmt":"2021-01-07T12:57:39","slug":"ingenieria-comercial-en-autoevaluacion","status":"publish","type":"post","link":"https:\/\/www.uta.cl\/index.php\/2015\/04\/20\/ingenieria-comercial-en-autoevaluacion\/","title":{"rendered":"Ingenier\u00eda Comercial en Autoevaluaci\u00f3n"},"content":{"rendered":"\n<p><p style=\"text-align: justify;\"><img loading=\"lazy\" alt=\"Imagen foto_00000001\" class=\"fotodrag\" id=\"foto_00000001\" name=\"foto_00000001\" src=\"\/web\/site\/artic\/20150420\/imag\/foto_0000000120150420075845.jpg\" style=\"float: left; margin-left: 10px; margin-right: 10px;\" width=\"360\" height=\"229\">Con una alta convocatoria, este el mi\u00e9rcoles 15 de abril, la carrera de Ingenier\u00eda Comercial reuni\u00f3 a sus alumnos, acad\u00e9micos, egresados y empleadores locales en una actividad de sociabilizaci\u00f3n y validaci\u00f3n del nuevo perfil, actividad que se enmarca en el proceso de acreditaci\u00f3n que desarrolla.<\/p>\n<p style=\"text-align: justify;\">Esta actividad permiti\u00f3 la interiorizaci\u00f3n de la propuesta de mejora que la carrera a evaluado para su malla curricular, instancia que permiti\u00f3 la participaci\u00f3n, comentario y observaciones de los asistentes.<\/p>\n<p style=\"text-align: justify;\">La convocatoria estuvo guiada por la jefa de carrera Mar\u00eda-Cristina Alfred, la que se centr\u00f3 en se\u00f1alar el prop\u00f3sito que tiene cada semestre en cuanto al aprendizaje de los estudiantes, y que elementos se podr\u00edan implementar para mejorar estos. Destacando el trabajo importante que esta llevando a cabo el comit\u00e9 de actualizaci\u00f3n curricular, donde todas las mejoras est\u00e1n relacionadas gracias a la retroalimentaci\u00f3n de los egresados, empleadores y alumnos.<\/p>\n<p style=\"text-align: justify;\">En la actividad se distribuy\u00f3 a cada uno de los presentes, una encuestas con el inter\u00e9s de medir la pertinencia de las mejoras de acuerdo a sus actuales roles respecto a la carrera. Por otra parte, se abri\u00f3 el espacio para conversar sobre las diversas interrogantes de los participantes, principalmente de estudiantes y egresados asistentes quienes demostraron el inter\u00e9s por su carrera y la propuesta de soluciones propia. Todo lo anterior en beneficio del proceso de acreditaci\u00f3n.<\/p>\n<table cellspacing=\"10\" cellpadding=\"10\" border=\"0\">\n<tbody>\n<tr>\n<td><img loading=\"lazy\" alt=\"Imagen foto_00000003\" class=\"fotodrag\" id=\"foto_00000003\" name=\"foto_00000003\" src=\"\/web\/site\/artic\/20150420\/imag\/foto_0000000320150420075845.jpg\" width=\"360\" height=\"238\" border=\"0\"><\/td>\n<td><img loading=\"lazy\" alt=\"Imagen foto_00000002\" class=\"fotodrag\" id=\"foto_00000002\" name=\"foto_00000002\" src=\"\/web\/site\/artic\/20150420\/imag\/foto_0000000220150420075845.jpg\" width=\"360\" height=\"207\" border=\"0\"><\/td>\n<\/tr>\n<\/tbody>\n<\/table><\/p>\n","protected":false},"excerpt":{"rendered":"<p>Esta actividad permiti\u00f3 la interiorizaci\u00f3n de la propuesta de mejora que la carrera a evaluado para su malla curricular<\/p>\n","protected":false},"author":3,"featured_media":15923,"comment_status":"open","ping_status":"open","sticky":false,"template":"","format":"standard","meta":[],"categories":[34,85],"tags":[],"_links":{"self":[{"href":"https:\/\/www.uta.cl\/index.php\/wp-json\/wp\/v2\/posts\/15922"}],"collection":[{"href":"https:\/\/www.uta.cl\/index.php\/wp-json\/wp\/v2\/posts"}],"about":[{"href":"https:\/\/www.uta.cl\/index.php\/wp-json\/wp\/v2\/types\/post"}],"author":[{"embeddable":true,"href":"https:\/\/www.uta.cl\/index.php\/wp-json\/wp\/v2\/users\/3"}],"replies":[{"embeddable":true,"href":"https:\/\/www.uta.cl\/index.php\/wp-json\/wp\/v2\/comments?post=15922"}],"version-history":[{"count":1,"href":"https:\/\/www.uta.cl\/index.php\/wp-json\/wp\/v2\/posts\/15922\/revisions"}],"predecessor-version":[{"id":27585,"href":"https:\/\/www.uta.cl\/index.php\/wp-json\/wp\/v2\/posts\/15922\/revisions\/27585"}],"wp:featuredmedia":[{"embeddable":true,"href":"https:\/\/www.uta.cl\/index.php\/wp-json\/wp\/v2\/media\/15923"}],"wp:attachment":[{"href":"https:\/\/www.uta.cl\/index.php\/wp-json\/wp\/v2\/media?parent=15922"}],"wp:term":[{"taxonomy":"category","embeddable":true,"href":"https:\/\/www.uta.cl\/index.php\/wp-json\/wp\/v2\/categories?post=15922"},{"taxonomy":"post_tag","embeddable":true,"href":"https:\/\/www.uta.cl\/index.php\/wp-json\/wp\/v2\/tags?post=15922"}],"curies":[{"name":"wp","href":"https:\/\/api.w.org\/{rel}","templated":true}]}}