{"id":15918,"date":"2015-04-21T10:08:34","date_gmt":"2015-04-21T10:08:34","guid":{"rendered":"https:\/\/www.uta.cl\/s\/qzp"},"modified":"2021-01-07T13:03:54","modified_gmt":"2021-01-07T13:03:54","slug":"seminario-de-comercio-internacional-realizo-carrera-de-ingenieria","status":"publish","type":"post","link":"https:\/\/www.uta.cl\/index.php\/2015\/04\/21\/seminario-de-comercio-internacional-realizo-carrera-de-ingenieria\/","title":{"rendered":"Seminario de comercio internacional realiz\u00f3 carrera de Ingenier\u00eda Comercial de la UTA, sede Iquique"},"content":{"rendered":"\n<p><p style=\"text-align: justify;\"><img loading=\"lazy\" alt=\"Imagen foto_00000003\" class=\"fotodrag\" id=\"foto_00000003\" name=\"foto_00000003\" src=\"\/web\/site\/artic\/20150421\/imag\/foto_0000000320150421100834.jpg\" style=\"float: right; margin-left: 10px; margin-right: 10px;\" width=\"347\" height=\"260\">Con masiva concurrencia se desarroll\u00f3 el pasado viernes 17 de abril, en las dependencias de la Intendencia Regional de Tarapac\u00e1, el Primer Seminario de Comercio Internacional &#8220;Desde Iquique abriendo fronteras&#8221;, organizado por la carrera de Ingenier\u00eda Comercial, menci\u00f3n Gesti\u00f3n y Comercio Exterior de la Escuela Universitaria de Administraci\u00f3n y Negocios, Sede Iquique de la UTA.<\/p>\n<p style=\"text-align: justify;\">La actividad cont\u00f3 con la exposici\u00f3n de Ernesto Loo Carrasco, director ejecutivo de RTC Televisi\u00f3n, quien se refiri\u00f3 a las propuestas de desarrollo comunal, basadas en promover la construcci\u00f3n de los corredores bioce\u00e1nicos y del rol de la Zona Franca y del Puerto de Iquique, en las pol\u00edticas de desarrollo regional y local y su relaci\u00f3n con los procesos de integraci\u00f3n de Sudam\u00e9rica.<\/p>\n<p style=\"text-align: justify;\">Tambi\u00e9n expuso Jos\u00e9 Alberti Uzqueda, economista principal de la C\u00e1mara de Exportadores de Santa Cruz (CADEX), quien se refiri\u00f3 a la actual situaci\u00f3n econ\u00f3mica de Bolivia respecto a los pa\u00edses del cono sur y la din\u00e1mica exportadora que vive, tambi\u00e9n de las proyecciones a corto plazo del vecino pa\u00eds. Puntualiz\u00f3 acerca de la relaci\u00f3n de Bolivia con el corredor bioce\u00e1nico y las potencialidades que ven en Iquique como el centro internacional de exportaci\u00f3n e importaci\u00f3n.<\/p>\n<p style=\"text-align: justify;\">La actividad cont\u00f3 con alrededor de 50 estudiantes de la carrera, as\u00ed como con 45 alumnos de cuarto medio del Instituto Comercial de Iquique, adem\u00e1s de acad\u00e9micos y representantes de empresas de la regi\u00f3n, entre otros.<\/p>\n<table cellspacing=\"10\" cellpadding=\"10\" border=\"0\">\n<tbody>\n<tr>\n<td><img loading=\"lazy\" alt=\"Imagen foto_00000002\" class=\"fotodrag\" id=\"foto_00000002\" name=\"foto_00000002\" src=\"\/web\/site\/artic\/20150421\/imag\/foto_0000000220150421100834.jpg\" width=\"360\" height=\"202\" border=\"0\"><\/td>\n<td><img loading=\"lazy\" alt=\"Imagen foto_00000001\" class=\"fotodrag\" id=\"foto_00000001\" name=\"foto_00000001\" src=\"\/web\/site\/artic\/20150421\/imag\/foto_0000000120150421100834.jpg\" width=\"360\" height=\"216\" border=\"0\"><\/td>\n<\/tr>\n<tr>\n<td style=\"width: 360px; text-align: center; border-width: 1px; border-style: solid; -moz-border-top-colors: none; -moz-border-right-colors: none; -moz-border-bottom-colors: none; -moz-border-left-colors: none; border-image: none;\">Guillermo Zapata, presidente CEIC; Felipe Pavez; Basti\u00e1n D\u00edaz, vicepresidente CEIC; Fernando Guevara.<\/td>\n<td style=\"width: 360px; text-align: center; border-width: 1px; border-style: solid; -moz-border-top-colors: none; -moz-border-right-colors: none; -moz-border-bottom-colors: none; -moz-border-left-colors: none; border-image: none;\">Rafael Fuertes; Jos\u00e9 Alberti, economista principal CADEX; Jeamsie Herrera, Jefa de Carrera Ingecoex; y Cristian Vald\u00e9s.<\/td>\n<\/tr>\n<\/tbody>\n<\/table><\/p>\n","protected":false},"excerpt":{"rendered":"<p>Entre los expositores particip\u00f3 economista de la C\u00e1mara de Exportadores de Santa Cruz, Bolivia, quien se refiri\u00f3 a la actual situaci\u00f3n econ\u00f3mica boliviana respecto a los pa\u00edses del cono sur y la din\u00e1mica exportadora que vive<\/p>\n","protected":false},"author":3,"featured_media":15919,"comment_status":"open","ping_status":"open","sticky":false,"template":"","format":"standard","meta":[],"categories":[34,85],"tags":[],"_links":{"self":[{"href":"https:\/\/www.uta.cl\/index.php\/wp-json\/wp\/v2\/posts\/15918"}],"collection":[{"href":"https:\/\/www.uta.cl\/index.php\/wp-json\/wp\/v2\/posts"}],"about":[{"href":"https:\/\/www.uta.cl\/index.php\/wp-json\/wp\/v2\/types\/post"}],"author":[{"embeddable":true,"href":"https:\/\/www.uta.cl\/index.php\/wp-json\/wp\/v2\/users\/3"}],"replies":[{"embeddable":true,"href":"https:\/\/www.uta.cl\/index.php\/wp-json\/wp\/v2\/comments?post=15918"}],"version-history":[{"count":1,"href":"https:\/\/www.uta.cl\/index.php\/wp-json\/wp\/v2\/posts\/15918\/revisions"}],"predecessor-version":[{"id":27593,"href":"https:\/\/www.uta.cl\/index.php\/wp-json\/wp\/v2\/posts\/15918\/revisions\/27593"}],"wp:featuredmedia":[{"embeddable":true,"href":"https:\/\/www.uta.cl\/index.php\/wp-json\/wp\/v2\/media\/15919"}],"wp:attachment":[{"href":"https:\/\/www.uta.cl\/index.php\/wp-json\/wp\/v2\/media?parent=15918"}],"wp:term":[{"taxonomy":"category","embeddable":true,"href":"https:\/\/www.uta.cl\/index.php\/wp-json\/wp\/v2\/categories?post=15918"},{"taxonomy":"post_tag","embeddable":true,"href":"https:\/\/www.uta.cl\/index.php\/wp-json\/wp\/v2\/tags?post=15918"}],"curies":[{"name":"wp","href":"https:\/\/api.w.org\/{rel}","templated":true}]}}