{"id":15900,"date":"2015-04-23T12:36:57","date_gmt":"2015-04-23T12:36:57","guid":{"rendered":"https:\/\/www.uta.cl\/s\/zJp"},"modified":"2021-01-07T13:03:24","modified_gmt":"2021-01-07T13:03:24","slug":"con-tallarinata-carrera-de-ingenieria-comercial-celebro-inicio-del-ano","status":"publish","type":"post","link":"https:\/\/www.uta.cl\/index.php\/2015\/04\/23\/con-tallarinata-carrera-de-ingenieria-comercial-celebro-inicio-del-ano\/","title":{"rendered":"Con \u201cTallarinata\u201d carrera de Ingenier\u00eda Comercial celebr\u00f3 inicio del a\u00f1o acad\u00e9mico"},"content":{"rendered":"\n<p><p style=\"text-align: justify;\"><img loading=\"lazy\" alt=\"Imagen foto_00000003\" class=\"fotodrag\" id=\"foto_00000003\" name=\"foto_00000003\" src=\"\/web\/site\/artic\/20150423\/imag\/foto_0000000320150423123657.jpg\" style=\"float: left; margin-left: 10px; margin-right: 10px;\" width=\"360\" height=\"184\">Con su tradicional &#8220;TALLARINATA 2015&#8221;, el jueves 16 de abril, la carrera de Ingenier\u00eda Comercial celebr\u00f3 el inicio del a\u00f1o acad\u00e9mico.<\/p>\n<p style=\"text-align: justify;\">Esta actividad innovadora de la carrera, marca un sello diferenciador al momento de reunir a sus alumnos en un escenario integrador y atractivo, donde invita a todos sus alumnos y acad\u00e9micos para compartir un encuentro distinto.<\/p>\n<p style=\"text-align: justify;\">La convocatoria la realizan los alumnos de primer a\u00f1o a la carrera en su totalidad, quienes a\u00f1o tras a\u00f1o se organizan para regalar a la familia INGECO su tradicional tallarinata.<\/p>\n<p style=\"text-align: justify;\">Destacando el trabajo de integraci\u00f3n que reflejan estas actividades para los alumnos y la comunidad universitaria, la que tiene efecto importantes en el nivel de compromiso de los alumnos.<\/p>\n<p style=\"text-align: justify;\">Una actividad para copiar&#8230;<\/p>\n<table cellspacing=\"10\" cellpadding=\"10\" border=\"0\">\n<tbody>\n<tr>\n<td><img loading=\"lazy\" alt=\"Imagen foto_00000002\" class=\"fotodrag\" id=\"foto_00000002\" name=\"foto_00000002\" src=\"\/web\/site\/artic\/20150423\/imag\/foto_0000000220150423123657.jpg\" width=\"360\" height=\"198\" border=\"0\"><\/td>\n<td><img loading=\"lazy\" alt=\"Imagen foto_00000001\" class=\"fotodrag\" id=\"foto_00000001\" name=\"foto_00000001\" src=\"\/web\/site\/artic\/20150423\/imag\/foto_0000000120150423123657.jpg\" width=\"360\" height=\"144\" border=\"0\"><\/td>\n<\/tr>\n<\/tbody>\n<\/table><\/p>\n","protected":false},"excerpt":{"rendered":"<p>La convocatoria la realizan los alumnos de primer a\u00f1o a la carrera en su totalidad<\/p>\n","protected":false},"author":3,"featured_media":15901,"comment_status":"open","ping_status":"open","sticky":false,"template":"","format":"standard","meta":[],"categories":[34,85],"tags":[],"_links":{"self":[{"href":"https:\/\/www.uta.cl\/index.php\/wp-json\/wp\/v2\/posts\/15900"}],"collection":[{"href":"https:\/\/www.uta.cl\/index.php\/wp-json\/wp\/v2\/posts"}],"about":[{"href":"https:\/\/www.uta.cl\/index.php\/wp-json\/wp\/v2\/types\/post"}],"author":[{"embeddable":true,"href":"https:\/\/www.uta.cl\/index.php\/wp-json\/wp\/v2\/users\/3"}],"replies":[{"embeddable":true,"href":"https:\/\/www.uta.cl\/index.php\/wp-json\/wp\/v2\/comments?post=15900"}],"version-history":[{"count":1,"href":"https:\/\/www.uta.cl\/index.php\/wp-json\/wp\/v2\/posts\/15900\/revisions"}],"predecessor-version":[{"id":27590,"href":"https:\/\/www.uta.cl\/index.php\/wp-json\/wp\/v2\/posts\/15900\/revisions\/27590"}],"wp:featuredmedia":[{"embeddable":true,"href":"https:\/\/www.uta.cl\/index.php\/wp-json\/wp\/v2\/media\/15901"}],"wp:attachment":[{"href":"https:\/\/www.uta.cl\/index.php\/wp-json\/wp\/v2\/media?parent=15900"}],"wp:term":[{"taxonomy":"category","embeddable":true,"href":"https:\/\/www.uta.cl\/index.php\/wp-json\/wp\/v2\/categories?post=15900"},{"taxonomy":"post_tag","embeddable":true,"href":"https:\/\/www.uta.cl\/index.php\/wp-json\/wp\/v2\/tags?post=15900"}],"curies":[{"name":"wp","href":"https:\/\/api.w.org\/{rel}","templated":true}]}}