{"id":15882,"date":"2015-04-28T11:21:59","date_gmt":"2015-04-28T11:21:59","guid":{"rendered":"https:\/\/www.uta.cl\/s\/IOp"},"modified":"2021-01-07T13:07:52","modified_gmt":"2021-01-07T13:07:52","slug":"academicos-del-area-de-ingenieria-en-computacion-e-informatica","status":"publish","type":"post","link":"https:\/\/www.uta.cl\/index.php\/2015\/04\/28\/academicos-del-area-de-ingenieria-en-computacion-e-informatica\/","title":{"rendered":"Acad\u00e9micos del \u00c1rea de Ingenier\u00eda en Computaci\u00f3n e Inform\u00e1tica realizaron la Primera Validaci\u00f3n del Perfil de Egreso con Empleadores en la ciudad de Santiago, 22,23 y 24 de Abril de 2015"},"content":{"rendered":"\n<p><p style=\"text-align: justify;\"><img loading=\"lazy\" alt=\"Imagen foto_00000001\" class=\"fotodrag\" id=\"foto_00000001\" name=\"foto_00000001\" src=\"\/web\/site\/artic\/20150428\/imag\/foto_0000000120150428112159.jpg\" style=\"float: left; margin-left: 10px; margin-right: 10px;\" width=\"330\" height=\"259\">La carrera de Ingenier\u00eda Civil en Computaci\u00f3n e Inform\u00e1tica, en proceso de autoevaluaci\u00f3n, realiza la primera validaci\u00f3n del perfil de egreso en su historia. Todo el proceso parti\u00f3 con el desarrollo de un modelo para la validaci\u00f3n del perfil de egreso 2010, realizado por los acad\u00e9micos Ibar Ram\u00edrez y Ra\u00fal Herrera (que se pone a disposici\u00f3n de todas las carreras de la instituci\u00f3n). Posteriormente, se dise\u00f1\u00f3 una estrategia para recabar los datos de distintas fuentes que permitiesen dar evidencia del nivel de logro por parte de los profesionales egresados de dicha carrera.<\/p>\n<p style=\"text-align: justify;\">En este contexto, los acad\u00e9micos Luis C\u00e1ceres (Jefe de Carrera) y Marco Villalobos, viajaron a la Cuidad de Santiago entre los d\u00edas martes y s\u00e1bado del presente a reunirse con un conjunto de empleadores, jefes u observadores directos de egresados de la carrera, aplic\u00e1ndoles una encuesta y una &#8220;entrevista semiestructurada&#8221;. Estas actividades se desarrollaron en la Oficina Santiago de la Instituci\u00f3n.<\/p>\n<p style=\"text-align: justify;\">Los datos recabados ser\u00e1n analizados en profundidad para, si es necesario,realizar ajustes al perfil de egreso y respectivo plan de estudios.<\/p>\n<p style=\"text-align: justify;\">Finalmente, algunas de las observaciones importantes realizadas por los entrevistados, dicen relaci\u00f3n que los profesionales egresados manifiestan una s\u00f3lida formaci\u00f3n t\u00e9cnica y disciplinaria que debe mantenerse, pero que deben reforzarse competencias gen\u00e9rica, en particular capacidades para redacci\u00f3n de informes t\u00e9cnicos, trabajo en equipo para comprender que sus actuaciones tienen impacto significativo en el resto de los miembros del proyecto, emprendimiento, gesti\u00f3n, entre otras. Como se esperaba, no se reportaron debilidades \u00e9ticas ni de responsabilidad social en los egresados.<\/p><\/p>\n","protected":false},"excerpt":{"rendered":"<p>Realizado por los acad\u00e9micos Luis C\u00e1ceres y Marco Villalobos<\/p>\n","protected":false},"author":3,"featured_media":15883,"comment_status":"open","ping_status":"open","sticky":false,"template":"","format":"standard","meta":[],"categories":[37],"tags":[],"_links":{"self":[{"href":"https:\/\/www.uta.cl\/index.php\/wp-json\/wp\/v2\/posts\/15882"}],"collection":[{"href":"https:\/\/www.uta.cl\/index.php\/wp-json\/wp\/v2\/posts"}],"about":[{"href":"https:\/\/www.uta.cl\/index.php\/wp-json\/wp\/v2\/types\/post"}],"author":[{"embeddable":true,"href":"https:\/\/www.uta.cl\/index.php\/wp-json\/wp\/v2\/users\/3"}],"replies":[{"embeddable":true,"href":"https:\/\/www.uta.cl\/index.php\/wp-json\/wp\/v2\/comments?post=15882"}],"version-history":[{"count":1,"href":"https:\/\/www.uta.cl\/index.php\/wp-json\/wp\/v2\/posts\/15882\/revisions"}],"predecessor-version":[{"id":27599,"href":"https:\/\/www.uta.cl\/index.php\/wp-json\/wp\/v2\/posts\/15882\/revisions\/27599"}],"wp:featuredmedia":[{"embeddable":true,"href":"https:\/\/www.uta.cl\/index.php\/wp-json\/wp\/v2\/media\/15883"}],"wp:attachment":[{"href":"https:\/\/www.uta.cl\/index.php\/wp-json\/wp\/v2\/media?parent=15882"}],"wp:term":[{"taxonomy":"category","embeddable":true,"href":"https:\/\/www.uta.cl\/index.php\/wp-json\/wp\/v2\/categories?post=15882"},{"taxonomy":"post_tag","embeddable":true,"href":"https:\/\/www.uta.cl\/index.php\/wp-json\/wp\/v2\/tags?post=15882"}],"curies":[{"name":"wp","href":"https:\/\/api.w.org\/{rel}","templated":true}]}}