{"id":15850,"date":"2015-05-07T18:02:30","date_gmt":"2015-05-07T18:02:30","guid":{"rendered":"https:\/\/www.uta.cl\/s\/ZKp"},"modified":"2021-01-07T13:05:53","modified_gmt":"2021-01-07T13:05:53","slug":"renovacion-curricular-en-la-carrera-de-ingenieria-civil-mecanica","status":"publish","type":"post","link":"https:\/\/www.uta.cl\/index.php\/2015\/05\/07\/renovacion-curricular-en-la-carrera-de-ingenieria-civil-mecanica\/","title":{"rendered":"Renovaci\u00f3n curricular en la carrera de Ingenier\u00eda Civil Mec\u00e1nica"},"content":{"rendered":"\n<p><p style=\"text-align: justify;\"><img loading=\"lazy\" alt=\"Imagen foto_00000002\" class=\"fotodrag\" id=\"foto_00000002\" name=\"foto_00000002\" src=\"\/web\/site\/artic\/20150507\/imag\/foto_0000000220150507180230.jpg\" style=\"float: left; margin-left: 10px; margin-right: 10px;\" width=\"350\" height=\"196\"><\/p>\n<p style=\"text-align: justify;\"><\/p>\n<p style=\"text-align: justify;\">A paso firme y constante, con un trabajo serio y de calidad que se encamina de buena manera a la elaboraci\u00f3n del nuevo perfil de egreso de la carrera y la posterior renovaci\u00f3n de su malla curricular, trabaja la carrera de Ingenier\u00eda Civil Mec\u00e1nica, trabajo que entre sus caracter\u00edsticas m\u00e1s importantes, est\u00e1 siendo dirigida a la formaci\u00f3n de un profesional que cumpla con todos los requisitos que demanda el pa\u00eds en esta materia, aspectos que tienen que ver principalmente con un profesional capaz no solo de dar soluci\u00f3n a los problemas que encuentre en su diario que hacer, sino un profesional que tenga la capacidad y los conocimientos para innovar, crear y desarrollar nuevas tecnolog\u00edas.<\/p>\n<p style=\"text-align: justify;\"><br>El jefe de carrera de Ingenier\u00eda Civil Mec\u00e1nica, Jaime Villanueva, profundiz\u00f3 en la importancia de estos cambios. \u201cEl ingeniero que nosotros queremos formar, tiene que ser un profesional que genere industria, no solo que vaya a resolver los problemas en las industrias que est\u00e1n funcionando, debe ser un ingeniero que genere conocimientos y tecnolog\u00eda, ya que por desgracia en el pa\u00eds no se est\u00e1 desarrollando tecnolog\u00eda, todas se compran en el extranjero, entonces nosotros le estamos poniendo la impronta de tener asignaturas que sean integradas con otras carreras para que estos a su vez puedan generar tecnolog\u00edas propias, de tal manera que cuando la industria minera decaiga, nosotros seamos un pa\u00eds productor de ingenier\u00eda y tecnolog\u00eda\u201d, coment\u00f3 Villanueva. El docente adem\u00e1s explic\u00f3 que \u201ceste es un proceso que se ha llevado a cabo desde el a\u00f1o 2013, donde otras comisiones han ido avanzando bastante y es por eso que luego de terminar el perfil y que sea validarlo con los actores principales y la posterior renovaci\u00f3n de la malla, el trabajo que resta se har\u00e1 m\u00e1s expedito por el avance ya existente\u201d, finaliz\u00f3.<\/p>\n<p style=\"text-align: justify;\"><br>PROCESO<br>Otra de las integrantes de este comit\u00e9 de redise\u00f1o curricular, Eliana Ponce Santa Mar\u00eda, nos entreg\u00f3 sus impresiones respecto al trabajo que est\u00e1n realizando. \u201cDebido a los cambios que han ocurrido en nuestra carrera, hemos pasado por varias comisiones. Ahora estamos en una segunda etapa del redise\u00f1o curricular volviendo a lo que es la elaboraci\u00f3n del perfil de egreso y prontos a lo que es la validaci\u00f3n de este perfil, donde nosotros esperamos recibir una retroalimentaci\u00f3n, nos interesa que tomen el perfil, lo lean y lo analicen y recibir tanto de los estudiantes, los empleadores, egresados y los mismos acad\u00e9micos cuales son los aciertos y desaciertos que se encuentran en el perfil, que est\u00e1n relacionados con este mundo de hoy que es tan cambiante\u201d, indic\u00f3 la profesional.<br>Ponce adem\u00e1s manifest\u00f3 su satisfacci\u00f3n respecto al avance que han tenido en esta materia diciendo que \u201cvamos bien en el sentido que en a\u00f1os anteriores no era tan as\u00ed  por el hecho de la misma formaci\u00f3n de una comisi\u00f3n en la que a veces no todos participan y este no es el caso, ya que aqu\u00ed est\u00e1n todos los estamentos de conforman la escuela representados\u201d.<\/p>\n<p style=\"text-align: justify;\"><br>Por su parte Ricardo Fuentes, acad\u00e9mico de la carrera e integrante de esta comisi\u00f3n, resalto la importancia de formar profesionales que apunten a largo plazo y a las necesidades que presentan nuestros alumnos. \u201cEl estudiante de ingenier\u00eda desde que ingresa ser\u00e1 ingeniero en seis o siete a\u00f1o m\u00e1s, pero su proceso fuerte de ingenier\u00eda ser\u00e1 en unos diez a\u00f1os despu\u00e9s que egreso, por eso es que tenemos que pensar de aqu\u00ed a quince o veinte a\u00f1os, tiene que ser un trabajo que apunte a largo plazo, no a lo que se requiere hoy\u201d.<\/p>\n<p style=\"text-align: justify;\">El docente sobre ese mismo tema, expres\u00f3 que \u201cla tarea que tiene la universidad y en particular la carrera es que debe proyectarse en ese tiempo, considerando la situaci\u00f3n actual, la evoluci\u00f3n que esta va teniendo, la sociedad, la ciudadan\u00eda en la valoraci\u00f3n que tiene en los trabajos de ingenier\u00eda para ir d\u00e1ndole el sello que debe tener el Ingeniero Civil Mec\u00e1nico que sale de la Universidad de Tarapac\u00e1 y que se va a desempe\u00f1ar esencialmente en el norte de Chile\u201d, enfatiz\u00f3.<\/p>\n<p style=\"text-align: justify;\"><br>Cabe destacar que la profesional del CIDD, Joselin Donoso, est\u00e1 trabajando junto a esta carrera como la asesora curricular, la cual ha sido de gran aporte seg\u00fan palabras de la comisi\u00f3n.<\/p>\n<p style=\"text-align: justify;\"><\/p>\n<p style=\"text-align: justify;\"><img loading=\"lazy\" alt=\"Imagen foto_00000001\" class=\"fotodrag\" id=\"foto_00000001\" name=\"foto_00000001\" src=\"\/web\/site\/artic\/20150507\/imag\/foto_0000000120150507180230.jpg\" width=\"349\" height=\"195\" border=\"0\"><\/p><\/p>\n","protected":false},"excerpt":{"rendered":"<p>Trabajo de esta comisi\u00f3n se traduce en importantes avances para la mejora de plan de estudios y proceso de acreditaci\u00f3n.<\/p>\n","protected":false},"author":3,"featured_media":15851,"comment_status":"open","ping_status":"open","sticky":false,"template":"","format":"standard","meta":[],"categories":[37,76],"tags":[],"_links":{"self":[{"href":"https:\/\/www.uta.cl\/index.php\/wp-json\/wp\/v2\/posts\/15850"}],"collection":[{"href":"https:\/\/www.uta.cl\/index.php\/wp-json\/wp\/v2\/posts"}],"about":[{"href":"https:\/\/www.uta.cl\/index.php\/wp-json\/wp\/v2\/types\/post"}],"author":[{"embeddable":true,"href":"https:\/\/www.uta.cl\/index.php\/wp-json\/wp\/v2\/users\/3"}],"replies":[{"embeddable":true,"href":"https:\/\/www.uta.cl\/index.php\/wp-json\/wp\/v2\/comments?post=15850"}],"version-history":[{"count":1,"href":"https:\/\/www.uta.cl\/index.php\/wp-json\/wp\/v2\/posts\/15850\/revisions"}],"predecessor-version":[{"id":27596,"href":"https:\/\/www.uta.cl\/index.php\/wp-json\/wp\/v2\/posts\/15850\/revisions\/27596"}],"wp:featuredmedia":[{"embeddable":true,"href":"https:\/\/www.uta.cl\/index.php\/wp-json\/wp\/v2\/media\/15851"}],"wp:attachment":[{"href":"https:\/\/www.uta.cl\/index.php\/wp-json\/wp\/v2\/media?parent=15850"}],"wp:term":[{"taxonomy":"category","embeddable":true,"href":"https:\/\/www.uta.cl\/index.php\/wp-json\/wp\/v2\/categories?post=15850"},{"taxonomy":"post_tag","embeddable":true,"href":"https:\/\/www.uta.cl\/index.php\/wp-json\/wp\/v2\/tags?post=15850"}],"curies":[{"name":"wp","href":"https:\/\/api.w.org\/{rel}","templated":true}]}}