{"id":15844,"date":"2015-05-08T18:53:03","date_gmt":"2015-05-08T18:53:03","guid":{"rendered":"https:\/\/www.uta.cl\/s\/2Up"},"modified":"2021-01-07T13:05:35","modified_gmt":"2021-01-07T13:05:35","slug":"inicio-actividades-academicas-de-la-carrera-de-derecho-en-iquique","status":"publish","type":"post","link":"https:\/\/www.uta.cl\/index.php\/2015\/05\/08\/inicio-actividades-academicas-de-la-carrera-de-derecho-en-iquique\/","title":{"rendered":"Inicio actividades acad\u00e9micas de la carrera de Derecho en Iquique"},"content":{"rendered":"\n<p><p style=\"text-align: justify;\"><img loading=\"lazy\" alt=\"Imagen foto_00000001\" class=\"fotodrag\" id=\"foto_00000001\" name=\"foto_00000001\" src=\"\/web\/site\/artic\/20150508\/imag\/foto_0000000120150508185303.jpg\" style=\"float: left; margin-left: 10px; margin-right: 10px;\" width=\"360\" height=\"225\">&#8220;Es m\u00e1s importante discutir sobre la Nueva Constituci\u00f3n que el procedimiento que se emplee para aprobarla&#8221; indic\u00f3 el abogado constitucionalista invitado por la carrera de Derecho para inaugurar el inicio de las actividades acad\u00e9micas en la Universidad de Tarapac\u00e1 en Iquique.<\/p>\n<p style=\"text-align: justify;\">En su exposici\u00f3n abord\u00f3 la Nueva Constituci\u00f3n y Reforma Constitucional ,frente a las autoridades acad\u00e9micas y civiles, representadas por la Contralora Regional, Sra. Mariela Fern\u00e1ndez; la Secretaria Regional Ministerial de Justicia, Sra. Lorena de Ferrari, adem\u00e1s de la presencia de estudiantes de las distintas generaciones de la carrera en Iquique.<\/p>\n<p style=\"text-align: justify;\">A los hechos de actualidad en el pa\u00eds, el abogado constitucionalista se\u00f1al\u00f3 que &#8220;lo que hoy tenemos es una crisis pol\u00edtica. Hay una crisis de legitimidad de la clase pol\u00edtica. No creo que est\u00e9n deslegitimizada las instituciones. Si no solucionamos pronto la relaci\u00f3n pol\u00edtica-dinero, entraremos en una crisis mayor&#8221;.<\/p>\n<p style=\"text-align: justify;\">El abogado se mostr\u00f3 convencido que &#8220;lo valioso de la Reforma al Sistema Binominal, es tener m\u00e1s cargos, disminuyendo la barrera para acceder a un asiento en el Parlamento. Una discusi\u00f3n distinta es el sufragio, porque arrastramos el desinter\u00e9s en pol\u00edtica al ausentismo en las urnas. Fue un error el voto voluntario. Me opuse a esa reforma y expuse las razones&#8221;.<\/p><\/p>\n","protected":false},"excerpt":{"rendered":"<p>Francisco Z\u00fa\u00f1iga, reconocido abogado constitucionalista dicta charla<\/p>\n","protected":false},"author":3,"featured_media":15845,"comment_status":"open","ping_status":"open","sticky":false,"template":"","format":"standard","meta":[],"categories":[49,34,42],"tags":[],"_links":{"self":[{"href":"https:\/\/www.uta.cl\/index.php\/wp-json\/wp\/v2\/posts\/15844"}],"collection":[{"href":"https:\/\/www.uta.cl\/index.php\/wp-json\/wp\/v2\/posts"}],"about":[{"href":"https:\/\/www.uta.cl\/index.php\/wp-json\/wp\/v2\/types\/post"}],"author":[{"embeddable":true,"href":"https:\/\/www.uta.cl\/index.php\/wp-json\/wp\/v2\/users\/3"}],"replies":[{"embeddable":true,"href":"https:\/\/www.uta.cl\/index.php\/wp-json\/wp\/v2\/comments?post=15844"}],"version-history":[{"count":1,"href":"https:\/\/www.uta.cl\/index.php\/wp-json\/wp\/v2\/posts\/15844\/revisions"}],"predecessor-version":[{"id":27595,"href":"https:\/\/www.uta.cl\/index.php\/wp-json\/wp\/v2\/posts\/15844\/revisions\/27595"}],"wp:featuredmedia":[{"embeddable":true,"href":"https:\/\/www.uta.cl\/index.php\/wp-json\/wp\/v2\/media\/15845"}],"wp:attachment":[{"href":"https:\/\/www.uta.cl\/index.php\/wp-json\/wp\/v2\/media?parent=15844"}],"wp:term":[{"taxonomy":"category","embeddable":true,"href":"https:\/\/www.uta.cl\/index.php\/wp-json\/wp\/v2\/categories?post=15844"},{"taxonomy":"post_tag","embeddable":true,"href":"https:\/\/www.uta.cl\/index.php\/wp-json\/wp\/v2\/tags?post=15844"}],"curies":[{"name":"wp","href":"https:\/\/api.w.org\/{rel}","templated":true}]}}