{"id":15738,"date":"2015-06-02T17:04:08","date_gmt":"2015-06-02T17:04:08","guid":{"rendered":"https:\/\/www.uta.cl\/s\/SAq"},"modified":"2021-01-07T13:20:25","modified_gmt":"2021-01-07T13:20:25","slug":"estudiantes-de-pedagogia-basica-de-la-uta-realizan-taller-en-escuela-d-10","status":"publish","type":"post","link":"https:\/\/www.uta.cl\/index.php\/2015\/06\/02\/estudiantes-de-pedagogia-basica-de-la-uta-realizan-taller-en-escuela-d-10\/","title":{"rendered":"Estudiantes de Pedagog\u00eda B\u00e1sica de la UTA realizan taller en Escuela D-10"},"content":{"rendered":"\n<p><p style=\"text-align: justify;\"><img loading=\"lazy\" alt=\"Imagen foto_00000001\" class=\"fotodrag\" id=\"foto_00000001\" name=\"foto_00000001\" src=\"\/web\/site\/artic\/20150602\/imag\/foto_0000000120150602170408.jpg\" style=\"float: left; margin-left: 10px; margin-right: 10px;\" width=\"342\" height=\"192\"><\/p>\n<p style=\"text-align: justify;\">Este taller forma parte de la c\u00e1tedra Aprendizaje Profundo y Docencia de Calidad, de la carrera de Pedagog\u00eda en Educaci\u00f3n B\u00e1sica a cargo de la profesora Mabel Varas y fue impartido por alumnos que cursan el tercer semestre de la carrera. Esta actividad se realiza por segundo a\u00f1o y en esta oportunidad se realiza en la Escuela D-10 de nuestra ciudad. El objetivo del taller es generar di\u00e1logos para compartir los beneficios de dos h\u00e1bitos mentales: Persistencia y Manejo del Impulso.<\/p>\n<p style=\"text-align: justify;\"><\/p>\n<p style=\"text-align: justify;\">Este trabajo est\u00e1 basado en las investigaciones realizadas por Arthur L. Costa y Bena Kallick cuyos resultados han sido publicados en el libro \u201cLearning and Leading whit Habits on Mind\u201d (2009), entre otros.<\/p>\n<p style=\"text-align: justify;\"><br>TALLER<br>Mabel Varas, coment\u00f3 respecto a este taller. \u201cEntendiendo que la Formaci\u00f3n Inicial de Profesores, tiene que ser de car\u00e1cter pr\u00e1ctica, es que dentro de esta asignatura realizamos esta actividad de vinculaci\u00f3n con el medio escolar\u201d. La acad\u00e9mica adem\u00e1s se refiri\u00f3 a los alcances del taller de nominado \u201cH\u00e1bitos mentales\u201d. \u201cSe basa en la importancia que los ni\u00f1os desde muy peque\u00f1os desarrollen los h\u00e1bitos de la mente y el c\u00f3mo poder instalarlos en las escuelas\u201d, explic\u00f3 la profesional de la UTA, agregando que \u201ceste manual que hemos entregado hoy se circunscribe a dos h\u00e1bitos mentales: \u201cPersistencia y el Manejo del Impulso\u201d.<\/p>\n<p style=\"text-align: justify;\"><br>Varas tambi\u00e9n destac\u00f3 el desempe\u00f1o de sus alumnos, calificando de excelente su participaci\u00f3n. \u201cEstuve monitoreando cada grupo y los veo con tanta propiedad dado que no han tenido experiencia ense\u00f1ando a ni\u00f1os antes. Siendo esta su primera vez, los veo muy empoderados en su rol de profesor\u201d, se\u00f1alo. Finalmente se refiri\u00f3 a quienes son el fin \u00faltimo de estas actividades, los ni\u00f1os. \u201cEllos est\u00e1n felices, porque adem\u00e1s de llevar un manual que se va de regalo para su casa, los futuros colegas han tra\u00eddo peque\u00f1os presentes para los ni\u00f1os que han atendido esta ma\u00f1ana\u201d, destacando adem\u00e1s lo que espera dejar como ense\u00f1anza no solo para sus alumnos, los cuales van formando sus primeras armas en el arte de ense\u00f1ar, sino que \u201ctambi\u00e9n instalar en los ni\u00f1os est\u00e1s peque\u00f1as semillas de la importancia de persistir hasta el final sin importar cu\u00e1nto les cueste y la importancia de manejar sus impulsos, tomando en cuenta que estos son entornos vulnerables y que muchos de estos ni\u00f1os han sufrido violencia intrafamiliar entre quiz\u00e1s otro tipo de abuso\u201d<\/p>\n<p style=\"text-align: justify;\"><br>Para Carmen Jorquera alumna de segundo a\u00f1o de la carrera, este tipo de actividades son fundamentales en su formaci\u00f3n. \u201cLos desarrollos mentales, no es como una asignatura en las escuelas y debe ser impartida si o si, porque es parte del desarrollo personal para su futuro y siento que es muy necesario, dada la violencia existente hoy\u201d, se\u00f1al\u00f3 Jorquera.<\/p>\n<p style=\"text-align: justify;\"><br>Por su parte Constanza Rojas, alumna de 6\u00b0 b\u00e1sico de la escuela D-10, nos dio sus impresiones respecto al taller. \u201cEsto es muy bonito, nos ense\u00f1a a no ser malas personas ni agresivos y tener m\u00e1s modales con las dem\u00e1s personas\u201d.<\/p><\/p>\n","protected":false},"excerpt":{"rendered":"<p>Curso fue dirigido a alumnos de 6\u00b0 a\u00f1o b\u00e1sico de dicho establecimiento y cont\u00f3 con la supervisi\u00f3n de la profesora Mabel Varas del Departamento de Educaci\u00f3n de la Universidad de Tarapac\u00e1<\/p>\n","protected":false},"author":3,"featured_media":15739,"comment_status":"open","ping_status":"open","sticky":false,"template":"","format":"standard","meta":[],"categories":[50,32],"tags":[],"_links":{"self":[{"href":"https:\/\/www.uta.cl\/index.php\/wp-json\/wp\/v2\/posts\/15738"}],"collection":[{"href":"https:\/\/www.uta.cl\/index.php\/wp-json\/wp\/v2\/posts"}],"about":[{"href":"https:\/\/www.uta.cl\/index.php\/wp-json\/wp\/v2\/types\/post"}],"author":[{"embeddable":true,"href":"https:\/\/www.uta.cl\/index.php\/wp-json\/wp\/v2\/users\/3"}],"replies":[{"embeddable":true,"href":"https:\/\/www.uta.cl\/index.php\/wp-json\/wp\/v2\/comments?post=15738"}],"version-history":[{"count":1,"href":"https:\/\/www.uta.cl\/index.php\/wp-json\/wp\/v2\/posts\/15738\/revisions"}],"predecessor-version":[{"id":27616,"href":"https:\/\/www.uta.cl\/index.php\/wp-json\/wp\/v2\/posts\/15738\/revisions\/27616"}],"wp:featuredmedia":[{"embeddable":true,"href":"https:\/\/www.uta.cl\/index.php\/wp-json\/wp\/v2\/media\/15739"}],"wp:attachment":[{"href":"https:\/\/www.uta.cl\/index.php\/wp-json\/wp\/v2\/media?parent=15738"}],"wp:term":[{"taxonomy":"category","embeddable":true,"href":"https:\/\/www.uta.cl\/index.php\/wp-json\/wp\/v2\/categories?post=15738"},{"taxonomy":"post_tag","embeddable":true,"href":"https:\/\/www.uta.cl\/index.php\/wp-json\/wp\/v2\/tags?post=15738"}],"curies":[{"name":"wp","href":"https:\/\/api.w.org\/{rel}","templated":true}]}}