{"id":15658,"date":"2015-06-16T18:36:54","date_gmt":"2015-06-16T18:36:54","guid":{"rendered":"https:\/\/www.uta.cl\/s\/vrr"},"modified":"2015-06-16T18:36:54","modified_gmt":"2015-06-16T18:36:54","slug":"maiz-lluteno-recibira-el-sello-de-origen","status":"publish","type":"post","link":"https:\/\/www.uta.cl\/index.php\/2015\/06\/16\/maiz-lluteno-recibira-el-sello-de-origen\/","title":{"rendered":"Ma\u00edz Llute\u00f1o recibir\u00e1 el \u201cSello de Origen\u201d"},"content":{"rendered":"\n<p style=\"text-align: justify;\">Para promocionar, proyectar y proteger comercialmente el Ma\u00edz Llute\u00f1o, el pr\u00f3ximo lunes 22 de junio el Instituto Nacional de Propiedad Industrial, INAPI, entregar\u00e1 a este producto exclusivo del valle de Lluta, la distinci\u00f3n de &#8220;Indicaci\u00f3n Geogr\u00e1fica&#8221; (I.G.), con lo cual se transforma en el producto n\u00famero 15 con &#8220;Sello de Origen&#8221; y en la primera I.G. de la Regi\u00f3n de Arica y Parinacota. <\/p>\n<table border=\"0\" cellpadding=\"10\" cellspacing=\"10\" style=\"font-style: normal; font-size: 12px; font-family: Arial, Helvetica, sans-serif; width: 297px; height: 100px;\">\n<tbody style=\"font-size: 12px;\">\n<tr style=\"font-size: 12px;\">\n<td style=\"font-size: 12px;\"><img loading=\"lazy\" alt=\"Imagen foto_00000001\" class=\"fotodrag\" height=\"270\" id=\"foto_00000001\" name=\"foto_00000001\" src=\"\/web\/site\/artic\/20150616\/imag\/foto_0000000120150616183654.jpg\" style=\"width: 360px;\" width=\"360\" \/><\/td>\n<td style=\"font-size: 12px;\"><img alt=\"Imagen foto_00000002\" class=\"fotodrag\" id=\"foto_00000002\" name=\"foto_00000002\" src=\"\/web\/site\/artic\/20150616\/imag\/foto_0000000220150616183654.jpg\" style=\"width: 360px;\" width=\"360\" \/><\/td>\n<\/tr>\n<\/tbody>\n<\/table>\n<p style=\"text-align: justify;\"><\/p>\n<p style=\"text-align: justify;\">El acto se efectuar\u00e1 a las 16:00 horas en la explanada de Poconchile, hasta donde asistir\u00e1n autoridades nacionales y regionales, adem\u00e1s de invitados especiales.<\/p>\n<p style=\"text-align: justify;\">El proceso comenz\u00f3 el 2009 con la postulaci\u00f3n y adjudicaci\u00f3n de la propuesta denominada &#8220;Revalorizaci\u00f3n, protecci\u00f3n y mejoramiento productivo del ma\u00edz llute\u00f1o, un cultivo originario de la provincia de Arica, altamente tolerante a la salinidad y al exceso de boro&#8221;.<\/p>\n<p style=\"text-align: justify;\">Se trata de un proyecto financiado por Corfo, mediante su l\u00ednea nacional denominada &#8220;Bienes p\u00fablicos para la competitividad regional&#8221;, el que fue ejecutado por la Universidad de Tarapac\u00e1, a trav\u00e9s de la Facultad de Ciencias Agron\u00f3micas, con un equipo de profesionales multidisciplinario liderado por la Dra. Elizabeth Bast\u00edas.<\/p>\n<p style=\"text-align: justify;\">En enero de 2014, el alcalde de Arica, Salvador Urrutia, present\u00f3 ante el INAPI la solicitud para el reconocimiento del Ma\u00edz Llute\u00f1o como Indicaci\u00f3n Geogr\u00e1fica (I.G.).<\/p>\n<p style=\"text-align: justify;\">MA\u00cdZ CON HISTORIA<\/p>\n<p style=\"text-align: justify;\">El &#8220;Ma\u00edz Llute\u00f1o&#8221; es un cereal con historia, cuya reputaci\u00f3n fue informada favorablemente por el Ministerio de Agricultura, permitiendo vincular las referidas caracter\u00edsticas del producto a su zona de elaboraci\u00f3n y diferenciarlo de otros ma\u00edces producidos en Chile, haci\u00e9ndolo \u00fanico debido a los mecanismos de adaptaci\u00f3n fisiol\u00f3gica que le permiten producir o sintetizar sustancias biol\u00f3gicas importantes y en altos niveles derivado de que se cultiva en una de la zonas clim\u00e1ticas de mayor aridez del planeta, por lo que son capaces de tolerar el exceso de boro o salinidad.<\/p>\n<p style=\"text-align: justify;\">La zona geogr\u00e1fica de producci\u00f3n de este ma\u00edz se encuentra delimitada por el Valle de Lluta, perteneciente a Arica, ubicado en el extremo septentrional de la regi\u00f3n de Arica y Parinacota, cuya extensi\u00f3n es de alrededor de 73 kil\u00f3metros cuadrados, desde la proximidades de Chironta hasta el humedal que se forma a orillas del mar al norte de Arica.<\/p>\n<p style=\"text-align: justify;\">Maximiliano Santa Cruz, director de INAPI, se\u00f1al\u00f3 que esperan que el otorgamiento del &#8220;Sello de Origen&#8221; contribuya al rescate de la cultura local. &#8220;Facilite el reconocimiento e incremente la demanda por este producto e incentive el establecimiento de nuevas rutas tur\u00edsticas en Arica y Parinacota&#8221;.<\/p>\n<p style=\"text-align: justify;\">Mientras que Osvaldo Abdala, director regional de Corfo, resalt\u00f3 que &#8220;este registro beneficiar\u00e1 a todos los productores del Valle de Lluta, que cumplan con los est\u00e1ndares contenidos en el Reglamento de Uso y Control, de forma de garantizar que el ma\u00edz se ajuste a la descripci\u00f3n y caracter\u00edsticas reconocidas en Chile&#8221;.<\/p>\n<p style=\"text-align: justify;\">M\u00e1s informaci\u00f3n sobre el programa &#8220;Sello de Origen&#8221; en www.sellodeorigen.cl<\/p>\n","protected":false},"excerpt":{"rendered":"<p>Proyecto ejecutado por la Universidad de Tarapac\u00e1 y financiado por Corfo permitir\u00e1 que el producto originario de Arica sea reconocido como \u201cIndicaci\u00f3n geogr\u00e1fica\u201d, permitiendo protegerlo comercialmente.<\/p>\n","protected":false},"author":3,"featured_media":15659,"comment_status":"open","ping_status":"open","sticky":false,"template":"","format":"standard","meta":[],"categories":[],"tags":[],"_links":{"self":[{"href":"https:\/\/www.uta.cl\/index.php\/wp-json\/wp\/v2\/posts\/15658"}],"collection":[{"href":"https:\/\/www.uta.cl\/index.php\/wp-json\/wp\/v2\/posts"}],"about":[{"href":"https:\/\/www.uta.cl\/index.php\/wp-json\/wp\/v2\/types\/post"}],"author":[{"embeddable":true,"href":"https:\/\/www.uta.cl\/index.php\/wp-json\/wp\/v2\/users\/3"}],"replies":[{"embeddable":true,"href":"https:\/\/www.uta.cl\/index.php\/wp-json\/wp\/v2\/comments?post=15658"}],"version-history":[{"count":0,"href":"https:\/\/www.uta.cl\/index.php\/wp-json\/wp\/v2\/posts\/15658\/revisions"}],"wp:featuredmedia":[{"embeddable":true,"href":"https:\/\/www.uta.cl\/index.php\/wp-json\/wp\/v2\/media\/15659"}],"wp:attachment":[{"href":"https:\/\/www.uta.cl\/index.php\/wp-json\/wp\/v2\/media?parent=15658"}],"wp:term":[{"taxonomy":"category","embeddable":true,"href":"https:\/\/www.uta.cl\/index.php\/wp-json\/wp\/v2\/categories?post=15658"},{"taxonomy":"post_tag","embeddable":true,"href":"https:\/\/www.uta.cl\/index.php\/wp-json\/wp\/v2\/tags?post=15658"}],"curies":[{"name":"wp","href":"https:\/\/api.w.org\/{rel}","templated":true}]}}