{"id":15114,"date":"2015-10-05T18:07:02","date_gmt":"2015-10-05T18:07:02","guid":{"rendered":"https:\/\/www.uta.cl\/s\/Jzv"},"modified":"2021-01-14T12:31:40","modified_gmt":"2021-01-14T12:31:40","slug":"alumnas-de-educacion-parvularia-seleccionadas-en-concurso-tic-para","status":"publish","type":"post","link":"https:\/\/www.uta.cl\/index.php\/2015\/10\/05\/alumnas-de-educacion-parvularia-seleccionadas-en-concurso-tic-para\/","title":{"rendered":"Alumnas de Educaci\u00f3n Parvularia seleccionadas en concurso TIC para estudiantes de Pedagog\u00eda"},"content":{"rendered":"\n<p><table style=\"width: 137px; height: 134px;\" cellspacing=\"10\" cellpadding=\"10\" border=\"0\" align=\"right\">\n<tbody>\n<tr>\n<td><img alt=\"Imagen foto_00000001\" class=\"fotodrag\" id=\"foto_00000001\" name=\"foto_00000001\" src=\"\/web\/site\/artic\/20151005\/imag\/foto_0000000120151005180702.jpg\" style=\"width: 400px;\" width=\"400\"><\/td>\n<\/tr>\n<\/tbody>\n<\/table>\n<p style=\"text-align: justify;\">En el contexto del Primer Concurso de Uso de TIC para estudiantes de Pedagog\u00eda y que se realizar\u00e1 los d\u00edas 15 y 16 de este mes en la sede Chinquihue del campus Puerto Montt de la Universidad de Los Lagos, fue seleccionada la experiencia de las estudiantes de Educaci\u00f3n Parvularia de la Universidad de Tarapac\u00e1, Alejandra Vargas, Rossy Allendes y Berta Cubillos.<\/p>\n<p style=\"text-align: justify;\">Dicho trabajo ser\u00e1 expuesto en Puerto Montt frente a estudiantes de diversas universidades del pa\u00eds, lo que es motivo de profunda satisfacci\u00f3n en la carrera de la UTA, como tambi\u00e9n da cuenta de los esfuerzos que se han desplegado para optimizar la calidad de la formaci\u00f3n de las futuras educadoras y por lo mismo conf\u00edan que tendr\u00e1n un buen desempe\u00f1o en este concurso.<\/p>\n<table style=\"width: 119px; height: 94px;\" cellspacing=\"10\" cellpadding=\"10\" border=\"0\" align=\"right\">\n<tbody>\n<tr>\n<td><img alt=\"Imagen foto_00000002\" class=\"fotodrag\" id=\"foto_00000002\" name=\"foto_00000002\" src=\"\/web\/site\/artic\/20151005\/imag\/foto_0000000220151005180702.jpg\" style=\"width: 360px;\" width=\"360\"><\/td>\n<\/tr>\n<\/tbody>\n<\/table>\n<p style=\"text-align: justify;\">El recurso audiovisual fue dise\u00f1ado y elaborado por las estudiantes de la carrera de Educaci\u00f3n Parvularia, en el marco de la asignatura de TIC aplicadas al Aprendizaje impartida por la Dra. Patricia Castillo. Para ello se trabaj\u00f3 con las Bases Curriculares, cuentos andinos y recursos tecnol\u00f3gicos, a fin de obtener un objeto de aprendizaje que tendiera al logro del aprendizaje esperado en ni\u00f1os y ni\u00f1as de segundo nivel de transici\u00f3n. De esta forma se logr\u00f3 vincular aspectos pedag\u00f3gicos, pertinencia cultural y tecnolog\u00eda, contribuyendo as\u00ed a la formaci\u00f3n de las futuras educadoras de p\u00e1rvulos con identidad regional.<\/p>\n<p style=\"text-align: justify;\">Este concurso se realizar\u00e1 en el contexto de la Jornada de Experiencias Pedag\u00f3gicas en la Formaci\u00f3n Inicial Docente con TIC, que convocar\u00e1 a m\u00e1s de 200 estudiantes de pedagog\u00eda de universidades chilenas p\u00fablicas y privadas, en torno al uso de herramientas TIC.<\/p><\/p>\n","protected":false},"excerpt":{"rendered":"<p>Este concurso se realizar\u00e1 el Puerto Montt en el contexto de la Jornada de Experiencias Pedag\u00f3gicas en la Formaci\u00f3n Inicial Docente con TIC<\/p>\n","protected":false},"author":3,"featured_media":15115,"comment_status":"open","ping_status":"open","sticky":false,"template":"","format":"standard","meta":[],"categories":[94,32],"tags":[],"_links":{"self":[{"href":"https:\/\/www.uta.cl\/index.php\/wp-json\/wp\/v2\/posts\/15114"}],"collection":[{"href":"https:\/\/www.uta.cl\/index.php\/wp-json\/wp\/v2\/posts"}],"about":[{"href":"https:\/\/www.uta.cl\/index.php\/wp-json\/wp\/v2\/types\/post"}],"author":[{"embeddable":true,"href":"https:\/\/www.uta.cl\/index.php\/wp-json\/wp\/v2\/users\/3"}],"replies":[{"embeddable":true,"href":"https:\/\/www.uta.cl\/index.php\/wp-json\/wp\/v2\/comments?post=15114"}],"version-history":[{"count":1,"href":"https:\/\/www.uta.cl\/index.php\/wp-json\/wp\/v2\/posts\/15114\/revisions"}],"predecessor-version":[{"id":27815,"href":"https:\/\/www.uta.cl\/index.php\/wp-json\/wp\/v2\/posts\/15114\/revisions\/27815"}],"wp:featuredmedia":[{"embeddable":true,"href":"https:\/\/www.uta.cl\/index.php\/wp-json\/wp\/v2\/media\/15115"}],"wp:attachment":[{"href":"https:\/\/www.uta.cl\/index.php\/wp-json\/wp\/v2\/media?parent=15114"}],"wp:term":[{"taxonomy":"category","embeddable":true,"href":"https:\/\/www.uta.cl\/index.php\/wp-json\/wp\/v2\/categories?post=15114"},{"taxonomy":"post_tag","embeddable":true,"href":"https:\/\/www.uta.cl\/index.php\/wp-json\/wp\/v2\/tags?post=15114"}],"curies":[{"name":"wp","href":"https:\/\/api.w.org\/{rel}","templated":true}]}}