{"id":14918,"date":"2015-11-10T13:12:25","date_gmt":"2015-11-10T13:12:25","guid":{"rendered":"https:\/\/www.uta.cl\/s\/h_x"},"modified":"2021-04-22T15:06:44","modified_gmt":"2021-04-22T15:06:44","slug":"alumno-de-la-uta-obtiene-segundo-lugar-a-nivel-nacional-en-concurso","status":"publish","type":"post","link":"https:\/\/www.uta.cl\/index.php\/2015\/11\/10\/alumno-de-la-uta-obtiene-segundo-lugar-a-nivel-nacional-en-concurso\/","title":{"rendered":"Alumno de la UTA obtiene segundo lugar a nivel Nacional en concurso universitario"},"content":{"rendered":"\n<p><p style=\"text-align: justify;\"><img loading=\"lazy\" alt=\"Imagen foto_00000001\" class=\"fotodrag\" id=\"foto_00000001\" name=\"foto_00000001\" src=\"\/web\/site\/artic\/20151110\/imag\/foto_0000000120151110131225.jpg\" style=\"float: left; margin-left: 10px; margin-right: 10px;\" width=\"351\" height=\"263\"><\/p>\n<p style=\"text-align: justify;\">Un importante segundo lugar a nivel nacional, obtuvo el alumno de la carrera de Historia y Geograf\u00eda Felipe Casanova Rojas, en el concurso de Historia Militar.<\/p>\n<p style=\"text-align: justify;\"><\/p>\n<p style=\"text-align: justify;\">Este torneo, organizado por la Academia Historia Militar para estudiantes universitarios en su versi\u00f3n 2014 \u2013 2015, cont\u00f3 con la participaci\u00f3n de nueve trabajos de distintas universidades del pa\u00eds, siendo el segundo mejor art\u00edculo, el presentado por el estudiante de la UTA, con su trabajo \u201cLa guerra desde abajo y desde adentro: Algunos aspectos de las experiencias de los soldados chilenos durante la batalla de Tacna. 25 al 28 de mayo de 1880\u201d.<\/p>\n<p style=\"text-align: justify;\"><br>Tras los resultados, Felipe Casanova nos cont\u00f3 que al ver el afiche que promocionaba el concurso de la historia militar de Chile en el siglo XIX, \u00e1rea en la que \u00e9l investiga, le llam\u00f3 la atenci\u00f3n y decidi\u00f3 participar. Present\u00f3 su anteproyecto aprovechando la tem\u00e1tica, desarroll\u00f3 su investigaci\u00f3n en un seminario organizado por la carrera, bajo la exigente gu\u00eda del historiador Dr. Alberto D\u00edaz Araya, acad\u00e9mico del Depto. Cs. Hist\u00f3ricas.<\/p>\n<p style=\"text-align: justify;\"><br>Fue un arduo y meticuloso trabajo. Meses de investigaci\u00f3n en archivos, revisi\u00f3n de documentaci\u00f3n in\u00e9dita sobre las batallas, entrevistas, viajes a Santiago para pesquisar fuentes y todo lo necesario para lograr un resultado de alta calidad historiogr\u00e1fica. Al cabo de un tiempo, v\u00eda email, recibi\u00f3 la noticia del resultado del concurso, siendo citado a la Asamblea General de la Academia Militar, ceremonia en la cual adem\u00e1s de tener la certificaci\u00f3n, recibir\u00e1 un mill\u00f3n de pesos como premio.<\/p>\n<p style=\"text-align: justify;\"><br>\u201cMe siento satisfecho del resultado; la meta era el primer lugar, el segundo habla del buen nivel del trabajo realizado y de nuestra formaci\u00f3n. SI bien yo tengo el premio, mi investigaci\u00f3n es el resultado de una red de apoyo y trabajo que hacemos todos los estudiantes y profesores que tenemos una meta en com\u00fan: hacer Historia y Geograf\u00eda desde la frontera\u201d, destac\u00f3.<\/p>\n<p style=\"text-align: justify;\"><br>Consultado acerca de la red de apoyo de la que hablaba, aprovech\u00f3 la oportunidad para agradecer a cada una de las personas que hicieron este logro posible. \u201cSin duda a mi familia que me apoy\u00f3 en todo y me brind\u00f3 todas las facilidades para dedicarme al desarrollo de mi trabajo, al Dr.  Alberto D\u00edaz, por haber aceptado y guiado esta investigaci\u00f3n, al profesor Rodrigo Ruz, Director de Biblioteca  por haber colaborado con toda la documentaci\u00f3n de archivo, a Daniel Castillo que estuvo conmigo siempre en la b\u00fasqueda de archivos , a  Mart\u00edn Paredes, un amigo peruano, que me llev\u00f3 a terreno en el Campo de Batalla de Tacna, lugar que yo analic\u00e9, a mis amigos Mauricio Pelayo, Enrique C\u00e1ceres, Javier Manr\u00edquez, Oscar Alfaro, en fin, a mis compa\u00f1eros de la UTA, a quienes me alojaron en Santiago, a todos, no quiero que se me olvide nadie (\u2026)\u201d, finaliz\u00f3.<br><br><br><\/p>\n<p style=\"text-align: justify;\"><img loading=\"lazy\" alt=\"Imagen foto_00000002\" class=\"fotodrag\" id=\"foto_00000002\" name=\"foto_00000002\" src=\"\/web\/site\/artic\/20151110\/imag\/foto_0000000220151110131225.jpg\" style=\"float: left; margin-left: 10px; margin-right: 10px;\" width=\"353\" height=\"269\"><\/p>\n<p style=\"text-align: justify;\">OTROS LUGARES<br>Cabe destacar que el tercer lugar qued\u00f3 desierto y que el cuarto lugar y menci\u00f3n honrosa para el trabajo \u201cDe Pu\u00f1o y letra: estudio grafol\u00f3gico para un grupo de oficiales chilenos de la Guerra del Pac\u00edfico. 1879 \u2013 1884\u201d, de Robinson Reyes Letelier, alumno de la carrera de Pedagog\u00eda en Historia, Geograf\u00eda y Ciencias Sociales de la Universidad Aut\u00f3noma de Chile.<\/p>\n<p style=\"text-align: justify;\"><br>As\u00ed mismo, el cuarto lugar (compartido con el anterior) y menci\u00f3n honrosa para el trabajo \u201cMujeres en tiempos de guerra: El rol y la participaci\u00f3n femenina en la Guerra del Pac\u00edfico\u201d, de Aylen Cuevas Contreras y Mar\u00eda Bel\u00e9n Inostroza Urrutia, alumnas de la carrera de Pedagog\u00eda en Historia, Geograf\u00eda y Ciencias Sociales de la Pontificia Universidad Cat\u00f3lica de Valpara\u00edso.<\/p>\n<p style=\"text-align: justify;\"><br>La comisi\u00f3n evaluadora destac\u00f3  la calidad de los trabajos recibidos y del inter\u00e9s que pudieron en su elaboraci\u00f3n todos los participantes.<\/p><\/p>\n","protected":false},"excerpt":{"rendered":"<p>Con su art\u00edculo sobre la Guerra del Pac\u00edfico, Felipe Casanova dej\u00f3 en alto en nombre del Departamento de Ciencias Hist\u00f3ricas y Geogr\u00e1ficas de la Facultad de Educaci\u00f3n y Humanidades, siendo el \u00fanico representante de universidades de zonas extremas.<\/p>\n","protected":false},"author":3,"featured_media":14919,"comment_status":"open","ping_status":"open","sticky":false,"template":"","format":"standard","meta":[],"categories":[32,100],"tags":[],"_links":{"self":[{"href":"https:\/\/www.uta.cl\/index.php\/wp-json\/wp\/v2\/posts\/14918"}],"collection":[{"href":"https:\/\/www.uta.cl\/index.php\/wp-json\/wp\/v2\/posts"}],"about":[{"href":"https:\/\/www.uta.cl\/index.php\/wp-json\/wp\/v2\/types\/post"}],"author":[{"embeddable":true,"href":"https:\/\/www.uta.cl\/index.php\/wp-json\/wp\/v2\/users\/3"}],"replies":[{"embeddable":true,"href":"https:\/\/www.uta.cl\/index.php\/wp-json\/wp\/v2\/comments?post=14918"}],"version-history":[{"count":1,"href":"https:\/\/www.uta.cl\/index.php\/wp-json\/wp\/v2\/posts\/14918\/revisions"}],"predecessor-version":[{"id":29465,"href":"https:\/\/www.uta.cl\/index.php\/wp-json\/wp\/v2\/posts\/14918\/revisions\/29465"}],"wp:featuredmedia":[{"embeddable":true,"href":"https:\/\/www.uta.cl\/index.php\/wp-json\/wp\/v2\/media\/14919"}],"wp:attachment":[{"href":"https:\/\/www.uta.cl\/index.php\/wp-json\/wp\/v2\/media?parent=14918"}],"wp:term":[{"taxonomy":"category","embeddable":true,"href":"https:\/\/www.uta.cl\/index.php\/wp-json\/wp\/v2\/categories?post=14918"},{"taxonomy":"post_tag","embeddable":true,"href":"https:\/\/www.uta.cl\/index.php\/wp-json\/wp\/v2\/tags?post=14918"}],"curies":[{"name":"wp","href":"https:\/\/api.w.org\/{rel}","templated":true}]}}