{"id":14890,"date":"2015-11-12T23:03:00","date_gmt":"2015-11-12T23:03:00","guid":{"rendered":"https:\/\/www.uta.cl\/s\/vTx"},"modified":"2021-04-19T18:13:03","modified_gmt":"2021-04-19T18:13:03","slug":"estudiantes-de-ensenanza-media-participaron-en-charlas-con-jefes-de","status":"publish","type":"post","link":"https:\/\/www.uta.cl\/index.php\/2015\/11\/12\/estudiantes-de-ensenanza-media-participaron-en-charlas-con-jefes-de\/","title":{"rendered":"Estudiantes de Ense\u00f1anza Media participaron en charlas con Jefes de Carrera de la UTA"},"content":{"rendered":"\n<p><p style=\"text-align: justify;\">Alumnos y alumnas del Programa Capacidades Cognitivas de Lenguaje y Matem\u00e1ticas (CCLM) del Convenio de Desempe\u00f1o Formaci\u00f3n Inicial de Profesores (CD FIP UTA1309), asistieron a una charla informativa en la Facultad de Educaci\u00f3n, donde pudieron aclarar sus dudas respecto a la malla curricular de la carrera de Pedagog\u00eda en Castellano, en cuanto a los temas que comprenden los ramos y c\u00f3mo funciona el sistema de c\u00e1tedras y talleres.<\/p>\n<table cellspacing=\"10\" cellpadding=\"10\" border=\"0\">\n<tbody>\n<tr>\n<td><img loading=\"lazy\" alt=\"Imagen foto_00000001\" class=\"fotodrag\" id=\"foto_00000001\" name=\"foto_00000001\" src=\"\/web\/site\/artic\/20151112\/imag\/foto_0000000120151112230300.jpg\" width=\"360\" height=\"238\" border=\"0\"><\/td>\n<td><img loading=\"lazy\" alt=\"Imagen foto_00000003\" class=\"fotodrag\" id=\"foto_00000003\" name=\"foto_00000003\" src=\"\/web\/site\/artic\/20151112\/imag\/foto_0000000320151112230300.jpg\" width=\"360\" height=\"238\" border=\"0\"><\/td>\n<\/tr>\n<\/tbody>\n<\/table>\n<p style=\"text-align: justify;\">La Jefa de Carrera de Pedagog\u00eda en Castellano y Comunicaci\u00f3n y Licenciatura en Lenguaje y Comunicaci\u00f3n, Ana Mar\u00eda Soza, se\u00f1al\u00f3 que la idea de esta instancia fue que los estudiantes interesados en esta Pedagog\u00eda pudiesen interactuar de manera directa con las que ser\u00e1n sus aulas y profesores en la Universidad. &#8220;El prop\u00f3sito es darles a conocer a ellos caracter\u00edsticas de esta carrera, con el fin de que tengan m\u00e1s claridad en la elecci\u00f3n que est\u00e1n haciendo; y la idea es presentarles, a partir de sus dudas, de qu\u00e9 se trata la formaci\u00f3n de profesores de castellano&#8221;.<\/p>\n<p style=\"text-align: justify;\">Por su parte, el alumno de 4\u00b0 Medio C del liceo Octavio Palma P\u00e9rez, Pablo Viza, manifest\u00f3 que &#8220;Esta charla me pareci\u00f3 muy interesante y muy enriquecedora, porque el pr\u00f3ximo a\u00f1o quiero estudiar Pedagog\u00eda en Castellano. Desde que estoy en Ense\u00f1anza Media he visto todo desde la perspectiva de profesor y ahora mi sobrina es mi inspiraci\u00f3n, quiero cambiar el mundo para ella desde la sala de clases&#8221;.<\/p>\n<p style=\"text-align: justify;\">Esta misma actividad, la realizaron los estudiantes interesados en estudiar Pedagog\u00eda en Biolog\u00eda y Pedagog\u00eda en Matem\u00e1tica durante el mes de octubre.<\/p>\n<p style=\"text-align: justify;\">Asimismo, estudiantes de 2\u00b0 y 3\u00b0 de Ense\u00f1anza Media asistieron a talleres de Ciencias impartidos en el marco del CD FIP, adquiriendo la experiencia de trabajar en un laboratorio, de la misma manera que lo hacen los alumnos y alumnas que estudian Pedagog\u00eda en Biolog\u00eda, pudiendo interactuar con los materiales, procedimientos y profesora, de la misma manera que lo hacen los estudiantes universitarios.<\/p>\n<p style=\"text-align: justify;\">La profesora de Biolog\u00eda de la Facultad de Ciencias, Tatiana Torres, explic\u00f3 que el objetivo de esta iniciativa es acercar a los j\u00f3venes de Ense\u00f1anza Media a las Ciencias, pero desde la perspectiva universitaria, para que no la vean como una realidad lejana. &#8220;Nosotros estamos abiertos a la comunidad, por lo tanto, queremos que estos j\u00f3venes sientan que pueden trabajar en un laboratorio como si fueran un estudiante universitario, para que una vez que ingresen a estudiar en la UTA, no sientan temor o timidez y se den cuenta que el trabajo en un laboratorio no es tan dif\u00edcil. La idea es poder aportar mayor conocimiento a su decisi\u00f3n de estudiar una carrera de Ciencias&#8221;.<\/p>\n<p style=\"text-align: justify;\">En ese sentido, la alumna de 3\u00b0 Medio C del liceo Domingo Santa Mar\u00eda, Catalina Collio, quien particip\u00f3 en el taller pr\u00e1ctico de traqueotom\u00eda y laparoscop\u00eda, indic\u00f3 que &#8220;Me parece muy bien poder estar en este laboratorio, porque nunca hab\u00eda hecho este tipo de experimento; en el colegio a\u00fan no se ha dado la ocasi\u00f3n y esto es como una iniciativa para todos nosotros a quienes nos gusta la Ciencia, porque puedo conocer m\u00e1s acerca de c\u00f3mo funcionan las carreras de la UTA y sentir m\u00e1s confianza cuando estudie aqu\u00ed&#8221;.<\/p>\n<table cellspacing=\"10\" cellpadding=\"10\" border=\"0\">\n<tbody>\n<tr>\n<td><img loading=\"lazy\" alt=\"Imagen foto_00000004\" class=\"fotodrag\" id=\"foto_00000004\" name=\"foto_00000004\" src=\"\/web\/site\/artic\/20151112\/imag\/foto_0000000420151112230300.jpg\" width=\"360\" height=\"238\" border=\"0\"><\/td>\n<td><img loading=\"lazy\" alt=\"Imagen foto_00000002\" class=\"fotodrag\" id=\"foto_00000002\" name=\"foto_00000002\" src=\"\/web\/site\/artic\/20151112\/imag\/foto_0000000220151112230300.jpg\" width=\"360\" height=\"238\" border=\"0\"><\/td>\n<\/tr>\n<\/tbody>\n<\/table><\/p>\n","protected":false},"excerpt":{"rendered":"<p>Pudieron aclarar sus dudas respecto a la malla curricular de la carrera de Pedagog\u00eda en Castellano<\/p>\n","protected":false},"author":3,"featured_media":14891,"comment_status":"open","ping_status":"open","sticky":false,"template":"","format":"standard","meta":[],"categories":[32,99],"tags":[],"_links":{"self":[{"href":"https:\/\/www.uta.cl\/index.php\/wp-json\/wp\/v2\/posts\/14890"}],"collection":[{"href":"https:\/\/www.uta.cl\/index.php\/wp-json\/wp\/v2\/posts"}],"about":[{"href":"https:\/\/www.uta.cl\/index.php\/wp-json\/wp\/v2\/types\/post"}],"author":[{"embeddable":true,"href":"https:\/\/www.uta.cl\/index.php\/wp-json\/wp\/v2\/users\/3"}],"replies":[{"embeddable":true,"href":"https:\/\/www.uta.cl\/index.php\/wp-json\/wp\/v2\/comments?post=14890"}],"version-history":[{"count":1,"href":"https:\/\/www.uta.cl\/index.php\/wp-json\/wp\/v2\/posts\/14890\/revisions"}],"predecessor-version":[{"id":29312,"href":"https:\/\/www.uta.cl\/index.php\/wp-json\/wp\/v2\/posts\/14890\/revisions\/29312"}],"wp:featuredmedia":[{"embeddable":true,"href":"https:\/\/www.uta.cl\/index.php\/wp-json\/wp\/v2\/media\/14891"}],"wp:attachment":[{"href":"https:\/\/www.uta.cl\/index.php\/wp-json\/wp\/v2\/media?parent=14890"}],"wp:term":[{"taxonomy":"category","embeddable":true,"href":"https:\/\/www.uta.cl\/index.php\/wp-json\/wp\/v2\/categories?post=14890"},{"taxonomy":"post_tag","embeddable":true,"href":"https:\/\/www.uta.cl\/index.php\/wp-json\/wp\/v2\/tags?post=14890"}],"curies":[{"name":"wp","href":"https:\/\/api.w.org\/{rel}","templated":true}]}}