{"id":14600,"date":"2016-01-11T12:37:31","date_gmt":"2016-01-11T12:37:31","guid":{"rendered":"https:\/\/www.uta.cl\/s\/Rvz"},"modified":"2016-01-11T12:37:31","modified_gmt":"2016-01-11T12:37:31","slug":"a-50-anos-del-fallecimiento-del-historiador-roberto-hernandez-cornejo","status":"publish","type":"post","link":"https:\/\/www.uta.cl\/index.php\/2016\/01\/11\/a-50-anos-del-fallecimiento-del-historiador-roberto-hernandez-cornejo\/","title":{"rendered":"A 50 a\u00f1os del fallecimiento del historiador Roberto Hern\u00e1ndez Cornejo, la UTA reconoce su legado poniendo en valor su Patrimonio Bibliogr\u00e1fico"},"content":{"rendered":"\n<table border=\"0\" cellpadding=\"10\" cellspacing=\"10\" style=\"float: right;\">\n<tbody>\n<tr>\n<td><img loading=\"lazy\" alt=\"Imagen foto_00000001\" border=\"0\" class=\"fotodrag\" height=\"260\" id=\"foto_00000001\" name=\"foto_00000001\" src=\"\/web\/site\/artic\/20160111\/imag\/foto_0000000120160111123731.jpg\" width=\"250\" \/><\/td>\n<\/tr>\n<tr>\n<td style=\"width: 250px; text-align: center; border-width: 1px; border-style: solid; -moz-border-top-colors: none; -moz-border-right-colors: none; -moz-border-bottom-colors: none; -moz-border-left-colors: none; border-image: none;\">Fotograf\u00eda gentileza de Fundaci\u00f3n Roberto Hern\u00e1ndez Cornejo.<\/td>\n<\/tr>\n<\/tbody>\n<\/table>\n<p style=\"text-align: justify;\">El 11 de enero de 1966, falleci\u00f3 a la edad de 89 a\u00f1os Roberto Hern\u00e1ndez Cornejo, destacado periodista, historiador y bibli\u00f3filo nacido en Melipilla.<\/p>\n<p style=\"text-align: justify;\">El 17 de febrero de 1968 la Universidad del Norte sede Arica adquiri\u00f3 por medio de gestiones realizadas entre la desaparecida Junta de Adelanto de Arica y la Sucesi\u00f3n Hern\u00e1ndez,  la importante colecci\u00f3n bibliogr\u00e1fica acumulada por el investigador durante su extensa trayectoria.<\/p>\n<p style=\"text-align: justify;\">Actualmente esta colecci\u00f3n cuenta con cerca de 14.000 registros cuya responsabilidad en su custodia y conservaci\u00f3n recae en la Universidad de Tarapac\u00e1.<\/p>\n<p style=\"text-align: justify;\">En palabras del nieto de Horacio Hern\u00e1ndez, el Acad\u00e9mico de la Universidad Cat\u00f3lica del Maule y Presidente de la Fundaci\u00f3n Roberto Hernandez Cornejo &#8220;Esta obra no debe reducirse a papeles guardados en archivos y a costosas rarezas bibliogr\u00e1ficas. Es necesario acceder en nuevas ediciones de libros: &#8220;Juan Godoy o el descubrimiento de Cha\u00f1arcillo&#8221;, publicado en 1932; lo mismo d\u00edgase de &#8220;Valpara\u00edso en 1827\n","protected":false},"excerpt":{"rendered":"<p>Actualmente esta colecci\u00f3n cuenta con cerca de 14.000 registros cuya responsabilidad en su custodia y conservaci\u00f3n recae en la Universidad de Tarapac\u00e1.<\/p>\n","protected":false},"author":3,"featured_media":14601,"comment_status":"open","ping_status":"open","sticky":false,"template":"","format":"standard","meta":[],"categories":[],"tags":[],"_links":{"self":[{"href":"https:\/\/www.uta.cl\/index.php\/wp-json\/wp\/v2\/posts\/14600"}],"collection":[{"href":"https:\/\/www.uta.cl\/index.php\/wp-json\/wp\/v2\/posts"}],"about":[{"href":"https:\/\/www.uta.cl\/index.php\/wp-json\/wp\/v2\/types\/post"}],"author":[{"embeddable":true,"href":"https:\/\/www.uta.cl\/index.php\/wp-json\/wp\/v2\/users\/3"}],"replies":[{"embeddable":true,"href":"https:\/\/www.uta.cl\/index.php\/wp-json\/wp\/v2\/comments?post=14600"}],"version-history":[{"count":0,"href":"https:\/\/www.uta.cl\/index.php\/wp-json\/wp\/v2\/posts\/14600\/revisions"}],"wp:featuredmedia":[{"embeddable":true,"href":"https:\/\/www.uta.cl\/index.php\/wp-json\/wp\/v2\/media\/14601"}],"wp:attachment":[{"href":"https:\/\/www.uta.cl\/index.php\/wp-json\/wp\/v2\/media?parent=14600"}],"wp:term":[{"taxonomy":"category","embeddable":true,"href":"https:\/\/www.uta.cl\/index.php\/wp-json\/wp\/v2\/categories?post=14600"},{"taxonomy":"post_tag","embeddable":true,"href":"https:\/\/www.uta.cl\/index.php\/wp-json\/wp\/v2\/tags?post=14600"}],"curies":[{"name":"wp","href":"https:\/\/api.w.org\/{rel}","templated":true}]}}