{"id":14142,"date":"2016-05-20T19:05:25","date_gmt":"2016-05-20T19:05:25","guid":{"rendered":"https:\/\/www.uta.cl\/s\/x1D"},"modified":"2021-04-19T17:55:52","modified_gmt":"2021-04-19T17:55:52","slug":"concurso-externo-para-proveer-el-cargo-de-profesor-de-castellano-y","status":"publish","type":"post","link":"https:\/\/www.uta.cl\/index.php\/2016\/05\/20\/concurso-externo-para-proveer-el-cargo-de-profesor-de-castellano-y\/","title":{"rendered":"Concurso Externo para proveer el cargo de Profesor de Castellano y Comunicaci\u00f3n para implementaci\u00f3n de m\u00f3dulos de nivelaci\u00f3n"},"content":{"rendered":"\n<p><p style=\"text-align: justify;\"><img alt=\"Imagen foto_00000001\" class=\"fotodrag\" id=\"foto_00000001\" name=\"foto_00000001\" src=\"\/web\/site\/artic\/20160520\/imag\/foto_0000000120160520190525.jpg\" style=\"text-align: center; width: 298px; float: right; margin-left: 10px; margin-right: 10px;\" data-w=\"550\" data-h=\"550\" height=\"298\">Ll\u00e1mese a <strong>Concurso EXTERNO<\/strong> para proveer el <strong>cargo de PROFESOR DE CASTELLANO Y COMUNICACI\u00d3N PARA IMPLEMENTACI\u00d3N DE M\u00d3DULOS DE NIVELACI\u00d3N.<\/strong><\/p>\n<p style=\"text-align: justify;\"><strong>Descripci\u00f3n de cargo:<\/strong><\/p>\n<p style=\"text-align: justify;\">Profesional universitario del \u00e1rea de Pedagog\u00eda en Castellano y Comunicaci\u00f3n para el dise\u00f1o y desarrollo de la asignatura &#8220;Comprensi\u00f3n y producci\u00f3n de discurso escrito&#8221;, como parte del programa proped\u00e9utico de la Universidad de Tarapac\u00e1.<\/p>\n<p style=\"text-align: justify;\"><strong>Funciones:<\/strong><\/p>\n<ul>\n<li style=\"text-align: justify;\">Realizar el dise\u00f1o de la asignatura &#8220;Comprensi\u00f3n y producci\u00f3n de discurso escrito&#8221; a dictarse como parte de los m\u00f3dulos de nivelaci\u00f3n del programa proped\u00e9utico de la Universidad de Tarapac\u00e1.<\/li>\n<li style=\"text-align: justify;\">Dictar la asignatura &#8220;Comprensi\u00f3n y producci\u00f3n de discurso escrito&#8221; a estudiantes de cuarto medio de la Red Yaticha\u00f1a, como parte del programa proped\u00e9utico de la Universidad de Tarapac\u00e1.<\/li>\n<li style=\"text-align: justify;\">Elaborar informes y registrar el desempe\u00f1o de los estudiantes participantes de la asignatura.<\/li>\n<li style=\"text-align: justify;\">Asistir a reuniones de coordinaci\u00f3n con el equipo a cargo del programa proped\u00e9utico de la Universidad de Tarapac\u00e1.<\/li>\n<\/ul>\n<p style=\"text-align: justify;\"><strong>Perfil del Cargo:<\/strong><\/p>\n<ul>\n<li style=\"text-align: justify;\">Habilidad y disposici\u00f3n para integrar equipos de trabajo multidisciplinarios<\/li>\n<li style=\"text-align: justify;\">Iniciativa y capacidad de emprendimiento para desarrollar actividades de apoyo en el \u00e1mbito que se requiere.<\/li>\n<li style=\"text-align: justify;\">Probidad.<\/li>\n<li style=\"text-align: justify;\">Disponibilidad inmediata.<\/li>\n<\/ul>\n<p style=\"text-align: justify;\"><strong>Condiciones laborales:<\/strong><\/p>\n<ul>\n<li style=\"text-align: justify;\">Tipo de contrato: Honorarios.<\/li>\n<li style=\"text-align: justify;\">Duraci\u00f3n del contrato: 5 meses.<\/li>\n<li style=\"text-align: justify;\">Jornada de Trabajo: 2 horas semanales, disponibilidad inmediata para trabajar fundamentalmente los d\u00edas s\u00e1bado en la ma\u00f1ana.<\/li>\n<\/ul>\n<p style=\"text-align: justify;\"><strong>Requisitos para Postular:<\/strong><\/p>\n<ul>\n<li style=\"text-align: justify;\">Nivel educacional\/t\u00edtulo: Profesor de Educaci\u00f3n Media en Castellano y Comunicaci\u00f3n.<\/li>\n<li style=\"text-align: justify;\">Competencias t\u00e9cnicas: Poseer experiencia en docencia con estudiantes de ense\u00f1anza media y estudiantes universitarios de pregrado. Experiencia deseable en trabajo en contextos de vulnerabilidad y planes de nivelaci\u00f3n de competencias b\u00e1sicas y gen\u00e9ricas.<\/li>\n<li style=\"text-align: justify;\">Otras competencias: Dise\u00f1ar la metodolog\u00eda del trabajo did\u00e1ctico y organizar las actividades de aprendizaje. Capacidad de planificar el proceso de ense\u00f1anza y aprendizaje. Ofrecer informaciones y explicaciones comprensibles y bien organizadas (competencia comunicativa). Relacionarse constructivamente con los alumnos. Eval\u00faa los procesos de ense\u00f1anza y de aprendizaje con un enfoque formativo.<\/li>\n<\/ul>\n<p style=\"text-align: justify;\"><strong>Nota:<\/strong> No podr\u00e1n postular personas internas a la instituci\u00f3n que ya tengan un contrato de trabajo con \u00e9sta, ni aquellas que tengan relaci\u00f3n de parentesco directo con alguna persona de la unidad que est\u00e1 proveyendo el cargo.<\/p>\n<p style=\"text-align: justify;\"><strong>Proceso de postulaci\u00f3n:<\/strong><\/p>\n<p style=\"text-align: justify;\">Los postulantes deber\u00e1n enviar su curr\u00edculo actualizado, fotocopia(s) simple(s) de certificado(s) de t\u00edtulo(s) universitario y\/o grado(s) acad\u00e9mico(s), constancias que acrediten experiencia laboral, dos cartas de recomendaci\u00f3n, e indicando pretensiones de renta al Director General de Docencia al siguiente correo: dgdsec@uta.cl desde el lunes 23 de mayo hasta el viernes 27 de mayo de 2016. Los resultados del concurso estar\u00e1n disponibles la primera semana de julio.<\/p>\n<p style=\"text-align: justify;\"><strong>Importante:<\/strong> El postulante seleccionado, comenzar\u00e1 sus labores a partir del d\u00eda lunes h\u00e1bil siguiente posterior a su elecci\u00f3n, el cual debe ser ratificado por el Ministerio de Educaci\u00f3n.<\/p>\n<p style=\"text-align: justify;\"><strong>Proceso de selecci\u00f3n:<\/strong><\/p>\n<p style=\"text-align: justify;\">La Comisi\u00f3n de Selecci\u00f3n del Concurso verificar\u00e1 si los postulantes cumplen con los requisitos y antecedentes presentados, de los cuales se evaluar\u00e1, de acuerdo a la siguiente pauta de evaluaci\u00f3n:<\/p>\n<table style=\"width: 460px;\" cellspacing=\"0\" cellpadding=\"0\"><colgroup><col width=\"263\"> <col width=\"195\"> <\/colgroup>\n<tbody>\n<tr>\n<td style=\"border 1px solid #0000; padding: 5px;\" width=\"263\" height=\"33\" bgcolor=\"#b8cce4\">\n<p class=\"western\" lang=\"es-ES\" align=\"center\"><strong>CRITERIO<\/strong><\/p>\n<\/td>\n<td style=\"border 1px solid #0000; padding: 5px;\" width=\"195\" bgcolor=\"#b8cce4\">\n<p class=\"western\" lang=\"es-ES\" align=\"center\"><strong>PORCENTAJE M\u00c1XIMO<\/strong><\/p>\n<\/td>\n<\/tr>\n<tr>\n<td style=\"border 1px solid #0000; padding: 5px;\" width=\"263\" height=\"35\">\n<p class=\"western\" lang=\"es-ES\" align=\"left\">Estudios Universitarios.<\/p>\n<\/td>\n<td style=\"border 1px solid #0000; padding: 5px;\" width=\"195\">\n<p class=\"western\" lang=\"es-ES\" align=\"center\">30%<\/p>\n<\/td>\n<\/tr>\n<tr>\n<td style=\"border 1px solid #0000; padding: 5px;\" width=\"263\" height=\"32\">\n<p class=\"western\" lang=\"es-ES\" align=\"left\">Experiencia.<\/p>\n<\/td>\n<td style=\"border 1px solid #0000; padding: 5px;\" width=\"195\">\n<p class=\"western\" lang=\"es-ES\" align=\"center\">40%<\/p>\n<\/td>\n<\/tr>\n<tr>\n<td style=\"border 1px solid #0000; padding: 5px;\" width=\"263\" height=\"37\">\n<p class=\"western\" lang=\"es-ES\" align=\"left\">Entrevista Personal.<\/p>\n<\/td>\n<td style=\"border 1px solid #0000; padding: 5px;\" width=\"195\">\n<p class=\"western\" lang=\"es-ES\" align=\"center\">30%<\/p>\n<\/td>\n<\/tr>\n<\/tbody>\n<\/table>\n<p class=\"western\" lang=\"es-ES\" align=\"left\">Convenio de Desempe\u00f1o Armonizaci\u00f3n Curricular, UTA1501<\/p><\/p>\n","protected":false},"excerpt":{"rendered":"<p>Convenio Desempe\u00f1o UTA1501: \u201cGeneraci\u00f3n de valor a trav\u00e9s de la innovaci\u00f3n y del mejoramiento de la calidad de los grados y t\u00edtulos ofrecidos por la Universidad de Tarapac\u00e1\u201d<\/p>\n","protected":false},"author":3,"featured_media":14143,"comment_status":"open","ping_status":"open","sticky":false,"template":"","format":"standard","meta":[],"categories":[32,99],"tags":[],"_links":{"self":[{"href":"https:\/\/www.uta.cl\/index.php\/wp-json\/wp\/v2\/posts\/14142"}],"collection":[{"href":"https:\/\/www.uta.cl\/index.php\/wp-json\/wp\/v2\/posts"}],"about":[{"href":"https:\/\/www.uta.cl\/index.php\/wp-json\/wp\/v2\/types\/post"}],"author":[{"embeddable":true,"href":"https:\/\/www.uta.cl\/index.php\/wp-json\/wp\/v2\/users\/3"}],"replies":[{"embeddable":true,"href":"https:\/\/www.uta.cl\/index.php\/wp-json\/wp\/v2\/comments?post=14142"}],"version-history":[{"count":1,"href":"https:\/\/www.uta.cl\/index.php\/wp-json\/wp\/v2\/posts\/14142\/revisions"}],"predecessor-version":[{"id":29286,"href":"https:\/\/www.uta.cl\/index.php\/wp-json\/wp\/v2\/posts\/14142\/revisions\/29286"}],"wp:featuredmedia":[{"embeddable":true,"href":"https:\/\/www.uta.cl\/index.php\/wp-json\/wp\/v2\/media\/14143"}],"wp:attachment":[{"href":"https:\/\/www.uta.cl\/index.php\/wp-json\/wp\/v2\/media?parent=14142"}],"wp:term":[{"taxonomy":"category","embeddable":true,"href":"https:\/\/www.uta.cl\/index.php\/wp-json\/wp\/v2\/categories?post=14142"},{"taxonomy":"post_tag","embeddable":true,"href":"https:\/\/www.uta.cl\/index.php\/wp-json\/wp\/v2\/tags?post=14142"}],"curies":[{"name":"wp","href":"https:\/\/api.w.org\/{rel}","templated":true}]}}