{"id":13968,"date":"2016-06-22T13:07:38","date_gmt":"2016-06-22T13:07:38","guid":{"rendered":"https:\/\/www.uta.cl\/s\/XhE"},"modified":"2021-01-14T12:30:32","modified_gmt":"2021-01-14T12:30:32","slug":"alumnas-de-educacion-parvularia-uta-viajaron-a-calama-para-actividades","status":"publish","type":"post","link":"https:\/\/www.uta.cl\/index.php\/2016\/06\/22\/alumnas-de-educacion-parvularia-uta-viajaron-a-calama-para-actividades\/","title":{"rendered":"Alumnas de Educaci\u00f3n Parvularia UTA viajaron a Calama para actividades en escuela especial"},"content":{"rendered":"\n<p><p style=\"text-align: justify;\">Una visita de dos d\u00edas realizaron a Calama treinta alumnas de primer y segundo a\u00f1o de la carrera de Educaci\u00f3n Parvularia de la Universidad de Tarapac\u00e1 para participar de actividades en el marco de la asignatura de Diagn\u00f3stico, Desarrollo e Inclusi\u00f3n Educativa, que imparte la acad\u00e9mica Patricia Castillo Ochoa.<\/p>\n<table style=\"width: 413px; height: 110px;\" cellspacing=\"10\" cellpadding=\"10\" border=\"0\">\n<tbody>\n<tr>\n<td><img alt=\"Imagen foto_00000003\" class=\"fotodrag\" id=\"foto_00000003\" name=\"foto_00000003\" src=\"\/web\/site\/artic\/20160622\/imag\/foto_0000000320160622130738.jpg\" style=\"width: 360px;\" data-w=\"800\" data-h=\"533\" width=\"360\"><\/td>\n<td><img alt=\"Imagen foto_00000001\" class=\"fotodrag\" id=\"foto_00000001\" name=\"foto_00000001\" src=\"\/web\/site\/artic\/20160622\/imag\/foto_0000000120160622130738.jpg\" style=\"width: 360px;\" data-w=\"800\" data-h=\"533\" width=\"360\"><\/td>\n<\/tr>\n<\/tbody>\n<\/table>\n<p style=\"text-align: justify;\">Las alumnas, quince de primer a\u00f1o y quince de segundo a\u00f1o, estuvieron el primer d\u00eda en la Escuela Especial F-33 El Loa (de administraci\u00f3n municipal), que atiende a ni\u00f1os y ni\u00f1as discapacitados intelectuales, con trastornos motores y necesidades de educaci\u00f3n especial.<\/p>\n<p style=\"text-align: justify;\">All\u00ed, junto con conocer las dependencias y compartir con profesionales, desarrollaron actividades recreativas con los ni\u00f1os y ni\u00f1as y al concluir la jornada participaron de una charla sobre el m\u00e9todo de lectura &#8220;Rabanus&#8221;, proceso sistem\u00e1tico de ense\u00f1anza que permite a los ni\u00f1os, con ayuda de se\u00f1ales, desarrollar la lectura relacionando letras y sus sonidos.<\/p>\n<p style=\"text-align: justify;\">INTERVENCION EN MALL<\/p>\n<p style=\"text-align: justify;\">El segundo d\u00eda, que correspondi\u00f3 a un s\u00e1bado, realizaron una intervenci\u00f3n en el mall de Calama, con el lema &#8220;La Educaci\u00f3n Parvularia: elemento clave para el desarrollo futuro de ni\u00f1os y ni\u00f1as&#8221;.<\/p>\n<p style=\"text-align: justify;\">En dicho lugar instalaron un stand en el que repartieron mensajes alusivos a la importancia de la educaci\u00f3n parvularia en el desarrollo del ser humano y por tanto el impacto en la sociedad. Algunos de esos mensajes fueron los siguientes:<\/p>\n<p style=\"text-align: justify;\">-Actitud y calidad en la educaci\u00f3n inicial da como resultado una mayor productividad.<\/p>\n<p style=\"text-align: justify;\">-El terremoto social y pol\u00edtico puede prevenirse con una educaci\u00f3n inicial de calidad.<\/p>\n<p style=\"text-align: justify;\">-La educaci\u00f3n Parvularia promueve valores, remueve compromisos y construye las bases de una sociedad.<\/p>\n<p style=\"text-align: justify;\">-La comprensi\u00f3n de los cambios en la edad temprana hace la diferencia para tener el pa\u00eds una verdadera educaci\u00f3n de calidad.<\/p>\n<p style=\"text-align: justify;\">Para el desarrollo de la actividad se cont\u00f3 con la colaboraci\u00f3n de las ex alumnas Ana Leonor Herrera y Vianela Oliden, quienes trabajan en esa ciudad lo que contribuy\u00f3 a que la actividad fuese un \u00e9xito.<\/p>\n<p style=\"text-align: justify;\">Adem\u00e1s, en dicho centro comercial realizaron actividades como pinta caritas, cuenta cuento, dibujo y baile.<\/p>\n<table style=\"width: 457px; height: 102px;\" cellspacing=\"10\" cellpadding=\"10\" border=\"0\">\n<tbody>\n<tr>\n<td><img alt=\"Imagen foto_00000004\" class=\"fotodrag\" id=\"foto_00000004\" name=\"foto_00000004\" src=\"\/web\/site\/artic\/20160622\/imag\/foto_0000000420160622130738.jpg\" style=\"width: 360px;\" data-w=\"800\" data-h=\"600\" width=\"360\"><\/td>\n<td><img alt=\"Imagen foto_00000002\" class=\"fotodrag\" id=\"foto_00000002\" name=\"foto_00000002\" src=\"\/web\/site\/artic\/20160622\/imag\/foto_0000000220160622130738.jpg\" style=\"width: 360px;\" data-w=\"800\" data-h=\"597\" width=\"360\"><\/td>\n<\/tr>\n<\/tbody>\n<\/table>\n<p> <\/p>\n<p style=\"text-align: justify;\"><\/p><\/p>\n","protected":false},"excerpt":{"rendered":"<p>Tambi\u00e9n efectuaron una intervenci\u00f3n en el mall de esa ciudad, con diversas actividades para los ni\u00f1os, adem\u00e1s de promover la educaci\u00f3n inicial como factor clave para superar la pobreza y la desigualdad<\/p>\n","protected":false},"author":3,"featured_media":13969,"comment_status":"open","ping_status":"open","sticky":false,"template":"","format":"standard","meta":[],"categories":[94,32],"tags":[],"_links":{"self":[{"href":"https:\/\/www.uta.cl\/index.php\/wp-json\/wp\/v2\/posts\/13968"}],"collection":[{"href":"https:\/\/www.uta.cl\/index.php\/wp-json\/wp\/v2\/posts"}],"about":[{"href":"https:\/\/www.uta.cl\/index.php\/wp-json\/wp\/v2\/types\/post"}],"author":[{"embeddable":true,"href":"https:\/\/www.uta.cl\/index.php\/wp-json\/wp\/v2\/users\/3"}],"replies":[{"embeddable":true,"href":"https:\/\/www.uta.cl\/index.php\/wp-json\/wp\/v2\/comments?post=13968"}],"version-history":[{"count":1,"href":"https:\/\/www.uta.cl\/index.php\/wp-json\/wp\/v2\/posts\/13968\/revisions"}],"predecessor-version":[{"id":27810,"href":"https:\/\/www.uta.cl\/index.php\/wp-json\/wp\/v2\/posts\/13968\/revisions\/27810"}],"wp:featuredmedia":[{"embeddable":true,"href":"https:\/\/www.uta.cl\/index.php\/wp-json\/wp\/v2\/media\/13969"}],"wp:attachment":[{"href":"https:\/\/www.uta.cl\/index.php\/wp-json\/wp\/v2\/media?parent=13968"}],"wp:term":[{"taxonomy":"category","embeddable":true,"href":"https:\/\/www.uta.cl\/index.php\/wp-json\/wp\/v2\/categories?post=13968"},{"taxonomy":"post_tag","embeddable":true,"href":"https:\/\/www.uta.cl\/index.php\/wp-json\/wp\/v2\/tags?post=13968"}],"curies":[{"name":"wp","href":"https:\/\/api.w.org\/{rel}","templated":true}]}}