{"id":13852,"date":"2016-07-12T19:21:40","date_gmt":"2016-07-12T19:21:40","guid":{"rendered":"https:\/\/www.uta.cl\/s\/UZF"},"modified":"2021-01-07T13:30:02","modified_gmt":"2021-01-07T13:30:02","slug":"centro-educar-inicio-curso-de-actualizacion-para-profesores-de-educacion","status":"publish","type":"post","link":"https:\/\/www.uta.cl\/index.php\/2016\/07\/12\/centro-educar-inicio-curso-de-actualizacion-para-profesores-de-educacion\/","title":{"rendered":"Centro EDUCAR inici\u00f3 Curso de Actualizaci\u00f3n para profesores de Educaci\u00f3n F\u00edsica"},"content":{"rendered":"\n<p><p style=\"text-align: justify;\">&#8220;Actualizaci\u00f3n en el proceso de biologizaci\u00f3n del entrenamiento deportivo y la pr\u00e1ctica de la actividad f\u00edsica&#8221;, es el nombre del curso que la Universidad de Tarapac\u00e1 a trav\u00e9s de su Convenio de Desempe\u00f1o Formaci\u00f3n Inicial de Profesores (CD FIP UTA1309), est\u00e1 realizando para docentes del \u00e1rea de Educaci\u00f3n F\u00edsica, con el fin de estrechar lazos con los profesores que trabajan en las aulas escolares y entregarles los elementos necesarios para optimizar su desarrollo.<\/p>\n<table cellspacing=\"10\" cellpadding=\"0\" border=\"0\">\n<tbody>\n<tr>\n<td><img alt=\"Imagen foto_00000002\" class=\"fotodrag\" id=\"foto_00000002\" name=\"foto_00000002\" src=\"\/web\/site\/artic\/20160712\/imag\/foto_0000000220160712192140.jpg\" style=\"width: 360px;\" data-w=\"550\" data-h=\"366\"><\/td>\n<td><img alt=\"Imagen foto_00000001\" class=\"fotodrag\" id=\"foto_00000001\" name=\"foto_00000001\" src=\"\/web\/site\/artic\/20160712\/imag\/foto_0000000120160712192140.jpg\" style=\"width: 360px;\" data-w=\"550\" data-h=\"366\"><\/td>\n<\/tr>\n<\/tbody>\n<\/table>\n<p style=\"text-align: justify;\">En este sentido, la acad\u00e9mica del Departamento de Ciencias de la Actividad F\u00edsica y del Deporte, DraC. Dayneri Le\u00f3n, enfatiz\u00f3 el trabajo que realiza la Universidad por preparar a los docentes del sistema educacional de la regi\u00f3n con temas que aportan a su actualizaci\u00f3n. &#8220;El objetivo es poder capacitar a estos profesores en tem\u00e1ticas como el control biol\u00f3gico de la actividad f\u00edsica y del entrenamiento deportivo, es decir, que incrementen sus conocimientos en estas \u00e1reas, puesto que ellos trabajan directamente con dichos t\u00f3picos&#8221;.<\/p>\n<p style=\"text-align: justify;\">En cuanto a la importancia de brindar capacitaci\u00f3n sobre estos temas, la acad\u00e9mica se\u00f1al\u00f3 que &#8220;Est\u00e1n en relaci\u00f3n con lo que ellos normalmente hacen en sus establecimientos, o sea, el trabajo directamente con la actividad f\u00edsica, la que repercute en el organismo produciendo cambios a consecuencia de las cargas de entrenamiento deportivo o de las cargas f\u00edsicas de trabajo en la pr\u00e1ctica sistem\u00e1tica de ejercicio f\u00edsico. Esperamos que los docentes cuenten con las herramientas b\u00e1sicas del conocimiento, para poder evaluar las modificaciones que acontecen en el organismo del practicante&#8221;, explic\u00f3 la DraC. Le\u00f3n.<\/p>\n<p style=\"text-align: justify;\">Por su parte, el profesor de Educaci\u00f3n F\u00edsica, Axel Valenzuela, quien est\u00e1 a cargo de las academias de f\u00fatbol y h\u00e1ndbol en el colegio Mar\u00eda Montessori, destac\u00f3 que &#8220;Me parece bien este curso, yo lo tom\u00e9 porque sent\u00ed que es informaci\u00f3n \u00fatil para darle a los ni\u00f1os durante las clases. De los temas que m\u00e1s me ha llamado la atenci\u00f3n, son los tipos de energ\u00eda que se utilizan en la actividad f\u00edsica, c\u00f3mo trabaja el m\u00fasculo, la parte del gluc\u00f3geno y los \u00e1cidos grasos. Yo creo que sabiendo esto puedo mejorar mi clase, desde la parte informativa, poder explicarle a los ni\u00f1os el porqu\u00e9 de las cosas, por qu\u00e9 las cosas se hace de cierta manera y tambi\u00e9n por un tema de seguridad, porque tambi\u00e9n se est\u00e1n ense\u00f1ando algunas cosas de sobre exigencia del coraz\u00f3n&#8221;.<\/p>\n<p style=\"text-align: justify;\">El curso &#8220;Actualizaci\u00f3n en el proceso de biologizaci\u00f3n del entrenamiento deportivo y la pr\u00e1ctica de la actividad f\u00edsica&#8221;, cuenta tambi\u00e9n con la colaboraci\u00f3n del acad\u00e9mico del Departamento de Ciencias de la Actividad F\u00edsica y del Deporte, Mg. Carlos Lagos, quien realizar\u00e1 los talleres pr\u00e1cticos. Finalmente, los profesores que participen de esta capacitaci\u00f3n, recibir\u00e1n un certificado por parte de la Universidad de Tarapac\u00e1, que acredite el conocimiento adquirido.<\/p><\/p>\n","protected":false},"excerpt":{"rendered":"<p>El objetivo fundamental del presente curso es desarrollar habilidades que permitan evaluar los cambios morfo-funcionales que se presentan como consecuencia de la pr\u00e1ctica sistem\u00e1tica del ejercicio f\u00edsico<\/p>\n","protected":false},"author":3,"featured_media":13853,"comment_status":"open","ping_status":"open","sticky":false,"template":"","format":"standard","meta":[],"categories":[32,79],"tags":[],"_links":{"self":[{"href":"https:\/\/www.uta.cl\/index.php\/wp-json\/wp\/v2\/posts\/13852"}],"collection":[{"href":"https:\/\/www.uta.cl\/index.php\/wp-json\/wp\/v2\/posts"}],"about":[{"href":"https:\/\/www.uta.cl\/index.php\/wp-json\/wp\/v2\/types\/post"}],"author":[{"embeddable":true,"href":"https:\/\/www.uta.cl\/index.php\/wp-json\/wp\/v2\/users\/3"}],"replies":[{"embeddable":true,"href":"https:\/\/www.uta.cl\/index.php\/wp-json\/wp\/v2\/comments?post=13852"}],"version-history":[{"count":1,"href":"https:\/\/www.uta.cl\/index.php\/wp-json\/wp\/v2\/posts\/13852\/revisions"}],"predecessor-version":[{"id":27633,"href":"https:\/\/www.uta.cl\/index.php\/wp-json\/wp\/v2\/posts\/13852\/revisions\/27633"}],"wp:featuredmedia":[{"embeddable":true,"href":"https:\/\/www.uta.cl\/index.php\/wp-json\/wp\/v2\/media\/13853"}],"wp:attachment":[{"href":"https:\/\/www.uta.cl\/index.php\/wp-json\/wp\/v2\/media?parent=13852"}],"wp:term":[{"taxonomy":"category","embeddable":true,"href":"https:\/\/www.uta.cl\/index.php\/wp-json\/wp\/v2\/categories?post=13852"},{"taxonomy":"post_tag","embeddable":true,"href":"https:\/\/www.uta.cl\/index.php\/wp-json\/wp\/v2\/tags?post=13852"}],"curies":[{"name":"wp","href":"https:\/\/api.w.org\/{rel}","templated":true}]}}