{"id":13832,"date":"2016-07-15T19:01:41","date_gmt":"2016-07-15T19:01:41","guid":{"rendered":"https:\/\/www.uta.cl\/s\/4yF"},"modified":"2021-01-07T13:29:50","modified_gmt":"2021-01-07T13:29:50","slug":"profesores-de-educacion-fisica-se-capacitaron-gracias-al-centro-educar","status":"publish","type":"post","link":"https:\/\/www.uta.cl\/index.php\/2016\/07\/15\/profesores-de-educacion-fisica-se-capacitaron-gracias-al-centro-educar\/","title":{"rendered":"Profesores de Educaci\u00f3n F\u00edsica se capacitaron gracias al Centro EDUCAR de la UTA"},"content":{"rendered":"\n<p><p style=\"text-align: justify;\">Con el objetivo de reafirmar el compromiso de la Universidad de Tarapac\u00e1 de estrechar lazos con los profesores que trabajan en las diversas unidades educativas de la regi\u00f3n y entregarles los elementos necesarios para optimizar su desarrollo, es que el Centro EDUCAR llev\u00f3 a cabo este curso de actualizaci\u00f3n, dentro del marco del Convenio de Desempe\u00f1o Formaci\u00f3n Inicial de Profesores (CD FIP UTA1309).<\/p>\n<table cellspacing=\"10\" cellpadding=\"0\" border=\"0\">\n<tbody>\n<tr>\n<td><img alt=\"Imagen foto_00000002\" class=\"fotodrag\" id=\"foto_00000002\" name=\"foto_00000002\" src=\"\/web\/site\/artic\/20160715\/imag\/foto_0000000220160715190141.jpg\" style=\"width: 360px;\" data-w=\"550\" data-h=\"366\"><\/td>\n<td><img alt=\"Imagen foto_00000003\" class=\"fotodrag\" id=\"foto_00000003\" name=\"foto_00000003\" src=\"\/web\/site\/artic\/20160715\/imag\/foto_0000000320160715190141.jpg\" style=\"width: 360px;\" data-w=\"550\" data-h=\"366\"><\/td>\n<\/tr>\n<\/tbody>\n<\/table>\n<p style=\"text-align: justify;\">La finalidad de brindar este tipo de capacitaciones a los profesores de Educaci\u00f3n F\u00edsica es que aprendan temas como el control biol\u00f3gico de la actividad f\u00edsica y del entrenamiento deportivo, de manera que incrementen sus conocimientos en estas \u00e1reas, puesto que ellos trabajan directamente con etas tem\u00e1ticas y con diferentes grupos et\u00e1reos.<\/p>\n<p style=\"text-align: justify;\">El acad\u00e9mico del Departamento de Ciencias de la Actividad F\u00edsica y del Deporte, Mg. Carlos Lagos, se\u00f1al\u00f3 que la Universidad en todo momento est\u00e1 preocupada por perfeccionar a los colegas que trabajan en el \u00e1mbito escolar. &#8220;La idea es actualizarlos respecto a las nuevas tendencias y tambi\u00e9n recordarles lo que ya han visto; siempre es bueno salir del contexto donde uno se desenvuelve, para ir evalu\u00e1ndose y midi\u00e9ndose de c\u00f3mo uno est\u00e1 realizando la labor, qu\u00e9 cosas puedes innovar y mejorar, romper el esquema de la rutina del trabajo&#8221;.<\/p>\n<p style=\"text-align: justify;\">A lo que agreg\u00f3, en cuanto al enfoque del curso ofrecido: &#8220;Estamos dando a la actividad f\u00edsica, sobre todo en la condici\u00f3n f\u00edsica, un sentido m\u00e1s pedag\u00f3gico para que estos profesores, a trav\u00e9s de actividades pedag\u00f3gicas -ojal\u00e1 m\u00e1s recreativas-, puedan desarrollar la condici\u00f3n f\u00edsica, que no sea s\u00f3lo correr por correr, si no que puedan agregar implementos y crear sus propios test de evaluaci\u00f3n seg\u00fan los materiales que dispongan y que los ni\u00f1os se sientan m\u00e1s motivados para realizar actividades deportivas a futuro&#8221;.<\/p>\n<p style=\"text-align: justify;\">Por su parte, la profesora de Ense\u00f1anza B\u00e1sica y Media y adem\u00e1s Coordinadora del Departamento de Educaci\u00f3n F\u00edsica del colegio Cardenal Ra\u00fal Silva Henr\u00edquez, Francia Lincopi, destac\u00f3 que &#8220;Primero que todo, este curso me sirve para innovar en actividades, porque desde que yo egres\u00e9 \u00e9stos me han ayudado bastante para ir de alguna manera actualizando conocimiento y actividades para trabajar con ni\u00f1os. Lo que m\u00e1s me gust\u00f3 de esto fue la disponibilidad de la profesora, el entusiasmo de todos los estudiantes y los conocimientos nuevos que entregaron&#8221;.<\/p>\n<p style=\"text-align: justify;\">Los docentes que asistieron al curso &#8220;Actualizaci\u00f3n en el proceso de biologizaci\u00f3n del entrenamiento deportivo y la pr\u00e1ctica de la actividad f\u00edsica&#8221;, recibir\u00e1n un certificado de participaci\u00f3n por parte de la Universidad de Tarapac\u00e1.<\/p>\n<table cellspacing=\"10\" cellpadding=\"0\" border=\"0\">\n<tbody>\n<tr>\n<td><img alt=\"Imagen foto_00000004\" class=\"fotodrag\" id=\"foto_00000004\" name=\"foto_00000004\" src=\"\/web\/site\/artic\/20160715\/imag\/foto_0000000420160715190141.jpg\" style=\"width: 360px;\" data-w=\"550\" data-h=\"366\"><\/td>\n<td><img alt=\"Imagen foto_00000001\" class=\"fotodrag\" id=\"foto_00000001\" name=\"foto_00000001\" src=\"\/web\/site\/artic\/20160715\/imag\/foto_0000000120160715190141.jpg\" style=\"width: 360px;\" data-w=\"550\" data-h=\"366\"><\/td>\n<\/tr>\n<\/tbody>\n<\/table><\/p>\n","protected":false},"excerpt":{"rendered":"<p>\u201cActualizaci\u00f3n en el proceso de biologizaci\u00f3n del entrenamiento deportivo y la pr\u00e1ctica de la actividad f\u00edsica\u201d, fue el nombre del curso al que asistieron m\u00e1s de treinta docentes del sistema educativo regional<\/p>\n","protected":false},"author":3,"featured_media":13833,"comment_status":"open","ping_status":"open","sticky":false,"template":"","format":"standard","meta":[],"categories":[32,79],"tags":[],"_links":{"self":[{"href":"https:\/\/www.uta.cl\/index.php\/wp-json\/wp\/v2\/posts\/13832"}],"collection":[{"href":"https:\/\/www.uta.cl\/index.php\/wp-json\/wp\/v2\/posts"}],"about":[{"href":"https:\/\/www.uta.cl\/index.php\/wp-json\/wp\/v2\/types\/post"}],"author":[{"embeddable":true,"href":"https:\/\/www.uta.cl\/index.php\/wp-json\/wp\/v2\/users\/3"}],"replies":[{"embeddable":true,"href":"https:\/\/www.uta.cl\/index.php\/wp-json\/wp\/v2\/comments?post=13832"}],"version-history":[{"count":1,"href":"https:\/\/www.uta.cl\/index.php\/wp-json\/wp\/v2\/posts\/13832\/revisions"}],"predecessor-version":[{"id":27632,"href":"https:\/\/www.uta.cl\/index.php\/wp-json\/wp\/v2\/posts\/13832\/revisions\/27632"}],"wp:featuredmedia":[{"embeddable":true,"href":"https:\/\/www.uta.cl\/index.php\/wp-json\/wp\/v2\/media\/13833"}],"wp:attachment":[{"href":"https:\/\/www.uta.cl\/index.php\/wp-json\/wp\/v2\/media?parent=13832"}],"wp:term":[{"taxonomy":"category","embeddable":true,"href":"https:\/\/www.uta.cl\/index.php\/wp-json\/wp\/v2\/categories?post=13832"},{"taxonomy":"post_tag","embeddable":true,"href":"https:\/\/www.uta.cl\/index.php\/wp-json\/wp\/v2\/tags?post=13832"}],"curies":[{"name":"wp","href":"https:\/\/api.w.org\/{rel}","templated":true}]}}