{"id":12884,"date":"2017-01-13T15:48:10","date_gmt":"2017-01-13T15:48:10","guid":{"rendered":"https:\/\/www.uta.cl\/profesora-de-ensenanza-basica-expuso-en-seminario-del-programa\/web\/2017-01-13\/154810.html"},"modified":"2021-01-07T13:18:46","modified_gmt":"2021-01-07T13:18:46","slug":"profesora-de-ensenanza-basica-expuso-en-seminario-del-programa","status":"publish","type":"post","link":"https:\/\/www.uta.cl\/index.php\/2017\/01\/13\/profesora-de-ensenanza-basica-expuso-en-seminario-del-programa\/","title":{"rendered":"Profesora de Ense\u00f1anza B\u00e1sica expuso en seminario del Programa UTA-escuela"},"content":{"rendered":"\n<p><p style=\"text-align: justify;\"><img loading=\"lazy\" alt=\"Imagen foto_00000004\" class=\"fotodrag\" id=\"foto_00000004\" name=\"foto_00000004\" src=\"\/web\/site\/artic\/20170113\/imag\/foto_0000000420170113154810.jpg\" style=\"margin-left: 10px; margin-right: 10px; float: left;\" data-w=\"3008\" data-h=\"2000\" width=\"360\" height=\"239\">Promover la reflexi\u00f3n e innovaci\u00f3n de la ense\u00f1anza de las disciplinas escolares en los distintos niveles educativos dirigida por docentes de las diversas instituciones escolares y consolidar la relaci\u00f3n entre las escuelas y la UTA en el marco de la formaci\u00f3n docente, es el principal objetivo de este programa; el que adem\u00e1s promueve el desarrollo de una investigaci\u00f3n a cargo de un docente con la asesor\u00eda de un acad\u00e9mico del \u00e1rea de las did\u00e1cticas espec\u00edficas de la Universidad y as\u00ed generar conocimiento sobre las pr\u00e1cticas de ense\u00f1anza en las disciplinas escolares en el contexto de las regiones mencionadas.<\/p>\n<p style=\"text-align: justify;\">En esta ocasi\u00f3n, la profesora de Educaci\u00f3n B\u00e1sica y Psicopedagoga de la Escuela Am\u00e9rica y colegio Cardenal Samor\u00e9, Nikol Cort\u00e9s, present\u00f3 el tema de su investigaci\u00f3n: \u201cLos conjuntos y los aprendizajes matem\u00e1ticos en primer a\u00f1o b\u00e1sico\u201d; centrado en las nociones pre num\u00e9ricas, especialmente, la clasificaci\u00f3n que lleva a la cardinalidad y con el tiempo, a la realizaci\u00f3n de algoritmos fundamentales como la adici\u00f3n y sustracci\u00f3n. <\/p>\n<p style=\"text-align: justify;\">\u201cA m\u00ed siempre me interes\u00f3 la investigaci\u00f3n porque encuentro que hace falta en el \u00e1rea de Educaci\u00f3n y es donde uno como profesor, puede hacer cambios y eso es lo que se necesita. Yo decid\u00ed participar en este programa porque me di cuenta que los ni\u00f1os de primero b\u00e1sico tienen dificultades para formar conjuntos, eso me llam\u00f3 la atenci\u00f3n porque fue algo que vi en ambos establecimientos y conversando con mis colegas, supe que ellos tambi\u00e9n ten\u00edan las mismas inquietudes; entonces, considero que es un aprendizaje de base para adquirir aprendizaje futuro y aprender cu\u00e1les son las cuatro operaciones b\u00e1sicas y de ah\u00ed hacia arriba. Ense\u00f1ando el aprender haciendo, con material did\u00e1ctico y concreto, para que los ni\u00f1os puedan jugar y a trav\u00e9s de eso, poder aprender\u201d.<\/p>\n<p style=\"text-align: justify;\">La conferencia especial del seminario, estuvo a cargo de la docente de la Universidad Diego Portales, Ximena Paniagua, quien adem\u00e1s es Asesora del MINEDUC en las iniciativas relacionadas con Matem\u00e1tica Funcional para ni\u00f1os con necesidades educativas especiales y Evaluaci\u00f3n Docente. En la jornada, la profesional destac\u00f3 que: \u201cEste programa es muy importante por dos razones, la primera y m\u00e1s fundamental es que el rescatar actividades como esta, implica la idea del docente como investigador y de investigador en la acci\u00f3n; y cu\u00e1l es la acci\u00f3n: Su pr\u00e1ctica de aula diaria, que es identificar un problema o una situaci\u00f3n y que piensa que debe mejorarse o nutrirse, que el profesor sea capaz de identificar y destinar acciones para aquello y porque en definitiva, avanzamos tambi\u00e9n en lo matem\u00e1tico en t\u00e9rminos de mejorar nuestras pr\u00e1cticas que  se orienten a que los estudiantes sean gustosos de la actividad matem\u00e1tica y que no siga siendo una c\u00e1psula que no cambia en el tiempo; entonces, iniciativas como \u00e9sta hacen que se movilicen las intenciones del prop\u00f3sito del profesor como investigador y rescatar la disciplina matem\u00e1tica desde la funcionalidad y el uso. Porque ese es el prop\u00f3sito, que los estudiantes aprendan a trav\u00e9s de situaciones que plantea el docente, que sean capaces de ir construyendo y vayan aplicando la nueva situaci\u00f3n y m\u00e1s desafiantes cada vez, as\u00ed es como se va generando esta espiral de conocimiento\u201d.<\/p>\n<p style=\"text-align: justify;\">Finalmente, una de las acad\u00e9micas gu\u00eda de la investigaci\u00f3n en el \u00e1rea de las matem\u00e1ticas, Dra. Alicia Zamorano, agradeci\u00f3 la participaci\u00f3n y buena disposici\u00f3n de los profesores de aula para mejorar los temas educativos de la regi\u00f3n, d\u00e1ndose por satisfecha con la iniciativa cumplida. Por su parte, la Dra. Noem\u00ed Pizarro, destac\u00f3 la dedicaci\u00f3n de la Dra. Zamorano por tratar y desarrollar temas directamente relacionados con la Pedagog\u00eda y junto a los asistentes del seminario, lamentaron el no poder seguir contando con su trabajo, compromiso y dedicaci\u00f3n por la ense\u00f1anza. Asimismo, la Dra. Pizarro hizo \u00e9nfasis en que la Universidad debe continuar comprometida con la formaci\u00f3n inicial y continua de la regi\u00f3n respondiendo a los est\u00e1ndares nacionales e internacionales, donde se ha consensuado que la ense\u00f1anza es una disciplina, por lo tanto, es el objeto de estudio de los profesores.<\/p>\n<p style=\"text-align: justify;\">Este programa, se llev\u00f3 cabo en el marco del Convenio de Desempe\u00f1o Formaci\u00f3n Inicial de Profesores (CD FIP UTA1309).<\/p>\n<table cellspacing=\"10\" cellpadding=\"0\" border=\"0\">\n<tbody>\n<tr>\n<td><img loading=\"lazy\" alt=\"Imagen foto_00000007\" class=\"fotodrag\" id=\"foto_00000007\" name=\"foto_00000007\" src=\"\/web\/site\/artic\/20170113\/imag\/foto_0000000720170113154810.jpg\" data-w=\"3008\" data-h=\"2000\" width=\"240\" height=\"158\" border=\"0\"><\/td>\n<td><img loading=\"lazy\" alt=\"Imagen foto_00000005\" class=\"fotodrag\" id=\"foto_00000005\" name=\"foto_00000005\" src=\"\/web\/site\/artic\/20170113\/imag\/foto_0000000520170113154810.jpg\" data-w=\"3008\" data-h=\"2000\" width=\"240\" height=\"159\" border=\"0\"><\/td>\n<td><img loading=\"lazy\" alt=\"Imagen foto_00000003\" class=\"fotodrag\" id=\"foto_00000003\" name=\"foto_00000003\" src=\"\/web\/site\/artic\/20170113\/imag\/foto_0000000320170113154810.jpg\" data-w=\"3008\" data-h=\"2000\" width=\"240\" height=\"159\" border=\"0\"><\/td>\n<\/tr>\n<tr>\n<td><img loading=\"lazy\" alt=\"Imagen foto_00000002\" class=\"fotodrag\" id=\"foto_00000002\" name=\"foto_00000002\" src=\"\/web\/site\/artic\/20170113\/imag\/foto_0000000220170113154810.jpg\" data-w=\"3008\" data-h=\"2000\" width=\"240\" height=\"159\" border=\"0\"><\/td>\n<td><img loading=\"lazy\" alt=\"Imagen foto_00000001\" class=\"fotodrag\" id=\"foto_00000001\" name=\"foto_00000001\" src=\"\/web\/site\/artic\/20170113\/imag\/foto_0000000120170113154810.jpg\" data-w=\"3008\" data-h=\"2000\" width=\"240\" height=\"159\" border=\"0\"><\/td>\n<td><img loading=\"lazy\" alt=\"Imagen foto_00000006\" class=\"fotodrag\" id=\"foto_00000006\" name=\"foto_00000006\" src=\"\/web\/site\/artic\/20170113\/imag\/foto_0000000620170113154810.jpg\" data-w=\"1140\" data-h=\"1909\" width=\"240\" height=\"402\" border=\"0\"><\/td>\n<\/tr>\n<\/tbody>\n<\/table>\n<p style=\"text-align: justify;\"><\/p>\n<p style=\"text-align: justify;\"><\/p><\/p>\n","protected":false},"excerpt":{"rendered":"<p>\u201cInvestigar en la pr\u00e1ctica para innovar la ense\u00f1anza\u201d es la iniciativa que convoca a docentes de Arica y Parinacota y de Tarapac\u00e1, con el fin de desarrollar innovaciones en el aula y mejorar sus m\u00e9todos de ense\u00f1anza. <\/p>\n","protected":false},"author":3,"featured_media":12885,"comment_status":"open","ping_status":"open","sticky":false,"template":"","format":"standard","meta":[],"categories":[50,32],"tags":[],"_links":{"self":[{"href":"https:\/\/www.uta.cl\/index.php\/wp-json\/wp\/v2\/posts\/12884"}],"collection":[{"href":"https:\/\/www.uta.cl\/index.php\/wp-json\/wp\/v2\/posts"}],"about":[{"href":"https:\/\/www.uta.cl\/index.php\/wp-json\/wp\/v2\/types\/post"}],"author":[{"embeddable":true,"href":"https:\/\/www.uta.cl\/index.php\/wp-json\/wp\/v2\/users\/3"}],"replies":[{"embeddable":true,"href":"https:\/\/www.uta.cl\/index.php\/wp-json\/wp\/v2\/comments?post=12884"}],"version-history":[{"count":1,"href":"https:\/\/www.uta.cl\/index.php\/wp-json\/wp\/v2\/posts\/12884\/revisions"}],"predecessor-version":[{"id":27609,"href":"https:\/\/www.uta.cl\/index.php\/wp-json\/wp\/v2\/posts\/12884\/revisions\/27609"}],"wp:featuredmedia":[{"embeddable":true,"href":"https:\/\/www.uta.cl\/index.php\/wp-json\/wp\/v2\/media\/12885"}],"wp:attachment":[{"href":"https:\/\/www.uta.cl\/index.php\/wp-json\/wp\/v2\/media?parent=12884"}],"wp:term":[{"taxonomy":"category","embeddable":true,"href":"https:\/\/www.uta.cl\/index.php\/wp-json\/wp\/v2\/categories?post=12884"},{"taxonomy":"post_tag","embeddable":true,"href":"https:\/\/www.uta.cl\/index.php\/wp-json\/wp\/v2\/tags?post=12884"}],"curies":[{"name":"wp","href":"https:\/\/api.w.org\/{rel}","templated":true}]}}