{"id":12800,"date":"2019-04-16T11:24:16","date_gmt":"2019-04-16T11:24:16","guid":{"rendered":"https:\/\/www.uta.cl\/s\/Jl_"},"modified":"2019-04-16T11:24:16","modified_gmt":"2019-04-16T11:24:16","slug":"alicia-barcena-llama-a-posicionar-a-las-universidades-de-la-region-como","status":"publish","type":"post","link":"https:\/\/www.uta.cl\/index.php\/2019\/04\/16\/alicia-barcena-llama-a-posicionar-a-las-universidades-de-la-region-como\/","title":{"rendered":"Alicia B\u00e1rcena llama a posicionar a las universidades de la regi\u00f3n como punto de encuentro de la Agenda 2030"},"content":{"rendered":"\n<p style=\"text-align: justify;\"><img loading=\"lazy\" alt=\"Imagen foto_00000001\" class=\"fotodrag\" height=\"259\" id=\"foto_00000001\" src=\"\/web\/site\/artic\/20190416\/imag\/foto_0000000120190416112416.jpg\" style=\"float: right; margin-left: 10px; margin-right: 10px;\" width=\"360\" data-w=\"550\" data-h=\"396\" \/>La Secretaria Ejecutiva de la Comisi\u00f3n Econ\u00f3mica para Am\u00e9rica Latina y el Caribe (CEPAL), Alicia B\u00e1rcena, llam\u00f3 hoy a posicionar a las universidades de la regi\u00f3n como punto de encuentro de la Agenda 2030 para el Desarrollo Sostenible, durante una clase magistral en el marco de la inauguraci\u00f3n del A\u00f1o Acad\u00e9mico 2019 de la Universidad de Tarapac\u00e1 de Chile.<\/p>\n<p style=\"text-align: justify;\">Junto a Alicia B\u00e1rcena inaugur\u00f3 el encuentro el Rector de la Universidad de Tarapac\u00e1, Emilio Rodr\u00edguez Ponce. En la ceremonia participaron tambi\u00e9n los senadores por la regi\u00f3n de Arica y Parinacota, Jos\u00e9 Miguel Insulza y Jos\u00e9 Miguel Durana.<\/p>\n<p style=\"text-align: justify;\">Durante su presentaci\u00f3n, la m\u00e1xima representante de la CEPAL resalt\u00f3 la necesidad de avanzar hacia un nuevo paradigma de desarrollo centrado en la igualdad y en la sostenibilidad ambiental, que sea el motor del crecimiento econ\u00f3mico. Para ello, dijo, debemos cambiar la conversaci\u00f3n entre el Estado, el mercado, las universidades y la sociedad.<\/p>\n<p style=\"text-align: justify;\">Alicia B\u00e1rcena destac\u00f3 la importancia de generar conocimiento y pr\u00e1ctica en torno a los Objetivos de Desarrollo Sostenible y su implementaci\u00f3n, y construir una oferta acad\u00e9mica con el objetivo de generar las bases de una propuesta abierta y participativa.<\/p>\n<p style=\"text-align: justify;\">Asimismo, subray\u00f3 la importancia de fortalecer la alianza entre las universidades y el sector productivo en \u00e1reas espec\u00edficas e innovadoras como lo digital, las energ\u00edas renovables y el cambio clim\u00e1tico, entre otras.<\/p>\n<p style=\"text-align: justify;\">En este sentido, destac\u00f3 la relevancia del nexo entre energ\u00eda renovable, agua y cambio clim\u00e1tico.<\/p>\n<p style=\"text-align: justify;\">Alicia B\u00e1rcena record\u00f3 que estamos en un punto de inflexi\u00f3n en la globalizaci\u00f3n con cambios tect\u00f3nicos, un multilateralismo en crisis, problem\u00e1ticas en la migraci\u00f3n y el cambio clim\u00e1tico.<\/p>\n<p style=\"text-align: justify;\">Advirti\u00f3 que el modelo actual es insostenible y que es necesario un cambio de paradigma que termine con la cultura del privilegio que naturaliza la desigualdad.<\/p>\n<p style=\"text-align: justify;\">La Secretaria Ejecutiva de la CEPAL record\u00f3 que la igualdad es instrumental para el desarrollo sostenible, la innovaci\u00f3n, el aumento de la productividad y la sostenibilidad ambiental.<\/p>\n<p style=\"text-align: justify;\">&#8220;Creemos que la igualdad es un instrumento para el desarrollo, es una dimensi\u00f3n de la eficiencia en el largo plazo. Resuelve la cultura de los privilegios, la distribuci\u00f3n funcional entre capital y trabajo y el rentismo-extractivista que requiere gobernanza de los recursos naturales&#8221;, se\u00f1al\u00f3.<\/p>\n<p style=\"text-align: justify;\">Asimismo, se refiri\u00f3 al desencanto peligroso de la ciudadan\u00eda hacia la democracia y una desigualdad que favorece a pocos.<\/p>\n<p style=\"text-align: justify;\">&#8220;Los ganadores de siempre, el 1% que son 8 empresas o individuos, acumulan las ganancias de 3 mil millones de personas en el planeta. Ese es nuestro principal problema a nivel global, la desigualdad&#8221;, subray\u00f3.<\/p>\n<p style=\"text-align: justify;\">Alicia B\u00e1rcena puntualiz\u00f3 que &#8220;el territorio importa&#8221; y subray\u00f3 que las desigualdades territoriales y sociales se entrelazan en una relaci\u00f3n dial\u00e9ctica, por lo que hay que lograr una mayor igualdad y sostenibilidad que reduzcan las brechas entre los territorios.<\/p>\n<p style=\"text-align: justify;\">&#8220;Entender el territorio permite dise\u00f1ar medidas m\u00e1s amplias del progreso que van de la producci\u00f3n al bienestar&#8221;, se\u00f1al\u00f3.<\/p>\n<p style=\"text-align: justify;\">Finalmente, la alta funcionaria de las Naciones Unidas destac\u00f3 la importancia de la cooperaci\u00f3n regional y el multilateralismo para abordar los actuales desaf\u00edos y alcanzar los objetivos de la Agenda 2030.<\/p>\n<p style=\"text-align: justify;\">Las actividades de la Secretaria Ejecutiva de la CEPAL continuaban por la tarde, con una intervenci\u00f3n con motivo de la presentaci\u00f3n de un ecosistema productivo fronterizo entre las ciudades de Arica, en Chile, y de Tacna, en Per\u00fa.<\/p>\n<p style=\"text-align: justify;\"><span style=\"text-decoration: underline;\">Fuente:<\/span> <a href=\"https:\/\/www.cepal.org\/es\/noticias\/alicia-barcena-llama-posicionar-universidades-la-region-como-punto-encuentro-la-agenda-2030\" target=\"_blank\">https:\/\/www.cepal.org\/es\/noticias\/alicia-barcena-llama-posicionar-universidades-la-region-como-punto-encuentro-la-agenda-2030<\/a><\/p>\n","protected":false},"excerpt":{"rendered":"<p>La Secretaria Ejecutiva de la CEPAL dict\u00f3 una clase magistral en el marco de la inauguraci\u00f3n del A\u00f1o Acad\u00e9mico 2019 de la Universidad de Tarapac\u00e1 de Chile<\/p>\n","protected":false},"author":3,"featured_media":12801,"comment_status":"open","ping_status":"open","sticky":false,"template":"","format":"standard","meta":[],"categories":[],"tags":[],"_links":{"self":[{"href":"https:\/\/www.uta.cl\/index.php\/wp-json\/wp\/v2\/posts\/12800"}],"collection":[{"href":"https:\/\/www.uta.cl\/index.php\/wp-json\/wp\/v2\/posts"}],"about":[{"href":"https:\/\/www.uta.cl\/index.php\/wp-json\/wp\/v2\/types\/post"}],"author":[{"embeddable":true,"href":"https:\/\/www.uta.cl\/index.php\/wp-json\/wp\/v2\/users\/3"}],"replies":[{"embeddable":true,"href":"https:\/\/www.uta.cl\/index.php\/wp-json\/wp\/v2\/comments?post=12800"}],"version-history":[{"count":0,"href":"https:\/\/www.uta.cl\/index.php\/wp-json\/wp\/v2\/posts\/12800\/revisions"}],"wp:featuredmedia":[{"embeddable":true,"href":"https:\/\/www.uta.cl\/index.php\/wp-json\/wp\/v2\/media\/12801"}],"wp:attachment":[{"href":"https:\/\/www.uta.cl\/index.php\/wp-json\/wp\/v2\/media?parent=12800"}],"wp:term":[{"taxonomy":"category","embeddable":true,"href":"https:\/\/www.uta.cl\/index.php\/wp-json\/wp\/v2\/categories?post=12800"},{"taxonomy":"post_tag","embeddable":true,"href":"https:\/\/www.uta.cl\/index.php\/wp-json\/wp\/v2\/tags?post=12800"}],"curies":[{"name":"wp","href":"https:\/\/api.w.org\/{rel}","templated":true}]}}