{"id":12690,"date":"2018-08-14T12:33:33","date_gmt":"2018-08-14T12:33:33","guid":{"rendered":"https:\/\/www.uta.cl\/s\/P45"},"modified":"2021-04-22T15:05:07","modified_gmt":"2021-04-22T15:05:07","slug":"estudiantes-de-seis-carreras-de-pedagogias-participaron-en-acto-de","status":"publish","type":"post","link":"https:\/\/www.uta.cl\/index.php\/2018\/08\/14\/estudiantes-de-seis-carreras-de-pedagogias-participaron-en-acto-de\/","title":{"rendered":"Estudiantes de seis carreras de pedagog\u00edas participaron en acto de bienvenida a su pr\u00e1ctica profesional"},"content":{"rendered":"\n<p><p style=\"text-align: justify;\">Aproximadamente 100 estudiantes de las seis carreras de pedagog\u00edas de la Facultad de Educaci\u00f3n y Humanidades de la Universidad de Tarapac\u00e1 recibieron la bienvenida al inicio de su \u00faltima pr\u00e1ctica profesional, ceremonia que se realiz\u00f3 en la Sala Manuela Pinto, en el Campus Saucache.<\/p>\n<p style=\"text-align: justify;\">Los alumnos, quienes cursan su pr\u00e1ctica profesional docente, se distribuyen en diferentes establecimientos educacionales de la ciudad y la regi\u00f3n para realizar intervenciones en aula.<\/p>\n<p><img alt=\"Imagen foto_00000004\" class=\"fotodrag\" id=\"foto_00000004\" src=\"\/web\/site\/artic\/20180814\/imag\/foto_0000000420180814123333.jpg\" style=\"margin-left: 10px; margin-right: 10px; float: left;\" data-w=\"360\" data-h=\"239\" width=\"360\"><\/p>\n<p style=\"text-align: justify;\">La coordinadora del Centro de Pr\u00e1cticas Pedag\u00f3gicas de la Facultad de Educaci\u00f3n y Humanidades, profesora Mabel Varas Mu\u00f1oz, se\u00f1al\u00f3 que esta ceremonia, poco tradicional, es m\u00e1s bien un taller de iniciaci\u00f3n a la actividad curricular de pr\u00e1ctica. Como tal, la actividad tiene un componente de potente interacci\u00f3n, donde los practicantes reflexionan y dan a conocer sus estados de \u00e1nimo, emociones y sentimientos sobre los desaf\u00edos que est\u00e1n por comenzar. El componente l\u00fadico tambi\u00e9n est\u00e1 presente, a trav\u00e9s de diferentes pruebas, rondas de preguntas y juegos. &#8220;Todos comparten entre s\u00ed, especialmente con quienes no conoc\u00edan por provenir de carreras diferentes. Intercambian informaci\u00f3n propia, percepciones iniciales de sus profesores supervisores, colaboradores y cursos asignados para el proceso que se inicia. Adem\u00e1s, sociabilizan la experiencia alcanzada en sus pr\u00e1cticas anteriores&#8221;.<\/p>\n<p><img loading=\"lazy\" alt=\"Imagen foto_00000006\" class=\"fotodrag\" id=\"foto_00000006\" src=\"\/web\/site\/artic\/20180814\/imag\/foto_0000000620180814123333.jpg\" style=\"float: right; margin-left: 10px; margin-right: 10px;\" data-w=\"360\" data-h=\"239\" width=\"374\" height=\"274\"><\/p>\n<p style=\"text-align: justify;\">Durante la actividad, se realizaron din\u00e1micas con el prop\u00f3sito de construir la comunidad de practicantes y, como en anteriores oportunidades, el comunicador y director de la Radio UTA, Ricardo Castillo, fue uno de los principales protagonistas, en su calidad de conductor y motivador para la participaci\u00f3n activa de las y los estudiantes.<\/p>\n<p style=\"text-align: justify;\">La profesora Mabel Varas finalmente dese\u00f3 el mejor de los \u00e9xitos a los estudiantes en este nuevo desaf\u00edo, record\u00e1ndoles que la Universidad de Tarapac\u00e1 estar\u00e1 siempre atenta a sus requerimientos.<\/p>\n<p style=\"text-align: justify;\">Los estudiantes que participaron de esta actividad y que por estos d\u00edas est\u00e1n iniciando su \u00faltima pr\u00e1ctica son de las siguientes carreras: Pedagog\u00eda en Ingl\u00e9s, Pedagog\u00eda en Historia y Geograf\u00eda, Educaci\u00f3n Parvularia y Psicopedagog\u00eda, Profesor de Educaci\u00f3n F\u00edsica, Pedagog\u00eda en Castellano y Comunicaci\u00f3n, y Pedagog\u00eda en Educaci\u00f3n B\u00e1sica.<\/p><\/p>\n\n\n\n<figure class=\"wp-block-image\"><a href=\"https:\/\/photos.app.goo.gl\/gBrSVgSQDtR1pmd49\" target=\"_blank\" rel=\"noopener\"><img loading=\"lazy\" width=\"300\" height=\"60\" src=\"https:\/\/www.uta.cl\/wp-content\/uploads\/2019\/05\/ver_galeria.jpg\" alt=\"\" class=\"wp-image-8828\"><\/a><\/figure>\n","protected":false},"excerpt":{"rendered":"<p>La coordinadora del Centro de Pr\u00e1cticas Pedag\u00f3gicas de la Facultad de Educaci\u00f3n y Humanidades, profesora Mabel Varas, les dese\u00f3 \u00e9xito en este nuevo desaf\u00edo y les record\u00f3 que la Universidad de Tarapac\u00e1 estar\u00e1 siempre atenta a sus requerimientos<\/p>\n","protected":false},"author":3,"featured_media":12691,"comment_status":"open","ping_status":"open","sticky":false,"template":"","format":"standard","meta":[],"categories":[32,99,100],"tags":[],"_links":{"self":[{"href":"https:\/\/www.uta.cl\/index.php\/wp-json\/wp\/v2\/posts\/12690"}],"collection":[{"href":"https:\/\/www.uta.cl\/index.php\/wp-json\/wp\/v2\/posts"}],"about":[{"href":"https:\/\/www.uta.cl\/index.php\/wp-json\/wp\/v2\/types\/post"}],"author":[{"embeddable":true,"href":"https:\/\/www.uta.cl\/index.php\/wp-json\/wp\/v2\/users\/3"}],"replies":[{"embeddable":true,"href":"https:\/\/www.uta.cl\/index.php\/wp-json\/wp\/v2\/comments?post=12690"}],"version-history":[{"count":3,"href":"https:\/\/www.uta.cl\/index.php\/wp-json\/wp\/v2\/posts\/12690\/revisions"}],"predecessor-version":[{"id":29460,"href":"https:\/\/www.uta.cl\/index.php\/wp-json\/wp\/v2\/posts\/12690\/revisions\/29460"}],"wp:featuredmedia":[{"embeddable":true,"href":"https:\/\/www.uta.cl\/index.php\/wp-json\/wp\/v2\/media\/12691"}],"wp:attachment":[{"href":"https:\/\/www.uta.cl\/index.php\/wp-json\/wp\/v2\/media?parent=12690"}],"wp:term":[{"taxonomy":"category","embeddable":true,"href":"https:\/\/www.uta.cl\/index.php\/wp-json\/wp\/v2\/categories?post=12690"},{"taxonomy":"post_tag","embeddable":true,"href":"https:\/\/www.uta.cl\/index.php\/wp-json\/wp\/v2\/tags?post=12690"}],"curies":[{"name":"wp","href":"https:\/\/api.w.org\/{rel}","templated":true}]}}