{"id":12638,"date":"2018-08-30T12:40:27","date_gmt":"2018-08-30T12:40:27","guid":{"rendered":"https:\/\/www.uta.cl\/s\/jl6"},"modified":"2021-04-22T14:29:44","modified_gmt":"2021-04-22T14:29:44","slug":"premio-nacional-de-geografia-dicto-clase-magistral-en-xvii-encuentro","status":"publish","type":"post","link":"https:\/\/www.uta.cl\/index.php\/2018\/08\/30\/premio-nacional-de-geografia-dicto-clase-magistral-en-xvii-encuentro\/","title":{"rendered":"Premio Nacional de Geograf\u00eda dict\u00f3 Clase Magistral en XVII Encuentro Nacional de Estudiantes de Geograf\u00eda"},"content":{"rendered":"\n<p><p style=\"text-align: justify;\">&#8220;<img alt=\"Imagen foto_00000004\" class=\"fotodrag\" id=\"foto_00000004\" src=\"\/web\/site\/artic\/20180830\/imag\/foto_0000000420180830124027.jpg\" style=\"margin-left: 10px; margin-right: 10px; float: left;\" data-w=\"360\" data-h=\"541\">Qu\u00e9 importante es poder compartir en este encuentro las vivencias de los ge\u00f3grafos, la forma de ver el mundo del ge\u00f3grafo. Hay un compromiso con el desarrollo del pa\u00eds, ese compromiso es con la sustentabilidad del desarrollo y por lo tanto, cualquier esfuerzo econ\u00f3mico tiene seriamente que vincularse con la sociedad y con el medioambiente y en este contexto, la geograf\u00eda es una disciplina comprometida con este esfuerzo, especialmente con el desarrollo de las regiones en Chile&#8221;, estas fueron las palabras al iniciar la clase magistral que ofreci\u00f3 el Premio Nacional de Geograf\u00eda 2013, Dr. Hugo Romero Aravena, en el <em>XVII Encuentro Nacional de Estudiantes de Geograf\u00eda<\/em> que se desarrolla en la Universidad de Tarapac\u00e1.<\/p>\n<p style=\"text-align: justify;\">El encuentro, que se realiza por primera vez en Arica y en la Universidad de Tarapac\u00e1, desde el 27 al 31 de agosto, es organizado por la Mesa Nacional de Estudiantes de Geograf\u00eda, el Centro de Estudiantes de Historia y Geograf\u00eda de la Universidad de Tarapac\u00e1 y el Comit\u00e9 Organizador ENEG UTA 2018 y cuenta con la participaci\u00f3n de alrededor de 265 estudiantes de la carrera de geograf\u00eda de todo el pa\u00eds, donde el acad\u00e9mico del Departamento de Geograf\u00eda de la Universidad de Chile y Presidente de la Sociedad Chilena de Ciencias Geogr\u00e1ficas, expuso el tema &#8220;Perspectivas y desaf\u00edos de la geograf\u00eda f\u00edsica y cr\u00edtica&#8221;.<\/p>\n<p style=\"text-align: justify;\">Durante su exposici\u00f3n, el Dr. Hugo Romero explic\u00f3 que la geograf\u00eda no ha sido una disciplina que haya tenido una presencia p\u00fablica importante, &#8220;en este encuentro el objetivo es difundir activamente, ante m\u00faltiples problemas territoriales, geogr\u00e1ficos y de riesgo que enfrenta el pa\u00eds y el norte de Chile, los aportes que puede realizar una disciplina como la geograf\u00eda&#8221;.<\/p>\n<p style=\"text-align: justify;\">&#8220;Tenemos grandes problemas de desequilibrios regionales, existe una inequidad tremendamente fuerte y adem\u00e1s est\u00e1n los problemas de los desastres que no son naturales, sino que son causados por la omisi\u00f3n de las acciones sociales o por el incremento de la vulnerabilidad a ra\u00edz de las acciones pol\u00edticas, econ\u00f3micas y culturales&#8221;, resalt\u00f3 el Premio Nacional de Geograf\u00eda 2013.<\/p>\n<p style=\"text-align: justify;\"><img loading=\"lazy\" alt=\"Imagen foto_00000007\" class=\"fotodrag\" id=\"foto_00000007\" src=\"\/web\/site\/artic\/20180830\/imag\/foto_0000000720180830124027.jpg\" style=\"margin-left: 10px; margin-right: 10px; float: right;\" data-w=\"360\" data-h=\"239\" width=\"360\" height=\"265\"><\/p>\n<p style=\"text-align: justify;\">Por otro lado, el Dr. Hugo Romero expuso sobre el escenario que est\u00e1 instalando la industria de litio en Chile y de qu\u00e9 manera entra en una contradicci\u00f3n con un medio ambiente absolutamente err\u00e1tico, incierto y ocupado por comunidades ind\u00edgenas, siendo un conflicto de gran envergadura. &#8220;Hay una enorme cantidad de mineras internacionales que est\u00e1n pugnando por instalarse en el norte del pa\u00eds, principalmente chinas. Para producir una tonelada de litio se necesitan millones de litros de agua y en el desierto m\u00e1s \u00e1rido del mundo es un gran conflicto. Tenemos una riqueza indudable de mineral, no solamente en litio sino adem\u00e1s en otros minerales pero estamos en una permanente dificultad, porque no tenemos una estrategia de vinculaci\u00f3n de estos proyectos con el tema socio-ambiental&#8221;.<\/p>\n<p style=\"text-align: justify;\">Agreg\u00f3 que &#8220;Chile se declara un pa\u00eds minero y no ha logrado elaborar sus pol\u00edticas estrat\u00e9gicas para generar un ambiente de confianza entre los actores sociales. Cada proyecto minero va acompa\u00f1ado de un gran conflicto el cual finaliza paralizando el proyecto o perturbarlo de tal manera que resulta irreconocible, adem\u00e1s de los problemas medioambientales que han generado&#8221;.<\/p>\n<p style=\"text-align: justify;\"><strong>Trayectoria<\/strong><\/p>\n<p style=\"text-align: justify;\">Hugo Romero Aravena es Doctor en Geograf\u00eda y Ordenaci\u00f3n del Territorio de la Universidad de Zaragoza, Espa\u00f1a y posee el grado de M\u00e1ster en Manejo de Recursos Naturales de la University of Cranfield, Reino Unido. Es Profesor Asociado en el Departamento de Geograf\u00eda de la Universidad de Chile, y se desempe\u00f1a como Director del Laboratorio de Territorio y Medio Ambiente. Su \u00e1rea de investigaci\u00f3n se vincula a temas medioambientales asociados a conflictos de exclusi\u00f3n y segregaci\u00f3n social, sustentabilidad, justicia socio-ambiental, calidad de vida e impacto del desarrollo urbano y de espacios rurales.<\/p>\n<p style=\"text-align: justify;\">En los <img alt=\"Imagen foto_00000011\" class=\"fotodrag\" id=\"foto_00000011\" src=\"\/web\/site\/artic\/20180830\/imag\/foto_0000001120180830124027.jpg\" style=\"margin-left: 10px; margin-right: 10px; float: left;\" data-w=\"360\" data-h=\"239\">\u00faltimos 28 a\u00f1os, ha conseguido el reconocimiento nacional e internacional por su contribuci\u00f3n en los campos de la climatolog\u00eda, la geograf\u00eda urbano-regional, la geograf\u00eda socio-ambiental, la ecolog\u00eda pol\u00edtica y los riesgos socio-naturales. Posee una vasta trayectoria en docencia universitaria en pre y postgrado junto con un amplio trabajo en formaci\u00f3n de equipos y una gran producci\u00f3n cient\u00edfica que se materializa en m\u00e1s de 200 publicaciones.<\/p>\n<p style=\"text-align: justify;\">El Dr. Hugo Romero Aravena es un destacado investigador en las \u00e1reas de la climatolog\u00eda, la geograf\u00eda urbano-regional, la geograf\u00eda socio-ambiental, la ecolog\u00eda pol\u00edtica y los riesgos socio-naturales.<\/p>\n<p style=\"text-align: justify;\">Gracias a sus aportes y permanente difusi\u00f3n de conocimiento en el \u00e1rea de la Geograf\u00eda, la Sociedad Chilena de Ciencias Geogr\u00e1ficas le otorg\u00f3 el galard\u00f3n en octubre del 2013, con el Premio Nacional de Geograf\u00eda.<\/p>\n<p style=\"text-align: justify;\">En junio del 2017 fue invitado por el Ministerio de Vivienda y Urbanismo a integrar el Consejo Consultivo de la Comisi\u00f3n Interministerial de Ciudad, Vivienda y Territorio, instancia que tiene como prop\u00f3sito llevar adelante la Pol\u00edtica Nacional de Ordenamiento Territorial.<\/p><\/p>\n","protected":false},"excerpt":{"rendered":"<p>Durante su exposici\u00f3n, el Premio Nacional de Geograf\u00eda 2013, Dr. Hugo Romero resalt\u00f3 que se debe asumir los problemas de equidad, \u201cfalta una mejor distribuci\u00f3n territorial de los recursos principalmente en infraestructura y capacitaci\u00f3n humana. No estamos construyendo el pa\u00eds que nos merecemos y queremos, y es ah\u00ed que la geograf\u00eda debiera estar permanentemente alertando a la sociedad sobre esto\u201d<\/p>\n","protected":false},"author":3,"featured_media":12639,"comment_status":"open","ping_status":"open","sticky":false,"template":"","format":"standard","meta":[],"categories":[32,100],"tags":[],"_links":{"self":[{"href":"https:\/\/www.uta.cl\/index.php\/wp-json\/wp\/v2\/posts\/12638"}],"collection":[{"href":"https:\/\/www.uta.cl\/index.php\/wp-json\/wp\/v2\/posts"}],"about":[{"href":"https:\/\/www.uta.cl\/index.php\/wp-json\/wp\/v2\/types\/post"}],"author":[{"embeddable":true,"href":"https:\/\/www.uta.cl\/index.php\/wp-json\/wp\/v2\/users\/3"}],"replies":[{"embeddable":true,"href":"https:\/\/www.uta.cl\/index.php\/wp-json\/wp\/v2\/comments?post=12638"}],"version-history":[{"count":1,"href":"https:\/\/www.uta.cl\/index.php\/wp-json\/wp\/v2\/posts\/12638\/revisions"}],"predecessor-version":[{"id":29428,"href":"https:\/\/www.uta.cl\/index.php\/wp-json\/wp\/v2\/posts\/12638\/revisions\/29428"}],"wp:featuredmedia":[{"embeddable":true,"href":"https:\/\/www.uta.cl\/index.php\/wp-json\/wp\/v2\/media\/12639"}],"wp:attachment":[{"href":"https:\/\/www.uta.cl\/index.php\/wp-json\/wp\/v2\/media?parent=12638"}],"wp:term":[{"taxonomy":"category","embeddable":true,"href":"https:\/\/www.uta.cl\/index.php\/wp-json\/wp\/v2\/categories?post=12638"},{"taxonomy":"post_tag","embeddable":true,"href":"https:\/\/www.uta.cl\/index.php\/wp-json\/wp\/v2\/tags?post=12638"}],"curies":[{"name":"wp","href":"https:\/\/api.w.org\/{rel}","templated":true}]}}