{"id":12634,"date":"2018-08-31T15:48:41","date_gmt":"2018-08-31T15:48:41","guid":{"rendered":"https:\/\/www.uta.cl\/estudiantes-de-la-uta-estiman-sus-carga-academicas-en-el-marco-nacional\/web\/2018-08-31\/154841.html"},"modified":"2021-05-03T14:17:47","modified_gmt":"2021-05-03T14:17:47","slug":"estudiantes-de-la-uta-estiman-sus-carga-academicas-en-el-marco-nacional","status":"publish","type":"post","link":"https:\/\/www.uta.cl\/index.php\/2018\/08\/31\/estudiantes-de-la-uta-estiman-sus-carga-academicas-en-el-marco-nacional\/","title":{"rendered":"Estudiantes de la UTA estiman sus carga acad\u00e9micas en el marco nacional del Sistema de Cr\u00e9ditos Transferibles (SCT)"},"content":{"rendered":"\n<p><p style=\"text-align: justify;\"><\/p>\n<p style=\"text-align: justify;\"><img loading=\"lazy\" alt=\"Imagen foto_00000002\" class=\"fotodrag\" id=\"foto_00000002\" src=\"\/web\/site\/artic\/20180831\/imag\/foto_0000000220180831154841.jpg\" style=\"float: left; margin-left: 10px; margin-right: 10px;\" data-w=\"700\" data-h=\"467\" width=\"359\" height=\"239\"><\/p>\n<p style=\"text-align: justify;\">Con la toma de un cuestionario sobre la carga acad\u00e9mica de los estudiantes establecida en los Cr\u00e9ditos transferibles en las carreras de pregrado con planes de estudio innovados de la Universidad de Tarapac\u00e1, la UTA como miembro del Consejo de Rectores de las Universidades Chilenas (CRUCH), se encuentra dando cumplimiento al proceso de implementaci\u00f3n del Sistema de Cr\u00e9ditos Transferibles (SCT).<\/p>\n<p style=\"text-align: justify;\">Dicho cuestionario, busca recopilar la opini\u00f3n de los estudiantes respecto del tiempo de trabajo presencial y aut\u00f3nomo que dedica para estudiar, informaci\u00f3n de vital importancia para las carreras y que ser\u00e1 utilizada en la mejora de los planes formativos innovados de la Universidad de Tarapac\u00e1.<\/p>\n<p style=\"text-align: justify;\"><\/p>\n<p style=\"text-align: justify;\"><img loading=\"lazy\" alt=\"Imagen foto_00000003\" class=\"fotodrag\" id=\"foto_00000003\" src=\"\/web\/site\/artic\/20180831\/imag\/foto_0000000320180831154841.jpg\" data-w=\"900\" data-h=\"302\" width=\"704\" height=\"236\" border=\"0\"><\/p>\n<p style=\"text-align: justify;\"><\/p>\n<p style=\"text-align: justify;\">Para recopilar la informaci\u00f3n, el equipo del \u00c1rea de Gesti\u00f3n y Desarrollo Curricular de la Direcci\u00f3n de Docencia de nuestra Casa de Estudio Superiores, se encuentra llevando a cabo esta tarea que se extender\u00e1 durante el segundo semestre. Las carreras a las que se tomar\u00e1 encuesta son: Ingenier\u00eda Comercial, Ingenier\u00eda en Informaci\u00f3n y Control de Gesti\u00f3n, Dise\u00f1o Multimedia, Ingenier\u00eda Qu\u00edmica Ambiental, Pedagog\u00eda en Biolog\u00eda y Ciencias Naturales, Pedagog\u00eda en F\u00edsica y Matem\u00e1tica, Pedagog\u00eda en Matem\u00e1tica, Pedagog\u00eda en Qu\u00edmica y Ciencias Naturales, Qu\u00edmico Laboratorista, Enfermer\u00eda, Medicina, Antropolog\u00eda, Psicolog\u00eda, Trabajo Social, Educaci\u00f3n Parvularia, Pedagog\u00eda en Castellano y Comunicaci\u00f3n, Pedagog\u00eda en Educaci\u00f3n B\u00e1sica, Pedagog\u00eda en Educaci\u00f3n Diferencial, Pedagog\u00eda en Historia, Geograf\u00eda y Ciencias Sociales, Profesor de Educaci\u00f3n F\u00edsica y Qu\u00edmico Licenciado en Qu\u00edmica.<\/p>\n<p style=\"text-align: justify;\">Por otra parte, es importante destacar, que la encuesta a diferencia del semestre pasado, se est\u00e1 aplicando a trav\u00e9s de una plataforma online. La cual, fue desarrollada por el profesional del \u00e1rea, \u00c1lvaro M\u00e1rquez, lo que permitir\u00e1 tener los resultados de manera m\u00e1s oportuna. Tambi\u00e9n, se debe se\u00f1alar que este trabajo, forma parte y se realiza en el contexto del Convenio de Desempe\u00f1o de Armonizaci\u00f3n Curricular UTA 1501.<\/p>\n<p style=\"text-align: justify;\">BALANCE COORDINACI\u00d3N<\/p>\n<p style=\"text-align: justify;\">Galia Meneses Riquelme, quien es coordinadora del \u00c1rea de Gesti\u00f3n y Desarrollo Curricular a cargo de este trabajo, coment\u00f3 sobre la importancia que reviste para la instituci\u00f3n reunir esta informaci\u00f3n. &#8220;Es importante para el proceso de innovaci\u00f3n curricular recopilar informaci\u00f3n sobre los tiempos establecidos en la estimaci\u00f3n del cr\u00e9dito transferible en cada asignatura, enfatizando que aqu\u00ed en UTA cada profesor de asignatura se hizo cargo de hacerlo, transparentando de esta manera lo que se declara en funci\u00f3n de los resultados de aprendizajes&#8221;, explic\u00f3 la profesional, que adem\u00e1s a\u00f1adi\u00f3 que en este sentido, aplicar los cuestionarios a varias cohortes de estudiantes les permitir\u00e1 hacer el monitoreo para la mejora de los procesos formativos, adem\u00e1s de asumirlo como una variable de calidad.<\/p>\n<p style=\"text-align: justify;\"><\/p>\n<p style=\"text-align: justify;\"><img loading=\"lazy\" alt=\"Imagen foto_00000001\" class=\"fotodrag\" id=\"foto_00000001\" src=\"\/web\/site\/artic\/20180831\/imag\/foto_0000000120180831154841.jpg\" data-w=\"900\" data-h=\"302\" width=\"701\" height=\"235\" border=\"0\"><\/p>\n<p style=\"text-align: justify;\"><\/p><\/p>\n","protected":false},"excerpt":{"rendered":"<p>Informaci\u00f3n obtenida es gracias al aporte comprometido de los estudiantes encuestados.<\/p>\n","protected":false},"author":3,"featured_media":12635,"comment_status":"open","ping_status":"open","sticky":false,"template":"","format":"standard","meta":[],"categories":[32,99,102,100],"tags":[],"_links":{"self":[{"href":"https:\/\/www.uta.cl\/index.php\/wp-json\/wp\/v2\/posts\/12634"}],"collection":[{"href":"https:\/\/www.uta.cl\/index.php\/wp-json\/wp\/v2\/posts"}],"about":[{"href":"https:\/\/www.uta.cl\/index.php\/wp-json\/wp\/v2\/types\/post"}],"author":[{"embeddable":true,"href":"https:\/\/www.uta.cl\/index.php\/wp-json\/wp\/v2\/users\/3"}],"replies":[{"embeddable":true,"href":"https:\/\/www.uta.cl\/index.php\/wp-json\/wp\/v2\/comments?post=12634"}],"version-history":[{"count":2,"href":"https:\/\/www.uta.cl\/index.php\/wp-json\/wp\/v2\/posts\/12634\/revisions"}],"predecessor-version":[{"id":29458,"href":"https:\/\/www.uta.cl\/index.php\/wp-json\/wp\/v2\/posts\/12634\/revisions\/29458"}],"wp:featuredmedia":[{"embeddable":true,"href":"https:\/\/www.uta.cl\/index.php\/wp-json\/wp\/v2\/media\/12635"}],"wp:attachment":[{"href":"https:\/\/www.uta.cl\/index.php\/wp-json\/wp\/v2\/media?parent=12634"}],"wp:term":[{"taxonomy":"category","embeddable":true,"href":"https:\/\/www.uta.cl\/index.php\/wp-json\/wp\/v2\/categories?post=12634"},{"taxonomy":"post_tag","embeddable":true,"href":"https:\/\/www.uta.cl\/index.php\/wp-json\/wp\/v2\/tags?post=12634"}],"curies":[{"name":"wp","href":"https:\/\/api.w.org\/{rel}","templated":true}]}}