{"id":12570,"date":"2018-09-10T18:49:00","date_gmt":"2018-09-10T18:49:00","guid":{"rendered":"https:\/\/www.uta.cl\/s\/DS6"},"modified":"2021-04-22T14:29:26","modified_gmt":"2021-04-22T14:29:26","slug":"monica-meza-aliaga-investigadora-del-departamento-de-ciencias","status":"publish","type":"post","link":"https:\/\/www.uta.cl\/index.php\/2018\/09\/10\/monica-meza-aliaga-investigadora-del-departamento-de-ciencias\/","title":{"rendered":"M\u00f3nica Meza Aliaga, investigadora del Departamento de Ciencias Hist\u00f3ricas y Geogr\u00e1ficas, &quot;hoy me encuentro desarrollando mi tesis doctoral desde un enfoque humanista de la geograf\u00eda&quot;"},"content":{"rendered":"\n<p><p style=\"text-align: justify;\"><img loading=\"lazy\" alt=\"Imagen foto_00000001\" class=\"fotodrag\" id=\"foto_00000001\" src=\"\/web\/site\/artic\/20180910\/imag\/foto_0000000120180910184900.jpg\" style=\"float: left; margin-left: 10px; margin-right: 10px;\" data-w=\"550\" data-h=\"413\" width=\"303\" height=\"227\">M\u00f3nica Meza Aliaga, comenz\u00f3 su formaci\u00f3n como investigadora en la Universidad de Chile, luego de su paso por el programa de Mag\u00edster en Geograf\u00eda menci\u00f3n Recursos Territoriales y que le permiti\u00f3 generar v\u00ednculos con investigadores que se encontraban desarrollando investigaci\u00f3n con financiamiento Fondecyt.<\/p>\n<p style=\"text-align: justify;\">Ge\u00f3grafa con menci\u00f3n Gesti\u00f3n y Ordenamiento Territorial, por la Universidad de Playa Ancha, su enfoque investigativo le ha permitido complementar su perfil profesional obtenido en el pregrado, cuya tesis se bas\u00f3 en la degradaci\u00f3n morfoedafol\u00f3gica en tres cuencas de Chile. &#8220;Con el desarrollo de mi tesis de mag\u00edster fui posicion\u00e1ndome desde una perspectiva f\u00edsica de la geograf\u00eda y trabaj\u00e9 con suelos, indicadores f\u00edsico-qu\u00edmicos de este recurso y tambi\u00e9n indicadores de campo, modelando y estimando la erosi\u00f3n de laderas y mapeando los distintos usos y manejos del suelo en la cuenca de Quillota&#8221;.<\/p>\n<p style=\"text-align: justify;\">En el 2010 gana un concurso p\u00fablico en la Universidad de Tarapac\u00e1 traslad\u00e1ndose desde Santiago a la ciudad de Arica para desempe\u00f1arse como acad\u00e9mica del Departamento de Ciencias Hist\u00f3ricas y Geogr\u00e1ficas, destac\u00e1ndose su participaci\u00f3n en algunos proyectos Fondecyt, como el relacionado al cambio clim\u00e1tico del norte de Chile, investigaci\u00f3n realizada junto al Dr. Hugo Romero, acad\u00e9mico de la Universidad de Chile, &#8220;fuimos observando la precordillera de la regi\u00f3n, desde una \u00f3ptica de la amenaza y la construcci\u00f3n social del riesgo en Cami\u00f1a, y de la adaptaci\u00f3n al cambio clim\u00e1tico en Codpa y Timar, vinculados a la quebrada de Apanza gracias al desarrollo de cultivos estacionales en el pasado, para esto fuimos sumando estudiantes memoristas de la l\u00ednea de geograf\u00eda de la UTA. Es la forma como comenc\u00e9 a investigar y claro est\u00e1, nunca se deja de aprender&#8221;.<\/p>\n<p style=\"text-align: justify;\">Actualmente M\u00f3nica Meza est\u00e1 perfeccion\u00e1ndose en el programa de Doctorado en Geograf\u00eda de la Pontificia Universidad Cat\u00f3lica de Chile. Instancia que le permiti\u00f3 reconsiderar su l\u00ednea investigativa f\u00edsica, centrando sus estudios hoy en d\u00eda desde un enfoque humanista de la geograf\u00eda, es decir, desde una perspectiva de la pol\u00edtica de la disciplina.<\/p>\n<p style=\"text-align: justify;\">&#8220;Siento que es un interesante desaf\u00edo que los investigadores problematicen desde paradigmas distintos del que se han venido posicionando, es un ejercicio que en el doctorado de la PUC nos piden hacer en el primer semestre. Yo llegu\u00e9 al programa de la UC con un perfil m\u00e1s bien f\u00edsico, pero dadas las nuevas inquietudes, hoy me encuentro desarrollando mi tesis doctoral desde un enfoque humanista de la geograf\u00eda en una direcci\u00f3n pol\u00edtica de la disciplina y como la geograf\u00eda es por definici\u00f3n una ciencia mixta, que se preocupa por el paisaje f\u00edsico y tambi\u00e9n por el cultural, considero interesante cambiar de paradigma para poder integrar ambos aspectos de la realidad geogr\u00e1fica en el futuro porque son complementarios, constituyen la s\u00edntesis espacial siendo una interesante cualidad del ser ge\u00f3grafo, pues hoy d\u00eda la h\u00edper especializaci\u00f3n est\u00e1 alejando a los ge\u00f3grafos de ese principio y los posiciona m\u00e1s pr\u00f3ximos a otras disciplinas que incluso son auxiliares a la geograf\u00eda&#8221;, agreg\u00f3 la profesional.<\/p>\n<p style=\"text-align: justify;\"><strong>Desarrollo acad\u00e9mico sin mirar g\u00e9nero<\/strong><\/p>\n<p style=\"text-align: justify;\"><img alt=\"Imagen foto_00000003\" class=\"fotodrag\" id=\"foto_00000003\" src=\"\/web\/site\/artic\/20180910\/imag\/foto_0000000320180910184900.jpg\" style=\"float: right; margin-left: 10px; margin-right: 10px;\" data-w=\"360\" data-h=\"240\">Siendo la \u00fanica mujer ge\u00f3grafa del Departamento de Ciencias Hist\u00f3ricas y Geogr\u00e1ficas de esta Casa de Estudios Superiores, M\u00f3nica Meza Aliaga, asumi\u00f3 el desaf\u00edo profesional con madurez para cumplir sus expectativas profesionales. &#8220;Laboralmente podr\u00eda ser un reto estar adscrita en un departamento bien masculino, pero la verdad tengo buenas relaciones con mis compa\u00f1eros de trabajo, creo que s\u00e9 moverme en un mundo masculino, siempre ha sido as\u00ed, en mi casa, en la Universidad como estudiante y trabajadora. No lo naturalizo, ya que me encantar\u00eda tener colegas ge\u00f3grafas para formar equipo, pero he aprendido que en el \u00e1mbito de las ciencias el principio de la universalidad debe primar y es por esta raz\u00f3n que la pol\u00edtica institucional debe cautelar otorgar la posibilidad de desarrollo acad\u00e9mico sin mirar a quien, asegurando el respeto por los principios de probidad que posee la ciencia&#8221;.<\/p>\n<p style=\"text-align: justify;\">Agrega que &#8220;la Universidad de Tarapac\u00e1 me ha dado la posibilidad de desarrollarme acad\u00e9micamente sin mirar g\u00e9nero, y eso me parece que es sano. Asimismo, me parece destacable que la Universidad en su nuevo equipo de gesti\u00f3n haya considerado la participaci\u00f3n femenina, lo que incidir\u00e1 en tener una mirada de mujer, sin perder de vista la contingencia y la necesidad de ganar espacios y terreno en esta materia&#8221;.<\/p>\n<p style=\"text-align: justify;\"><strong>Proyectos Fondecyt<\/strong><\/p>\n<p style=\"text-align: justify;\">Tesista y apoyo t\u00e9cnico, FONDECYT N\u00ba 1071098 &#8220;Vulnerabilidad y niveles de degradaci\u00f3n del sistema morfoedafol\u00f3gico a las transformaciones productivas y expansi\u00f3n urbana. An\u00e1lisis integrado y comparativo de cuencas&#8221;.<\/p>\n<p style=\"text-align: justify;\">Coinvestigadora, FONDECYT N\u00ba 1120204 &#8220;An\u00e1lisis Multiescalar de los Cambios Clim\u00e1ticos y su Consideraci\u00f3n en la Evaluaci\u00f3n Ambiental Estrat\u00e9gica del Desarrollo Regional Sustentable del Altiplano del Norte de Chile&#8221;.<\/p>\n<p style=\"text-align: justify;\">Coinvestigadora, FONDECYT N\u00ba 1150701 &#8220;Investigaci\u00f3n participativa a trav\u00e9s de observatorios ecol\u00f3gico-sociales de los cambios y variabilidades clim\u00e1ticas del altiplano andino del Norte de Chile&#8221;.<\/p><\/p>\n","protected":false},"excerpt":{"rendered":"<p>La investigadora de la Universidad de Tarapac\u00e1 destaca que la geograf\u00eda es por definici\u00f3n una ciencia mixta, que se preocupa por el paisaje f\u00edsico y tambi\u00e9n por el cultural, &#8220;considero interesante cambiar de paradigma para poder integrar ambos aspectos de la realidad geogr\u00e1fica en el futuro&#8221;<\/p>\n","protected":false},"author":3,"featured_media":12571,"comment_status":"open","ping_status":"open","sticky":false,"template":"","format":"standard","meta":[],"categories":[32,100],"tags":[],"_links":{"self":[{"href":"https:\/\/www.uta.cl\/index.php\/wp-json\/wp\/v2\/posts\/12570"}],"collection":[{"href":"https:\/\/www.uta.cl\/index.php\/wp-json\/wp\/v2\/posts"}],"about":[{"href":"https:\/\/www.uta.cl\/index.php\/wp-json\/wp\/v2\/types\/post"}],"author":[{"embeddable":true,"href":"https:\/\/www.uta.cl\/index.php\/wp-json\/wp\/v2\/users\/3"}],"replies":[{"embeddable":true,"href":"https:\/\/www.uta.cl\/index.php\/wp-json\/wp\/v2\/comments?post=12570"}],"version-history":[{"count":1,"href":"https:\/\/www.uta.cl\/index.php\/wp-json\/wp\/v2\/posts\/12570\/revisions"}],"predecessor-version":[{"id":29427,"href":"https:\/\/www.uta.cl\/index.php\/wp-json\/wp\/v2\/posts\/12570\/revisions\/29427"}],"wp:featuredmedia":[{"embeddable":true,"href":"https:\/\/www.uta.cl\/index.php\/wp-json\/wp\/v2\/media\/12571"}],"wp:attachment":[{"href":"https:\/\/www.uta.cl\/index.php\/wp-json\/wp\/v2\/media?parent=12570"}],"wp:term":[{"taxonomy":"category","embeddable":true,"href":"https:\/\/www.uta.cl\/index.php\/wp-json\/wp\/v2\/categories?post=12570"},{"taxonomy":"post_tag","embeddable":true,"href":"https:\/\/www.uta.cl\/index.php\/wp-json\/wp\/v2\/tags?post=12570"}],"curies":[{"name":"wp","href":"https:\/\/api.w.org\/{rel}","templated":true}]}}