{"id":12568,"date":"2018-09-11T13:03:24","date_gmt":"2018-09-11T13:03:24","guid":{"rendered":"https:\/\/www.uta.cl\/s\/E66"},"modified":"2018-09-11T13:03:24","modified_gmt":"2018-09-11T13:03:24","slug":"investigadora-dra-elizabeth-bastias-dicto-charla-los-cultivos-en-zonas","status":"publish","type":"post","link":"https:\/\/www.uta.cl\/index.php\/2018\/09\/11\/investigadora-dra-elizabeth-bastias-dicto-charla-los-cultivos-en-zonas\/","title":{"rendered":"Investigadora Dra. Elizabeth Bast\u00edas dict\u00f3 charla \u201cLos cultivos en zonas \u00e1ridas\u201d en sesi\u00f3n final de \u201cMi\u00e9rcoles en la Academia 2018\u201d"},"content":{"rendered":"\n<p style=\"text-align: justify;\"><img alt=\"Imagen foto_00000001\" class=\"fotodrag\" id=\"foto_00000001\" src=\"\/web\/site\/artic\/20180911\/imag\/foto_0000000120180911130324.jpg\" style=\"float: left; margin-left: 10px; margin-right: 10px;\" data-w=\"300\" data-h=\"190\" \/>&#8220;La agricultura en zonas \u00e1ridas no puede realizarse sin la qu\u00edmica, hay que investigar el agua, el suelo y las plantas&#8221;, se\u00f1ala la profesora Elizabeth Bast\u00edas, quien present\u00f3 su trabajo en ese tipo de \u00e1reas en la charla final de &#8220;Mi\u00e9rcoles en la Academia \u2013 Ciencias Qu\u00edmicas y de los Materiales 2018&#8221;.<\/p>\n<p style=\"text-align: justify;\">La profesora Bast\u00edas present\u00f3 su charla &#8220;Comportamiento agrofisiol\u00f3gico de cultivos en condiciones qu\u00edmicas extremas&#8221;, donde dio a conocer las investigaciones realizadas en el valle de Lluta, en la regi\u00f3n de Arica y Parinacota, al norte de Chile, donde han logrado que los agricultores de la zona pueden mejorar sus cultivos a pesar de las condiciones de alta salinidad y poca disponibilidad de agua.<\/p>\n<p style=\"text-align: justify;\">Elizabeth Bast\u00edas es profesora titular de la Universidad de Tarapac\u00e1, en Arica, espec\u00edficamente, de la Facultad de Ciencias Agron\u00f3micas. Tras graduarse de Pedagog\u00eda en Biolog\u00eda y Ciencias Naturales en la Universidad de Chile, realiz\u00f3 un doctorado en Ciencias Biol\u00f3gicas menci\u00f3n Fisiolog\u00eda Vegetal por la Universidad del Pa\u00eds Vasco en Espa\u00f1a.<\/p>\n<p style=\"text-align: justify;\">Desde hace algunos a\u00f1os ella, junto a los cient\u00edficos de su departamento y de otras \u00e1reas de la Universidad de Tarapac\u00e1, lograron no s\u00f3lo aumentar la productividad y la calidad de los cultivos de la zona, sino tambi\u00e9n investigar las condiciones de un ecosistema \u00e1rido y c\u00f3mo el cambio clim\u00e1tico puede afectarlo.<\/p>\n<p style=\"text-align: justify;\">Para esto, primero debieron acercarse a los habitantes del valle de Lluta, gan\u00e1ndose su confianza para luego mostrarles resultados en la mejora de sus siembras realizando investigaci\u00f3n aplicada, para lo cual debieron primero analizar el suelo y la calidad de las aguas, con altos niveles de sodio y cloruro de sodio, as\u00ed como el tipo de cultivos, donde se llevaron la sorpresa de encontrar tipos de semillas que se cre\u00edan desaparecidas.<\/p>\n<p style=\"text-align: justify;\">Mientras lograron aislar las zonas de cultivos con mallas de telas que mantienen la temperatura, humedad y lo bloquean de posibles contaminantes, ya que los pesticidas no sirven dado la aridez del terreno, junto con tratar las semillas para adaptarse mejor y aumentar su valor nutritivo, detectaron productos que no sospechaban, como ma\u00edz de colores, existentes en Per\u00fa o Bolivia, pero que hab\u00edan desaparecido en la zona, o tambi\u00e9n el tomate poncho negro, que se ha convertido en una marca protegida para los agricultores de la zona.<\/p>\n<p style=\"text-align: justify;\">Gran parte de este trabajo multidisciplinario, que incluy\u00f3 a qu\u00edmicos, bi\u00f3logos, agr\u00f3nomos e incluso antrop\u00f3logos e historiadores se plasm\u00f3 en gran parte en el libro &#8220;Historia de los cultivos del ma\u00edz en un valle salado&#8221;, donde Elizabeth Bast\u00edas actu\u00f3 como editora junto al historiador Alberto D\u00edaz Araya.<\/p>\n<p><img loading=\"lazy\" alt=\"Imagen foto_00000002\" border=\"0\" class=\"fotodrag\" height=\"480\" id=\"foto_00000002\" src=\"\/web\/site\/artic\/20180911\/imag\/foto_0000000220180911130324.jpg\" style=\"display: block; margin-left: auto; margin-right: auto;\" width=\"563\" data-w=\"700\" data-h=\"597\" \/><\/p>\n<p>Fuente: Academia Chilena de Ciencias<\/p>\n","protected":false},"excerpt":{"rendered":"<p>La acad\u00e9mica de la Universidad de Tarapac\u00e1 fue invitada por la Dra. Ligia Gargallo G., Premio Nacional de Ciencias Naturales, Premio L\u2019oreal-Unesco \u201cMujeres de Ciencias\u201d y Miembro de N\u00famero de la Academia Chilena de Ciencias, entidad que organiz\u00f3 esta actividad<\/p>\n","protected":false},"author":3,"featured_media":12569,"comment_status":"open","ping_status":"open","sticky":false,"template":"","format":"standard","meta":[],"categories":[],"tags":[],"_links":{"self":[{"href":"https:\/\/www.uta.cl\/index.php\/wp-json\/wp\/v2\/posts\/12568"}],"collection":[{"href":"https:\/\/www.uta.cl\/index.php\/wp-json\/wp\/v2\/posts"}],"about":[{"href":"https:\/\/www.uta.cl\/index.php\/wp-json\/wp\/v2\/types\/post"}],"author":[{"embeddable":true,"href":"https:\/\/www.uta.cl\/index.php\/wp-json\/wp\/v2\/users\/3"}],"replies":[{"embeddable":true,"href":"https:\/\/www.uta.cl\/index.php\/wp-json\/wp\/v2\/comments?post=12568"}],"version-history":[{"count":0,"href":"https:\/\/www.uta.cl\/index.php\/wp-json\/wp\/v2\/posts\/12568\/revisions"}],"wp:featuredmedia":[{"embeddable":true,"href":"https:\/\/www.uta.cl\/index.php\/wp-json\/wp\/v2\/media\/12569"}],"wp:attachment":[{"href":"https:\/\/www.uta.cl\/index.php\/wp-json\/wp\/v2\/media?parent=12568"}],"wp:term":[{"taxonomy":"category","embeddable":true,"href":"https:\/\/www.uta.cl\/index.php\/wp-json\/wp\/v2\/categories?post=12568"},{"taxonomy":"post_tag","embeddable":true,"href":"https:\/\/www.uta.cl\/index.php\/wp-json\/wp\/v2\/tags?post=12568"}],"curies":[{"name":"wp","href":"https:\/\/api.w.org\/{rel}","templated":true}]}}