{"id":12552,"date":"2018-09-13T12:46:31","date_gmt":"2018-09-13T12:46:31","guid":{"rendered":"https:\/\/www.uta.cl\/estudiantes-de-codpa-conjugan-aprendizajes-y-creativas-producciones-en\/web\/2018-09-13\/124631.html"},"modified":"2021-04-19T18:03:35","modified_gmt":"2021-04-19T18:03:35","slug":"estudiantes-de-codpa-conjugan-aprendizajes-y-creativas-producciones-en","status":"publish","type":"post","link":"https:\/\/www.uta.cl\/index.php\/2018\/09\/13\/estudiantes-de-codpa-conjugan-aprendizajes-y-creativas-producciones-en\/","title":{"rendered":"Estudiantes de Codpa conjugan aprendizajes y creativas producciones en &quot;Caf\u00e9 Literario&quot;"},"content":{"rendered":"\n<p><p style=\"text-align: justify;\"><\/p>\n<p style=\"text-align: justify;\"><img loading=\"lazy\" alt=\"Imagen foto_00000004\" class=\"fotodrag\" id=\"foto_00000004\" src=\"\/web\/site\/artic\/20180913\/imag\/foto_0000000420180913124631.jpg\" style=\"float: left; margin-left: 10px; margin-right: 10px;\" data-w=\"700\" data-h=\"467\" width=\"359\" height=\"239\"><\/p>\n<p style=\"text-align: justify;\">Un cierre de proyecto participativo so\u00f1ado, tuvo el Liceo Agr\u00edcola &#8220;Valle de Codpa&#8221;, proyecto que tuvo de principio a fin un exitoso desarrollo y en el que se evidenci\u00f3 el gran esfuerzo y dedicaci\u00f3n de los estudiantes y el trabajo llevado a cabo por el equipo del \u00c1rea de Lenguaje del Programa PACE.<\/p>\n<p style=\"text-align: justify;\">La actividad realizada en la localidad de Codpa, cont\u00f3 con la presencia del alcalde de la comuna de Camarones, Iv\u00e1n Romero Menacho, Giullia Olivera Le\u00f3n, directora del Liceo Valle de Codpa, Jos\u00e9 Z\u00fa\u00f1iga Verdugo, Jefe de Unidad T\u00e9cnico Pedag\u00f3gico, Paola Caselli Soto, encargada financiera del PACE UTA y el equipo ejecutor del Proyecto Participativo &#8220;Taller literario: Fomentando la escritura creativa&#8221;.<\/p>\n<p style=\"text-align: justify;\">La jornada estuvo cargada de emociones y reconocimientos a la labor de los estudiantes, incluyendo adem\u00e1s la lectura de los diferentes trabajos realizados, los que fueron presentados y que pudieron ser vistos y recorridos por los asistentes en una muestra que dejo gratas impresiones por la calidad en la expresi\u00f3n art\u00edstica, creativa y literaria. Adem\u00e1s, se hizo entrega de la &#8220;Revista literaria digital&#8221; del Liceo Valle de Codpa, material que compila las distintas obras realizadas por los estudiantes correspondiente a los g\u00e9neros dram\u00e1tico, l\u00edrico y narrativo, cuya lectura se realiz\u00f3 para deleite de los asistentes. Finalmente se hizo la entrega de diplomas que ser\u00e1n el recuerdo de su destacada participaci\u00f3n de las actividades del proyecto que tuvo la participaci\u00f3n de un grupo de 18 estudiantes de primero a tercero medio en seis sesiones de taller.<\/p>\n<p style=\"text-align: justify;\"><\/p>\n<p style=\"text-align: justify;\"><img loading=\"lazy\" alt=\"Imagen foto_00000003\" class=\"fotodrag\" id=\"foto_00000003\" src=\"\/web\/site\/artic\/20180913\/imag\/foto_0000000320180913124631.jpg\" data-w=\"900\" data-h=\"302\" width=\"701\" height=\"235\" border=\"0\"><\/p>\n<p style=\"text-align: justify;\">REACCIONES<\/p>\n<p style=\"text-align: justify;\">Iv\u00e1n Romero, alcalde de la comuna de Camarones, alab\u00f3 la labor cometida por los estudiantes y agradeci\u00f3 el trabajo que lleva a cabo el Programa PACE en el establecimiento, aduciendo al profesionalismo y cari\u00f1o evidente que se pudo palpar en la actividad. &#8220;Los estudiantes se han comprometido e integrado y el Programa PACE en este espacio ha contribuido para que los ni\u00f1os y ni\u00f1as puedan escribir estas hermosas obras que hoy conocimos&#8221;, se\u00f1al\u00f3 la autoridad comunal.<\/p>\n<p style=\"text-align: justify;\">En tanto, la directora del Liceo Codpa, Giullia Olivera, remarc\u00f3 en que este trabajo reafirma en que el acceso igualitario a la Educaci\u00f3n Superior, no tiene que ver netamente con lo cognitivo. &#8220;Se trata tambi\u00e9n de lo transversal en la formaci\u00f3n integral de los estudiantes y eso es lo que busca este programa&#8221;, reflexion\u00f3 la docente, agregando sobre lo mismo que &#8220;este programa ha logrado nivelar el acceso y les ha entregado a los j\u00f3venes el sue\u00f1o concreto de ingresar a la Universidad o a la educaci\u00f3n t\u00e9cnico profesional&#8221;, coment\u00f3.<\/p>\n<p style=\"text-align: justify;\">Mientras que, para los estudiantes un\u00e1nimemente, la experiencia fue muy enriquecedora y as\u00ed lo dejo de manifiesto, Yenko Grillin Olivares, estudiante de tercero medio, qui\u00e9n se\u00f1al\u00f3 que uno de los puntos importantes en el desarrollo del trabajo y los talleres fue la motivaci\u00f3n de las docentes. &#8220;Ellas supieron llegar a nosotros y encantarnos con este trabajo, ya que nos hicieron dar cuenta que ten\u00edamos las aptitudes para hacerlo. Puedo resumir todo lo que hicimos como una experiencia maravillosa&#8221;.<\/p>\n<p style=\"text-align: justify;\"><\/p>\n<p style=\"text-align: justify;\"><img loading=\"lazy\" alt=\"Imagen foto_00000002\" class=\"fotodrag\" id=\"foto_00000002\" src=\"\/web\/site\/artic\/20180913\/imag\/foto_0000000220180913124631.jpg\" data-w=\"900\" data-h=\"302\" width=\"701\" height=\"235\" border=\"0\"><\/p>\n<p style=\"text-align: justify;\">Por parte de las docentes de Programa PACE a cargo, el balance tambi\u00e9n fue positivo y la experiencia muy enriquecedora, en ese sentido, Lissette D\u00edaz Rocha, profesora de Castellano y Comunicaci\u00f3n, expres\u00f3 que &#8220;esto era algo desconocido para ellos y m\u00e1s que contenidos quer\u00edamos incentivar la creatividad, algo que costo, pero que se fue dando naturalmente al correr de las sesiones&#8221;, coment\u00f3.<\/p>\n<p style=\"text-align: justify;\">En relaci\u00f3n al resultado obtenido en el proyecto, la facilitadora PACE, destac\u00f3 que los objetivos se cumplieron, por cuanto, los estudiantes adquirieron los aprendizajes e hicieron todo el proceso que implica la escritura, desde la planificaci\u00f3n, revisi\u00f3n, correcci\u00f3n, hasta finalmente darle el retoque final a sus textos. &#8220;Cumplimos los objetivos, ya sean acad\u00e9micos y de desarrollo de habilidades transversales&#8221;.<\/p>\n<p style=\"text-align: justify;\">Finalmente, la encargada financiera y de proyectos participativos del Programa PACE, Paola Caselli, valor\u00f3 la realizaci\u00f3n de este tipo de actividades, puesto que, se ven favorecidas el desarrollo de competencias transversales de los estudiantes que les sirven para la Educaci\u00f3n Superior y sus proyectos de vida actuales y futuros. En cuanto a la actividad propiamente tal, Caselli destac\u00f3 el involucramiento de toda la comunidad en la presentaci\u00f3n de las obras de los estudiantes en el Caf\u00e9 Literario. &#8220;Ese acompa\u00f1amiento es muy positivo, porque los estudiantes sienten que se valora su trabajo y adem\u00e1s se vinculan con su entorno&#8221;, apunt\u00f3.<\/p>\n<p style=\"text-align: justify;\"><img loading=\"lazy\" alt=\"Imagen foto_00000001\" class=\"fotodrag\" id=\"foto_00000001\" src=\"\/web\/site\/artic\/20180913\/imag\/foto_0000000120180913124631.jpg\" data-w=\"900\" data-h=\"302\" width=\"713\" height=\"239\" border=\"0\"><\/p><\/p>\n","protected":false},"excerpt":{"rendered":"<p>A trav\u00e9s de diferentes talleres los estudiantes conocieron en profundidad los distintos g\u00e9neros.<\/p>\n","protected":false},"author":3,"featured_media":12553,"comment_status":"open","ping_status":"open","sticky":false,"template":"","format":"standard","meta":[],"categories":[32,99],"tags":[],"_links":{"self":[{"href":"https:\/\/www.uta.cl\/index.php\/wp-json\/wp\/v2\/posts\/12552"}],"collection":[{"href":"https:\/\/www.uta.cl\/index.php\/wp-json\/wp\/v2\/posts"}],"about":[{"href":"https:\/\/www.uta.cl\/index.php\/wp-json\/wp\/v2\/types\/post"}],"author":[{"embeddable":true,"href":"https:\/\/www.uta.cl\/index.php\/wp-json\/wp\/v2\/users\/3"}],"replies":[{"embeddable":true,"href":"https:\/\/www.uta.cl\/index.php\/wp-json\/wp\/v2\/comments?post=12552"}],"version-history":[{"count":2,"href":"https:\/\/www.uta.cl\/index.php\/wp-json\/wp\/v2\/posts\/12552\/revisions"}],"predecessor-version":[{"id":29297,"href":"https:\/\/www.uta.cl\/index.php\/wp-json\/wp\/v2\/posts\/12552\/revisions\/29297"}],"wp:featuredmedia":[{"embeddable":true,"href":"https:\/\/www.uta.cl\/index.php\/wp-json\/wp\/v2\/media\/12553"}],"wp:attachment":[{"href":"https:\/\/www.uta.cl\/index.php\/wp-json\/wp\/v2\/media?parent=12552"}],"wp:term":[{"taxonomy":"category","embeddable":true,"href":"https:\/\/www.uta.cl\/index.php\/wp-json\/wp\/v2\/categories?post=12552"},{"taxonomy":"post_tag","embeddable":true,"href":"https:\/\/www.uta.cl\/index.php\/wp-json\/wp\/v2\/tags?post=12552"}],"curies":[{"name":"wp","href":"https:\/\/api.w.org\/{rel}","templated":true}]}}