{"id":12550,"date":"2018-09-13T18:19:43","date_gmt":"2018-09-13T18:19:43","guid":{"rendered":"https:\/\/www.uta.cl\/educacion-parvularia-implementa-innovadora-asignatura-para-atender-a\/web\/2018-09-13\/181943.html"},"modified":"2021-01-14T12:26:52","modified_gmt":"2021-01-14T12:26:52","slug":"educacion-parvularia-implementa-innovadora-asignatura-para-atender-a","status":"publish","type":"post","link":"https:\/\/www.uta.cl\/index.php\/2018\/09\/13\/educacion-parvularia-implementa-innovadora-asignatura-para-atender-a\/","title":{"rendered":"Educaci\u00f3n Parvularia implementa innovadora asignatura para atender a ni\u00f1os bajo modalidades no convencionales"},"content":{"rendered":"\n<p><p style=\"text-align: justify;\"><img loading=\"lazy\" alt=\"Imagen foto_00000001\" class=\"fotodrag\" id=\"foto_00000001\" src=\"\/web\/site\/artic\/20180913\/imag\/foto_0000000120180913181943.jpg\" style=\"float: right; margin-left: 10px; margin-right: 10px;\" data-w=\"550\" data-h=\"312\" width=\"338\" height=\"191\">Modalidades no convencionales, es la asignatura que este semestre implement\u00f3 Educaci\u00f3n Parvularia de la Universidad de Tarapac\u00e1, para estudiantes de cuarto a\u00f1o, tras la revisi\u00f3n curricular que realiz\u00f3 la carrera.<\/p>\n<p style=\"text-align: justify;\">Este curso pr\u00e1ctico, orientado a analizar la problem\u00e1tica de la infancia &#8211; desde diversas perspectivas-, visualiza los contextos educativos, ofreciendo la oportunidad a las familias en experiencia de aprendizajes.<\/p>\n<p style=\"text-align: justify;\">Teresa Aguirre Pollarolo, jefa de carrera y docente de la asignatura, coment\u00f3 sobre la experiencia de participar de un jard\u00edn de la red Integra dentro de un recinto penitenciario, en la c\u00e1rcel de mujeres en Iquique, donde atienden a una veintena de ni\u00f1os, hijos de madres que cumplen condena efectiva. &#8220;Trabajamos con madres privadas de libertad. Entregamos informaci\u00f3n did\u00e1ctica para que el conocimiento fuera aprendido, en lo que corresponde a la estimulaci\u00f3n temprana. Es un trabajo diferente. Nunca lo hab\u00edamos hecho; como la visita al \u00e1rea de Pediatr\u00eda que atiende a ni\u00f1os de tres meses a quince a\u00f1os en el hospital regional. Ideamos cuentos, trabalenguas, canciones accionadas. Las mam\u00e1s nos agradec\u00edan porque era primera vez que se realizaba una labor como esta, y abre, tambi\u00e9n, el espectro de la Educaci\u00f3n Parvularia, para tener otro campo laboral para proyectarse como profesional&#8221;, sostuvo la acad\u00e9mica y jefa de carrera.<\/p>\n<p style=\"text-align: justify;\">Cabe destacar que la asignatura es semestral y establece un trabajo te\u00f3rico que considera el desarrollo de competencias gestionar experiencias pedag\u00f3gicas pertinentes y actualizadas, bas\u00e1ndose en los elementos del curr\u00edculo nacional vigente, desde una perspectiva sist\u00e9mica, como tambi\u00e9n demostrar habilidades personales, sociales y profesionales requeridas para el ejercicio de sus funciones y en concordancia con el modelo educativo institucional, durante su proceso formativo.<\/p><\/p>\n","protected":false},"excerpt":{"rendered":"<p>Estudiantes de cuarto a\u00f1o, aplicaron el trabajo pr\u00e1ctico con las internas de la c\u00e1rcel de Iquique y el \u00e1rea de Pediatr\u00eda del Hospital Regional<\/p>\n","protected":false},"author":3,"featured_media":12551,"comment_status":"open","ping_status":"open","sticky":false,"template":"","format":"standard","meta":[],"categories":[94,32],"tags":[],"_links":{"self":[{"href":"https:\/\/www.uta.cl\/index.php\/wp-json\/wp\/v2\/posts\/12550"}],"collection":[{"href":"https:\/\/www.uta.cl\/index.php\/wp-json\/wp\/v2\/posts"}],"about":[{"href":"https:\/\/www.uta.cl\/index.php\/wp-json\/wp\/v2\/types\/post"}],"author":[{"embeddable":true,"href":"https:\/\/www.uta.cl\/index.php\/wp-json\/wp\/v2\/users\/3"}],"replies":[{"embeddable":true,"href":"https:\/\/www.uta.cl\/index.php\/wp-json\/wp\/v2\/comments?post=12550"}],"version-history":[{"count":1,"href":"https:\/\/www.uta.cl\/index.php\/wp-json\/wp\/v2\/posts\/12550\/revisions"}],"predecessor-version":[{"id":27794,"href":"https:\/\/www.uta.cl\/index.php\/wp-json\/wp\/v2\/posts\/12550\/revisions\/27794"}],"wp:featuredmedia":[{"embeddable":true,"href":"https:\/\/www.uta.cl\/index.php\/wp-json\/wp\/v2\/media\/12551"}],"wp:attachment":[{"href":"https:\/\/www.uta.cl\/index.php\/wp-json\/wp\/v2\/media?parent=12550"}],"wp:term":[{"taxonomy":"category","embeddable":true,"href":"https:\/\/www.uta.cl\/index.php\/wp-json\/wp\/v2\/categories?post=12550"},{"taxonomy":"post_tag","embeddable":true,"href":"https:\/\/www.uta.cl\/index.php\/wp-json\/wp\/v2\/tags?post=12550"}],"curies":[{"name":"wp","href":"https:\/\/api.w.org\/{rel}","templated":true}]}}