{"id":12464,"date":"2018-10-09T08:26:47","date_gmt":"2018-10-09T08:26:47","guid":{"rendered":"https:\/\/www.uta.cl\/s\/cn7"},"modified":"2021-01-14T12:26:42","modified_gmt":"2021-01-14T12:26:42","slug":"alumna-de-educacion-parvularia-representara-a-la-uta-en-encuentro","status":"publish","type":"post","link":"https:\/\/www.uta.cl\/index.php\/2018\/10\/09\/alumna-de-educacion-parvularia-representara-a-la-uta-en-encuentro\/","title":{"rendered":"Alumna de Educaci\u00f3n Parvularia representar\u00e1 a la UTA en Encuentro Internacional de Recursos de Aprendizaje"},"content":{"rendered":"\n<p><p style=\"text-align: justify;\"><\/p>\n<p style=\"text-align: justify;\"><img loading=\"lazy\" alt=\"Imagen foto_00000004\" class=\"fotodrag\" id=\"foto_00000004\" src=\"\/web\/site\/artic\/20181009\/imag\/foto_0000000420181009082647.jpg\" style=\"float: left; margin-left: 10px; margin-right: 10px;\" data-w=\"1048\" data-h=\"1054\" width=\"360\" height=\"361\"><\/p>\n<p style=\"text-align: justify;\"><\/p>\n<p style=\"text-align: justify;\"><\/p>\n<p style=\"text-align: justify;\">Una importante y destacada participaci\u00f3n tendr\u00e1 la alumna de la carrera de Educaci\u00f3n Parvularia de cuarto a\u00f1o, Andrea Paredes Esteban, en el Encuentro Internacional de Recursos de Aprendizaje, en la Universidad de Playa Ancha, en Valpara\u00edso, a desarrollarse los d\u00edas 11 y 12 de octubre, con su recurso digital &#8220;Conociendo la historia de los afrodescendientes&#8221;.<\/p>\n<p style=\"text-align: justify;\">Esta iniciativa, emerge como resultado de la asignatura &#8220;TIC aplicada a la Ense\u00f1anza&#8221;, en la que las alumnas dise\u00f1an y producen recursos digitales, a fin de aplicarlos en las aulas del nivel y de acuerdo al \u00e9xito de la experiencia, postulan al Concurso de Uso de TIC en el que participan estudiantes de las universidades, p\u00fablicas y privadas, que est\u00e1n impartiendo programas de Formaci\u00f3n Inicial Docente.<\/p>\n<p style=\"text-align: justify;\">Andrea Paredes, se\u00f1al\u00f3 que su recurso fue producido mediante la plataforma Movie Maker, con dibujos y fotograf\u00edas, trabajo que se refiri\u00f3 a la cultura afrodescendiente, etnia de la cual pertenece. &#8220;Que mejor que difundir mi cultura mediante mi profesi\u00f3n&#8221;, se\u00f1al\u00f3. La estudiante tambi\u00e9n destac\u00f3 que este trabajo lo hizo con el fin de que los ni\u00f1os desde la educaci\u00f3n inicial &#8220;conozcan la historia de los afrodescendientes, c\u00f3mo llegaron a Arica, de donde ven\u00edan, que hac\u00edan ac\u00e1 y como fueron resolviendo sus problemas cuando escaparon de la esclavitud hasta lograr su libertad&#8221;.<\/p>\n<p style=\"text-align: justify;\">Finalmente se\u00f1al\u00f3 que su expectativa es ganar el concurso, aprender de esta experiencia, la que ya es enriquecedora en el proceso de formaci\u00f3n, aprender de otros compa\u00f1eros y universidades, conociendo otras culturas del pa\u00eds y que todos conozcan m\u00e1s de los afrodescendientes en Arica.<\/p>\n<p style=\"text-align: justify;\"><\/p>\n<p style=\"text-align: justify;\"><img loading=\"lazy\" alt=\"Imagen foto_00000006\" class=\"fotodrag\" id=\"foto_00000006\" src=\"\/web\/site\/artic\/20181009\/imag\/foto_0000000620181009082647.jpg\" style=\"float: left; margin-left: 10px; margin-right: 10px;\" data-w=\"992\" data-h=\"1331\" width=\"360\" height=\"484\"><\/p>\n<p style=\"text-align: justify;\">CONCURSO<br>Patricia Castillo Ochoa , profesora de las asignatura y patrocinante de la alumna, tambi\u00e9n mencion\u00f3 que, el a\u00f1o 2016, durante la primera versi\u00f3n realizada en la Universidad de Los Lagos (Puerto Montt), el primer lugar lo obtuvieron estudiantes de la carrera de Educaci\u00f3n Parvularia de nuestra casa de estudios Alexandra Vargas, Rossy Allendes y Berta Cubillos con el rescate de la literatura aymara , triunfo que sin duda crea altas expectativas en la participaci\u00f3n de Andrea, por su dedicaci\u00f3n, por su esfuerzo y por el recurso en s\u00ed creado.<\/p>\n<p style=\"text-align: justify;\">La acad\u00e9mica tambi\u00e9n enfatiz\u00f3 en que &#8220;la carrera de Educaci\u00f3n Parvularia de la Universidad de Tarapac\u00e1 es una de las pocas instituciones que dise\u00f1a y produce material digital, &#8220;lo que es relevante considerando que a trav\u00e9s de ello se logra evidenciar las competencias de cada futura educadoras en relaci\u00f3n a la capacidad de articular la tecnolog\u00eda con la ense\u00f1anza&#8221;. En este sentido, nuevamente la carrera de Educaci\u00f3n Parvularia participar\u00e1 danto a conocer aspectos de nuestra cultura como tambi\u00e9n las caracter\u00edsticas propias de la formaci\u00f3n inicial de las Educadoras de P\u00e1rvulos uta\u00ednas.<\/p>\n<p style=\"text-align: justify;\">Cabe hacer notar que el concurso est\u00e1 patrocinado por el Ministerio de Educaci\u00f3n mediante la ex Red de &#8220;Enlaces&#8221;, hoy la Red de Innovaci\u00f3n tendr\u00e1 un car\u00e1cter internacional, ya que Espa\u00f1a y Colombia se sumaron a esta versi\u00f3n, en donde los estudiantes muestran c\u00f3mo se han utilizado las tecnolog\u00edas y plataformas existentes y la experiencia de haberlo aplicado en las aulas.<\/p><\/p>\n","protected":false},"excerpt":{"rendered":"<p>Llevar\u00e1 hasta Valpara\u00edso innovador material de difusi\u00f3n de la Cultura Afrodescendiente de Arica.<\/p>\n","protected":false},"author":3,"featured_media":12465,"comment_status":"open","ping_status":"open","sticky":false,"template":"","format":"standard","meta":[],"categories":[94,32],"tags":[],"_links":{"self":[{"href":"https:\/\/www.uta.cl\/index.php\/wp-json\/wp\/v2\/posts\/12464"}],"collection":[{"href":"https:\/\/www.uta.cl\/index.php\/wp-json\/wp\/v2\/posts"}],"about":[{"href":"https:\/\/www.uta.cl\/index.php\/wp-json\/wp\/v2\/types\/post"}],"author":[{"embeddable":true,"href":"https:\/\/www.uta.cl\/index.php\/wp-json\/wp\/v2\/users\/3"}],"replies":[{"embeddable":true,"href":"https:\/\/www.uta.cl\/index.php\/wp-json\/wp\/v2\/comments?post=12464"}],"version-history":[{"count":1,"href":"https:\/\/www.uta.cl\/index.php\/wp-json\/wp\/v2\/posts\/12464\/revisions"}],"predecessor-version":[{"id":27793,"href":"https:\/\/www.uta.cl\/index.php\/wp-json\/wp\/v2\/posts\/12464\/revisions\/27793"}],"wp:featuredmedia":[{"embeddable":true,"href":"https:\/\/www.uta.cl\/index.php\/wp-json\/wp\/v2\/media\/12465"}],"wp:attachment":[{"href":"https:\/\/www.uta.cl\/index.php\/wp-json\/wp\/v2\/media?parent=12464"}],"wp:term":[{"taxonomy":"category","embeddable":true,"href":"https:\/\/www.uta.cl\/index.php\/wp-json\/wp\/v2\/categories?post=12464"},{"taxonomy":"post_tag","embeddable":true,"href":"https:\/\/www.uta.cl\/index.php\/wp-json\/wp\/v2\/tags?post=12464"}],"curies":[{"name":"wp","href":"https:\/\/api.w.org\/{rel}","templated":true}]}}