{"id":12442,"date":"2018-10-16T08:39:40","date_gmt":"2018-10-16T08:39:40","guid":{"rendered":"https:\/\/www.uta.cl\/s\/kc7"},"modified":"2021-04-19T18:03:07","modified_gmt":"2021-04-19T18:03:07","slug":"estudiantes-de-cinco-carreras-de-pedagogias-en-practica-participaron-en","status":"publish","type":"post","link":"https:\/\/www.uta.cl\/index.php\/2018\/10\/16\/estudiantes-de-cinco-carreras-de-pedagogias-en-practica-participaron-en\/","title":{"rendered":"Estudiantes de cinco carreras de pedagog\u00edas en pr\u00e1ctica participaron en Taller de Migraci\u00f3n"},"content":{"rendered":"\n<p><p style=\"text-align: justify;\"><img alt=\"Imagen foto_00000004\" class=\"fotodrag\" id=\"foto_00000004\" src=\"\/web\/site\/artic\/20181016\/imag\/foto_0000000420181016083940.jpg\" style=\"margin-left: 10px; margin-right: 10px; float: left;\" data-w=\"360\" data-h=\"239\">La migraci\u00f3n es un fen\u00f3meno que se ha ido visibilizando en los \u00faltimos a\u00f1os en Chile y en nuestra regi\u00f3n, y que apunta a la consciencia de su importancia para las relaciones, convivencias y din\u00e1micas sociales que conlleva este fen\u00f3meno para un pa\u00eds. Para analizar, medir y dar cuenta de estos hechos, este viernes 5 de octubre, alumnos de cinco carreras de pedagog\u00eda en pr\u00e1ctica profesional de la Facultad de Educaci\u00f3n y Humanidades participaron en el segundo taller realizado por el Servicio Jesuita a Migrantes perteneciente a la Orden Religiosa Compa\u00f1\u00eda de Jes\u00fas.<\/p>\n<p style=\"text-align: justify;\">La actividad realizada en la Sala de Eventos de la Facultad de Ciencia del Campus Vel\u00e1squez, se titul\u00f3 &#8220;<em>Herramientas pedag\u00f3gicas para una educaci\u00f3n intercultural<\/em>&#8220;, cuyo objetivo fue analizar el fen\u00f3meno migratorio en nuestra regi\u00f3n y su impacto, junto con dar a conocer el enfoque intercultural y de derechos humanos, a trav\u00e9s de la incorporaci\u00f3n de herramientas pedag\u00f3gicas interculturales.<\/p>\n<p style=\"text-align: justify;\">El taller organizado por las acad\u00e9micas Ana Mar\u00eda Soza, Jefa de Carrera de Pedagog\u00eda en Castellano y Comunicaci\u00f3n y Mabel Varas Mu\u00f1oz, Coordinadora del Centro de Pr\u00e1cticas Pedag\u00f3gicas de la Facultad de Educaci\u00f3n y Humanidades, en conjunto con el Servicio Jesuita a Migrantes a cargo de la profesional Karina O&#8217;Ryan, se inici\u00f3 con una actividad grupal para proseguir con una s\u00edntesis del taller anterior para luego dar a conocer aspectos sobre la realidad migratoria en nuestra regi\u00f3n, enfoques interculturales y de Derechos Humanos en la educaci\u00f3n para finalizar con las herramientas pedag\u00f3gicas interculturales.<\/p>\n<p style=\"text-align: justify;\"><img alt=\"Imagen foto_00000008\" class=\"fotodrag\" id=\"foto_00000008\" src=\"\/web\/site\/artic\/20181016\/imag\/foto_0000000820181016083940.jpg\" style=\"margin-left: 10px; margin-right: 10px; float: right;\" data-w=\"360\" data-h=\"239\">En este contexto, la acad\u00e9mica Ana Mar\u00eda Soza, explic\u00f3 que &#8220;este taller es una actividad para alumnos practicantes no s\u00f3lo de pr\u00e1ctica profesional tambi\u00e9n de niveles inferiores de segundo y tercer a\u00f1o, de todas las pedagog\u00edas de nuestra Universidad, se re\u00fanen el Servicio Jesuita a Migrantes, la Facultad de Educaci\u00f3n y Humanidades, y el Centro de Pr\u00e1cticas, con el fin de ofrecer a los estudiantes la experiencia de abordar una tem\u00e1tica que est\u00e1 en el contexto, que es importante para su formaci\u00f3n porque es lo que van a encontrar en las salas de clases. Los y las estudiantes van a conocer una serie de normativas en relaci\u00f3n a la migraci\u00f3n y tambi\u00e9n, estrategias de c\u00f3mo abordar esta realidad en sus colegios&#8221;.<\/p>\n<p style=\"text-align: justify;\">Respecto a la importancia de este taller para la Universidad de Tarapac\u00e1, la acad\u00e9mica resalt\u00f3 que &#8220;la UTA ha declarado en su misi\u00f3n y visi\u00f3n, preparar a sus profesionales en el \u00e1mbitos del encuentro intercultural por ser nuestra regi\u00f3n fronteriza donde se re\u00fanen estudiantes de Per\u00fa, Bolivia y Chile, y por lo tanto, con esto damos cumplimiento a una de las tareas que ha asumido la Universidad con la comunidad arique\u00f1a&#8221;, resalt\u00f3 la Jefa de Carrera de Pedagog\u00eda en Castellano y Comunicaci\u00f3n de la UTA.<\/p>\n<p style=\"text-align: justify;\"><img alt=\"Imagen foto_00000006\" class=\"fotodrag\" id=\"foto_00000006\" src=\"\/web\/site\/artic\/20181016\/imag\/foto_0000000620181016083940.jpg\" style=\"margin-left: 10px; margin-right: 10px; float: right;\" data-w=\"360\" data-h=\"239\">Por su parte, la encargada del Programa de Sensibilizaci\u00f3n del \u00c1rea de Educaci\u00f3n e Interculturalidad del Servicio Jesuita a Migrantes, Karina O&#8217;Ryan, indic\u00f3 que &#8220;A trav\u00e9s de nuestro trabajo nos hemos dado cuenta que en los profesionales de nuestra ciudad hace falta conocer un poco m\u00e1s los temas vinculados a la interculturalidad, tema muy importante en nuestra regi\u00f3n. Es por ello que presentamos esta propuesta a la UTA, espec\u00edficamente a la Facultad de Educaci\u00f3n y Humanidades, de poder trabajar con los alumnos y alumnas, que se encuentran en formaci\u00f3n para ser futuros profesionales poder trabajar el tema de la interculturalidad, inclusi\u00f3n y conocer la migraci\u00f3n que hay en nuestro pa\u00eds y espec\u00edficamente en nuestra regi\u00f3n&#8221;.<\/p>\n<p style=\"text-align: justify;\">En tanto, la estudiante de quinto a\u00f1o de Pedagog\u00eda en Castellano, Yamilet Alfaro, se refiri\u00f3 a la importancia de este taller se\u00f1alando que &#8220;es relevante conocer estos temas porque en la sociedad actual estamos viviendo una diversidad cultural donde nos vamos a encontrar a aulas diversas en cuanto a alumnos que vienen de otros pa\u00edses es por ello que estos talleres son una aproximaci\u00f3n a lo que nos vamos a enfrentar&#8221;.<\/p>\n<p style=\"text-align: justify;\">La actividad cont\u00f3 adem\u00e1s con la presencia de los coordinadores de pr\u00e1ctica de las carreras de pedagog\u00eda de Educaci\u00f3n B\u00e1sica, Ingl\u00e9s, Historia y Geograf\u00eda, Castellano y Comunicaci\u00f3n, y Profesor de Educaci\u00f3n F\u00edsica.<\/p>\n<p style=\"text-align: justify;\"><strong>Servicio Jesuita a Migrantes<\/strong><\/p>\n<p style=\"text-align: justify;\">El Servicio Jesuita a Migrantes es una instituci\u00f3n impulsada por la congregaci\u00f3n religiosa cat\u00f3lica Compa\u00f1\u00eda de Jes\u00fas. Inserto en Arica desde el a\u00f1o 2010, tiene como misi\u00f3n &#8220;promover una cultura de acogida en Chile, ya que se respeta, acompa\u00f1a y defiende la dignidad y los proyectos personales y comunitarios de quienes migran en situaci\u00f3n de vulnerabilidad&#8221;.<\/p>\n<p style=\"text-align: justify;\">Es desde su misi\u00f3n, y origen, que desarrolla la intervenci\u00f3n con migrantes y la poblaci\u00f3n receptora en tres niveles de acci\u00f3n: inserci\u00f3n-reflexi\u00f3n-incidencia. Estas dimensiones van unidas, porque la instituci\u00f3n no comprende una incidencia o reflexi\u00f3n que no se origine desde la experiencia, desde el estar con los migrantes. As\u00ed se intenta acompa\u00f1ar, orientar y servir a migrantes, pero tambi\u00e9n a la poblaci\u00f3n receptora, ya que promueve una integraci\u00f3n entre ambas poblaciones.<\/p><\/p>\n\n\n\n<figure class=\"wp-block-image\"><a href=\"https:\/\/photos.app.goo.gl\/b4tDhKZ9sSmMUvYDA\" target=\"_blank\" rel=\"noopener\"><img loading=\"lazy\" width=\"300\" height=\"60\" src=\"https:\/\/www.uta.cl\/wp-content\/uploads\/2019\/05\/ver_galeria.jpg\" alt=\"\" class=\"wp-image-8828\"><\/a><\/figure>\n","protected":false},"excerpt":{"rendered":"<p>\u201cHerramientas pedag\u00f3gicas para una educaci\u00f3n intercultural\u201d, fue el tema tratado en este segundo taller con el prop\u00f3sito de analizar el fen\u00f3meno migratorio en nuestra regi\u00f3n<\/p>\n","protected":false},"author":3,"featured_media":12443,"comment_status":"open","ping_status":"open","sticky":false,"template":"","format":"standard","meta":[],"categories":[32,99],"tags":[],"_links":{"self":[{"href":"https:\/\/www.uta.cl\/index.php\/wp-json\/wp\/v2\/posts\/12442"}],"collection":[{"href":"https:\/\/www.uta.cl\/index.php\/wp-json\/wp\/v2\/posts"}],"about":[{"href":"https:\/\/www.uta.cl\/index.php\/wp-json\/wp\/v2\/types\/post"}],"author":[{"embeddable":true,"href":"https:\/\/www.uta.cl\/index.php\/wp-json\/wp\/v2\/users\/3"}],"replies":[{"embeddable":true,"href":"https:\/\/www.uta.cl\/index.php\/wp-json\/wp\/v2\/comments?post=12442"}],"version-history":[{"count":1,"href":"https:\/\/www.uta.cl\/index.php\/wp-json\/wp\/v2\/posts\/12442\/revisions"}],"predecessor-version":[{"id":29295,"href":"https:\/\/www.uta.cl\/index.php\/wp-json\/wp\/v2\/posts\/12442\/revisions\/29295"}],"wp:featuredmedia":[{"embeddable":true,"href":"https:\/\/www.uta.cl\/index.php\/wp-json\/wp\/v2\/media\/12443"}],"wp:attachment":[{"href":"https:\/\/www.uta.cl\/index.php\/wp-json\/wp\/v2\/media?parent=12442"}],"wp:term":[{"taxonomy":"category","embeddable":true,"href":"https:\/\/www.uta.cl\/index.php\/wp-json\/wp\/v2\/categories?post=12442"},{"taxonomy":"post_tag","embeddable":true,"href":"https:\/\/www.uta.cl\/index.php\/wp-json\/wp\/v2\/tags?post=12442"}],"curies":[{"name":"wp","href":"https:\/\/api.w.org\/{rel}","templated":true}]}}