{"id":12194,"date":"2018-12-13T11:20:05","date_gmt":"2018-12-13T11:20:05","guid":{"rendered":"https:\/\/www.uta.cl\/s\/8y8"},"modified":"2018-12-13T11:20:05","modified_gmt":"2018-12-13T11:20:05","slug":"carrera-de-psicologia-de-la-uta-celebro-sus-30-anos-de-vida","status":"publish","type":"post","link":"https:\/\/www.uta.cl\/index.php\/2018\/12\/13\/carrera-de-psicologia-de-la-uta-celebro-sus-30-anos-de-vida\/","title":{"rendered":"Carrera de Psicolog\u00eda de la UTA celebr\u00f3 sus 30 a\u00f1os de vida"},"content":{"rendered":"\n<p style=\"text-align: justify;\"><img alt=\"Imagen foto_00000004\" class=\"fotodrag\" id=\"foto_00000004\" src=\"\/web\/site\/artic\/20181213\/imag\/foto_0000000420181213112005.jpg\" style=\"margin-left: 10px; margin-right: 10px; float: left;\" data-w=\"360\" data-h=\"239\" \/>En una emotiva ceremonia, este viernes 7 de diciembre, en el Auditorio de la Facultad de Ciencias de la Salud, la carrera de Psicolog\u00eda de la Universidad de Tarapac\u00e1 celebr\u00f3 sus 30 a\u00f1os de vida.<\/p>\n<p style=\"text-align: justify;\">La ceremonia estuvo encabezada por el Rector (S), Dr. Carlos Leiva Sajuria, el decano de la Facultad de Ciencias Sociales y Jur\u00eddicas (S), Dr. Alejandro Cuadra Peralta, el jefe de carrera, Roberto Storey Meza; acad\u00e9micos, egresados, alumnos e invitados especiales.<\/p>\n<p style=\"text-align: justify;\"><img loading=\"lazy\" alt=\"Imagen foto_00000006\" class=\"fotodrag\" height=\"426\" id=\"foto_00000006\" src=\"\/web\/site\/artic\/20181213\/imag\/foto_0000000620181213112005.jpg\" style=\"margin-left: 10px; margin-right: 10px; float: right;\" width=\"283\" data-w=\"360\" data-h=\"541\" \/>El Rector (S), Dr. Carlos Leiva Sajuria en sus palabras destac\u00f3 el rol que cumple esta carrera en la UTA, felicitando por cada uno de los progresos obtenidos a trav\u00e9s de estos a\u00f1os, &#8220;la carrera de Psicolog\u00eda ha sabido crecer, a llegar a niveles muy altos formando profesionales de alto nivel, es una carrera que ha tenido muy buena acreditaci\u00f3n y tiene un plan de desarrollo que se ajusta con lo que debe ser una Universidad compleja que es lo que hoy en d\u00eda debemos buscar, es decir, una carrera que conlleva a que sus acad\u00e9micos se vayan perfeccionando y que transmitan sus experiencias a sus alumnos&#8221;.<\/p>\n<p style=\"text-align: justify;\">En tanto, el Decano (S) de la Facultad de Ciencias Sociales y Jur\u00eddicas, Dr. Alejandro Cuadra Peralta, indic\u00f3 que, &#8220;puedo decir con orgullo que fuimos la primera y \u00fanica carrera acreditada en la UTA. Fuimos la tercera carrera que se acredit\u00f3 en Chile y en este momento tenemos un doctorado acreditado donde estamos ocupando posiciones claves, es decir, hemos realizado bien la pega&#8221;.<\/p>\n<p style=\"text-align: justify;\">Por su parte, el jefe de carrera, Roberto Storey Meza indic\u00f3 que, &#8220;indudablemente es un hito donde la carrera de Psicolog\u00eda es pionera en su creaci\u00f3n a nivel nacional, marcando varios hitos, adem\u00e1s de obtener cuatro procesos de acreditaci\u00f3n exitosos, este a\u00f1o comenz\u00f3 el programa de Doctorado en Psicolog\u00eda proporcionando as\u00ed, una cantidad importante de profesionales a la regi\u00f3n. Creemos que ha sido un proceso de una buena formaci\u00f3n de profesionales, asumiendo obviamente los desaf\u00edos interpuestos a trav\u00e9s del tiempo. Este a\u00f1o comenzamos con un nuevo plan de estudios, en el cual incorporamos lo que nos demandan los empleadores, los titulados y lo que demanda la comunidad regional&#8221;.<\/p>\n<p style=\"text-align: justify;\"><img loading=\"lazy\" alt=\"Imagen foto_00000008\" class=\"fotodrag\" height=\"339\" id=\"foto_00000008\" src=\"\/web\/site\/artic\/20181213\/imag\/foto_0000000820181213112005.jpg\" style=\"margin-left: 10px; margin-right: 10px; float: left;\" width=\"225\" data-w=\"360\" data-h=\"541\" \/>La ceremonia prosigui\u00f3 con la entrega de un reconocimiento al aporte realizado por la acad\u00e9mica fundadora de la carrera, Nancy \u00c1lvarez Rosales, quien comparti\u00f3 sus vivencias. &#8220;Ha sido una gran \u00e9poca de grandes recuerdos e historia. La carrera es como un hijo, que en este momento cumple 30 a\u00f1os y ahora tiene que seguir su propio camino. Hay nuevas generaciones y nuevos desaf\u00edos. Como la primera jefa de carrera, el primer ingreso fue de 60 alumnos regulares por selecci\u00f3n por puntaje de la P.A.A. y 5 ingresos especiales. Cuando empezamos la carrera de Psicolog\u00eda la cual era la primera desde Santiago hasta Arica y en este sentido, somos pioneros&#8221;.<\/p>\n<p style=\"text-align: justify;\">Durante la actividad se hizo entrega de un reconocimiento a la primera egresada de la carrera, Mar\u00eda Carla Morales G\u00f3mez, quien actualmente se desempe\u00f1a como acad\u00e9mica en la sede Iquique, y al psic\u00f3logo e ide\u00f3logo de la carrera, Carlos Fuentes Gonz\u00e1lez, quien en su trayectoria profesional fue acad\u00e9mico y lider\u00f3 el equipo que llev\u00f3 a cabo la creaci\u00f3n de la carrera de psicolog\u00eda, junto con ser responsable de la puesta en marcha del consultorio psicol\u00f3gico externo, actualmente denominado Centro de Investigaci\u00f3n e Intervenci\u00f3n Psicosocial (CEINPSI).<\/p>\n<p style=\"text-align: justify;\">Igualmente, el jefe de carrera, Roberto Storey entreg\u00f3 una distinci\u00f3n por los 27 a\u00f1os de aporte, primero como secretaria del aquel entonces consultorio psicol\u00f3gico y posteriormente, como secretaria del Departamento, hoy Escuela de Psicolog\u00eda y Filosof\u00eda, Nora Ajata Soza.<\/p>\n<p style=\"text-align: justify;\">Posteriormente, se realiz\u00f3 la cena de aniversario en el restaurant Los Olivos de Azapa, la cual cont\u00f3 con la asistencia de acad\u00e9micos y egresados de la carrera de Psicolog\u00eda.<\/p>\n<p style=\"text-align: justify;\"><strong>TRAYECTORIA<\/strong><\/p>\n<p style=\"text-align: justify;\">La carrera de Psicolog\u00eda surge de una idea planteada entre los a\u00f1os 1970 y 1972, primero en la sede de la Universidad de Chile y luego, en la sede de la Universidad del Norte. Esta idea tom\u00f3 forma en la UTA, creada el a\u00f1o 1983 cuando el departamento de Psicolog\u00eda elabor\u00f3 el proyecto de la carrera que fue aprobado en el a\u00f1o 1984 e implementado en 1988, mismo a\u00f1o en que fue oficializado en plan de estudio.<\/p>\n<p style=\"text-align: justify;\">Desde ese momento a la fecha, se ha modificado el plan de estudio en dos ocasiones, siendo la primera carrera en acreditarse en la UTA en cuatro oportunidades, la m\u00e1s reciente por cinco a\u00f1os. En el a\u00f1o 2014 el Departamento de Filosof\u00eda y Psicolog\u00eda para a ser Escuela de Psicolog\u00eda y Filosof\u00eda.<\/p>\n<p style=\"text-align: justify;\">Durante el transcurso del presente a\u00f1o, la Escuela de Psicolog\u00eda y Filosof\u00eda cre\u00f3 y acredit\u00f3 el programa de Doctorado en Psicolog\u00eda por tres a\u00f1os, m\u00e1ximo per\u00edodo posible.<\/p>\n\n\n\n<figure class=\"wp-block-image\"><a href=\"https:\/\/photos.app.goo.gl\/SDa1bfdbMvQV655c6\" target=\"_blank\"><img loading=\"lazy\" width=\"300\" height=\"60\" src=\"https:\/\/www.uta.cl\/wp-content\/uploads\/2019\/05\/ver_galeria.jpg\" alt=\"\" class=\"wp-image-8828\"\/><\/a><\/figure>\n","protected":false},"excerpt":{"rendered":"<p>En la ceremonia fueron reconocidos la acad\u00e9mica fundadora de la carrera, Nancy \u00c1lvarez, a la primera egresada de Psicolog\u00eda, Mar\u00eda Carla Morales y al tambi\u00e9n fundador, el psic\u00f3logo, Carlos Fuentes<\/p>\n","protected":false},"author":3,"featured_media":12195,"comment_status":"open","ping_status":"open","sticky":false,"template":"","format":"standard","meta":[],"categories":[],"tags":[],"_links":{"self":[{"href":"https:\/\/www.uta.cl\/index.php\/wp-json\/wp\/v2\/posts\/12194"}],"collection":[{"href":"https:\/\/www.uta.cl\/index.php\/wp-json\/wp\/v2\/posts"}],"about":[{"href":"https:\/\/www.uta.cl\/index.php\/wp-json\/wp\/v2\/types\/post"}],"author":[{"embeddable":true,"href":"https:\/\/www.uta.cl\/index.php\/wp-json\/wp\/v2\/users\/3"}],"replies":[{"embeddable":true,"href":"https:\/\/www.uta.cl\/index.php\/wp-json\/wp\/v2\/comments?post=12194"}],"version-history":[{"count":0,"href":"https:\/\/www.uta.cl\/index.php\/wp-json\/wp\/v2\/posts\/12194\/revisions"}],"wp:featuredmedia":[{"embeddable":true,"href":"https:\/\/www.uta.cl\/index.php\/wp-json\/wp\/v2\/media\/12195"}],"wp:attachment":[{"href":"https:\/\/www.uta.cl\/index.php\/wp-json\/wp\/v2\/media?parent=12194"}],"wp:term":[{"taxonomy":"category","embeddable":true,"href":"https:\/\/www.uta.cl\/index.php\/wp-json\/wp\/v2\/categories?post=12194"},{"taxonomy":"post_tag","embeddable":true,"href":"https:\/\/www.uta.cl\/index.php\/wp-json\/wp\/v2\/tags?post=12194"}],"curies":[{"name":"wp","href":"https:\/\/api.w.org\/{rel}","templated":true}]}}