{"id":12188,"date":"2018-12-17T09:43:04","date_gmt":"2018-12-17T09:43:04","guid":{"rendered":"https:\/\/www.uta.cl\/programa-icec-uta-participa-como-invitado-en-feria-cientifica-en-pozo\/web\/2018-12-17\/094304.html"},"modified":"2018-12-17T09:43:04","modified_gmt":"2018-12-17T09:43:04","slug":"programa-icec-uta-participa-como-invitado-en-feria-cientifica-en-pozo","status":"publish","type":"post","link":"https:\/\/www.uta.cl\/index.php\/2018\/12\/17\/programa-icec-uta-participa-como-invitado-en-feria-cientifica-en-pozo\/","title":{"rendered":"Programa ICEC UTA participa como invitado en Feria Cient\u00edfica en Pozo Almonte"},"content":{"rendered":"\n<p style=\"text-align: justify;\"><\/p>\n<p style=\"text-align: justify;\"><img loading=\"lazy\" alt=\"Imagen foto_00000003\" class=\"fotodrag\" height=\"266\" id=\"foto_00000003\" src=\"\/web\/site\/artic\/20181217\/imag\/foto_0000000320181217094304.jpg\" style=\"float: left; margin-left: 10px; margin-right: 10px;\" width=\"354\" data-w=\"700\" data-h=\"525\" \/><\/p>\n<p style=\"text-align: justify;\">Una gran muestra y feria de Ciencias se realiz\u00f3 en la localidad de Pozo Almonte, perteneciente a la Provincia del Tamarugal, en la Regi\u00f3n de Tarapac\u00e1, en la Escuela B\u00e1sica Estrella del Sur, lugar hasta donde se traslad\u00f3 el equipo del Programa de Indagaci\u00f3n Cient\u00edfica para la Educaci\u00f3n en Ciencias (ICEC), como invitados a apreciar los distintos proyectos cient\u00edficos desarrollados por los estudiantes y sus docentes.<\/p>\n<p style=\"text-align: justify;\">La comitiva del programa, estuvo encabezada por el coordinador acad\u00e9mico Oscar Waissbluth Leiva, qui\u00e9n se manifest\u00f3 agradecido por la invitaci\u00f3n y sorprendido por los interesantes proyectos que se presentaron. Al mismo tiempo felicit\u00f3 a todo el equipo de la Escuela B\u00e1sica Estrella del Sur, por la brillante feria de ciencias realizada, como tambi\u00e9n resalt\u00f3 el apoyo de los apoderados que se evidenci\u00f3 en la actividad.<\/p>\n<p style=\"text-align: justify;\"><\/p>\n<p style=\"text-align: justify;\"><img alt=\"Imagen foto_00000004\" class=\"fotodrag\" id=\"foto_00000004\" src=\"\/web\/site\/artic\/20181217\/imag\/foto_0000000420181217094304.jpg\" width=\"720\" data-w=\"1000\" data-h=\"379\" \/><\/p>\n<p style=\"text-align: justify;\">La feria, que adem\u00e1s cont\u00f3 con la presencia del alcalde, Richard Godoy Aguirre, logr\u00f3 convocar no solo a los estudiantes, sino que adem\u00e1s a la comunidad en general, quienes se dieron cita y se deleitaron con el gran trabajo llevado a cabo por los noveles estudiantes.<\/p>\n<p style=\"text-align: justify;\">Al respecto de la actividad el coordinador acad\u00e9mico, Oscar Waissbluth se\u00f1al\u00f3 que la feria fue notable y con actividades muy entretenidas. &#8220;Vi a ni\u00f1os muy motivados con las Ciencias y empoderados con su aprendizaje&#8221;, apunt\u00f3.<\/p>\n<p style=\"text-align: justify;\">El programa ICEC-UTA agradece esta instancia de participaci\u00f3n y felicita especialmente al profesor Roberto Leal Rivas, quien es parte de la cuarta cohorte del curso ICEC que, se lleva a cabo en la Universidad de Tarapac\u00e1.<\/p>\n<p style=\"text-align: justify;\"><\/p>\n<p style=\"text-align: justify;\"><img alt=\"Imagen foto_00000001\" class=\"fotodrag\" id=\"foto_00000001\" src=\"\/web\/site\/artic\/20181217\/imag\/foto_0000000120181217094304.jpg\" width=\"720\" data-w=\"1000\" data-h=\"379\" \/><\/p>\n","protected":false},"excerpt":{"rendered":"<p>En la actividad participaron activamente estudiantes profesores y los apoderados del colegio.<\/p>\n","protected":false},"author":3,"featured_media":12189,"comment_status":"open","ping_status":"open","sticky":false,"template":"","format":"standard","meta":[],"categories":[],"tags":[],"_links":{"self":[{"href":"https:\/\/www.uta.cl\/index.php\/wp-json\/wp\/v2\/posts\/12188"}],"collection":[{"href":"https:\/\/www.uta.cl\/index.php\/wp-json\/wp\/v2\/posts"}],"about":[{"href":"https:\/\/www.uta.cl\/index.php\/wp-json\/wp\/v2\/types\/post"}],"author":[{"embeddable":true,"href":"https:\/\/www.uta.cl\/index.php\/wp-json\/wp\/v2\/users\/3"}],"replies":[{"embeddable":true,"href":"https:\/\/www.uta.cl\/index.php\/wp-json\/wp\/v2\/comments?post=12188"}],"version-history":[{"count":0,"href":"https:\/\/www.uta.cl\/index.php\/wp-json\/wp\/v2\/posts\/12188\/revisions"}],"wp:featuredmedia":[{"embeddable":true,"href":"https:\/\/www.uta.cl\/index.php\/wp-json\/wp\/v2\/media\/12189"}],"wp:attachment":[{"href":"https:\/\/www.uta.cl\/index.php\/wp-json\/wp\/v2\/media?parent=12188"}],"wp:term":[{"taxonomy":"category","embeddable":true,"href":"https:\/\/www.uta.cl\/index.php\/wp-json\/wp\/v2\/categories?post=12188"},{"taxonomy":"post_tag","embeddable":true,"href":"https:\/\/www.uta.cl\/index.php\/wp-json\/wp\/v2\/tags?post=12188"}],"curies":[{"name":"wp","href":"https:\/\/api.w.org\/{rel}","templated":true}]}}