{"id":12186,"date":"2018-12-17T09:57:53","date_gmt":"2018-12-17T09:57:53","guid":{"rendered":"https:\/\/www.uta.cl\/s\/bQ9"},"modified":"2018-12-17T09:57:53","modified_gmt":"2018-12-17T09:57:53","slug":"uta-ofrece-interesantes-cursos-en-la-segunda-escuela-de","status":"publish","type":"post","link":"https:\/\/www.uta.cl\/index.php\/2018\/12\/17\/uta-ofrece-interesantes-cursos-en-la-segunda-escuela-de\/","title":{"rendered":"UTA ofrece interesantes cursos en la Segunda Escuela de Perfeccionamiento entre Pares"},"content":{"rendered":"\n<p style=\"text-align: justify;\"><\/p>\n<p style=\"text-align: justify;\"><img loading=\"lazy\" alt=\"Imagen foto_00000002\" class=\"fotodrag\" height=\"240\" id=\"foto_00000002\" src=\"\/web\/site\/artic\/20181217\/imag\/foto_0000000220181217095753.jpg\" style=\"margin-left: 10px; margin-right: 10px; float: left;\" width=\"360\" data-w=\"700\" data-h=\"467\" \/><\/p>\n<p style=\"text-align: justify;\">La Direcci\u00f3n de Docencia, a trav\u00e9s del \u00c1rea de Desarrollo Acad\u00e9mico, invita a la comunidad acad\u00e9mica regular, como acad\u00e9micos hora de la Universidad de Tarapac\u00e1 a participar de una nueva versi\u00f3n de la Escuela de Perfeccionamiento entre Pares favoreciendo el intercambio de buenas pr\u00e1cticas docentes.<\/p>\n<p style=\"text-align: justify;\">Esta instancia se concibe como una oportunidad para aprender y reflexionar sobre docencia universitaria a partir de la experiencia de acad\u00e9micos de distintas unidades, quienes dentro de esta Escuela toman el rol de monitores internos, propuesta con la cual se rescatan las capacidades instaladas en nuestra Universidad ofreciendo un espacio de aprendizaje colaborativo y de construcci\u00f3n de una comunidad acad\u00e9mica que d\u00eda a d\u00eda fortalece sus procesos formativos.<\/p>\n<p style=\"text-align: justify;\">CURSOS<\/p>\n<p style=\"text-align: justify;\">Cinco son los cursos que se dictar\u00e1n en esta oportunidad entre los d\u00edas 17, 18, 19, 20 y 21 de diciembre de 2018, en la sala 207 del aulario C, entre los que se cuentan: &#8220;Creaci\u00f3n de recursos educativos digitales para Flipped Learning&#8221;, a cargo del coordinador del \u00c1rea de Recursos Pedag\u00f3gicos y TIC de la Direcci\u00f3n de Docencia, Mario Due\u00f1as Zorrilla, mientras que el curso &#8220;Iniciaci\u00f3n a la docencia universitaria del profesorado novel en contextos de cambio&#8221;, ser\u00e1 desarrollado por Ana Mar\u00eda Soza, acad\u00e9mica del Departamento de Espa\u00f1ol.<\/p>\n<p style=\"text-align: justify;\">Por otra parte, el curso &#8220;Hacia una formaci\u00f3n docente integral en la Universidad de Tarapac\u00e1: Los desaf\u00edos de la educaci\u00f3n intercultural&#8221;, lo realizar\u00e1 Juan Carlos Mamani, acad\u00e9mico del Departamento de Ciencias Hist\u00f3ricas y Geogr\u00e1ficas. A su vez, el acad\u00e9mico del Departamento de Matem\u00e1ticas, \u00c1lvaro Cortinez Pontoni, estar\u00e1 a cargo del curso &#8220;Ense\u00f1anza de la estad\u00edstica con Excel&#8221;, y finalmente se contar\u00e1 con el curso &#8220;Construir una identidad profesional &#8220;sentida&#8221; durante contexto formativo del profesorado&#8221;, que dictar\u00e1 la acad\u00e9mica Inelia Villalobos Iturriaga, del Departamento de Educaci\u00f3n.<\/p>\n<p style=\"text-align: justify;\">Para participar, los interesados deber\u00e1n inscribirse en el link <a href=\"https:\/\/goo.gl\/forms\/JMpERBozjdPP85aK2\">https:\/\/goo.gl\/forms\/JMpERBozjdPP85aK2<\/a> hasta el domingo 16 de diciembre. Para mayores consultas pueden escribir al correo elizabethgajardocopa@gmail.com o comunicarse al anexo 58 2205581.<\/p>\n","protected":false},"excerpt":{"rendered":"<p>Capacitaci\u00f3n interna ser\u00e1 desarrollada por acad\u00e9micos de la Universidad en diferentes tem\u00e1ticas y nuevas metodolog\u00edas de ense\u00f1anza.<\/p>\n","protected":false},"author":3,"featured_media":12187,"comment_status":"open","ping_status":"open","sticky":false,"template":"","format":"standard","meta":[],"categories":[],"tags":[],"_links":{"self":[{"href":"https:\/\/www.uta.cl\/index.php\/wp-json\/wp\/v2\/posts\/12186"}],"collection":[{"href":"https:\/\/www.uta.cl\/index.php\/wp-json\/wp\/v2\/posts"}],"about":[{"href":"https:\/\/www.uta.cl\/index.php\/wp-json\/wp\/v2\/types\/post"}],"author":[{"embeddable":true,"href":"https:\/\/www.uta.cl\/index.php\/wp-json\/wp\/v2\/users\/3"}],"replies":[{"embeddable":true,"href":"https:\/\/www.uta.cl\/index.php\/wp-json\/wp\/v2\/comments?post=12186"}],"version-history":[{"count":0,"href":"https:\/\/www.uta.cl\/index.php\/wp-json\/wp\/v2\/posts\/12186\/revisions"}],"wp:featuredmedia":[{"embeddable":true,"href":"https:\/\/www.uta.cl\/index.php\/wp-json\/wp\/v2\/media\/12187"}],"wp:attachment":[{"href":"https:\/\/www.uta.cl\/index.php\/wp-json\/wp\/v2\/media?parent=12186"}],"wp:term":[{"taxonomy":"category","embeddable":true,"href":"https:\/\/www.uta.cl\/index.php\/wp-json\/wp\/v2\/categories?post=12186"},{"taxonomy":"post_tag","embeddable":true,"href":"https:\/\/www.uta.cl\/index.php\/wp-json\/wp\/v2\/tags?post=12186"}],"curies":[{"name":"wp","href":"https:\/\/api.w.org\/{rel}","templated":true}]}}