{"id":12136,"date":"2019-01-02T09:37:42","date_gmt":"2019-01-02T09:37:42","guid":{"rendered":"https:\/\/www.uta.cl\/s\/v19"},"modified":"2019-01-02T09:37:42","modified_gmt":"2019-01-02T09:37:42","slug":"uta-realizara-la-tercera-version-de-la-escuela-de-verano-de","status":"publish","type":"post","link":"https:\/\/www.uta.cl\/index.php\/2019\/01\/02\/uta-realizara-la-tercera-version-de-la-escuela-de-verano-de\/","title":{"rendered":"UTA realizar\u00e1 la Tercera Versi\u00f3n de la Escuela de Verano de Investigaci\u00f3n Cualitativa para la Transformaci\u00f3n Social en Zona Fronteriza"},"content":{"rendered":"\n<p style=\"text-align: justify;\"><img loading=\"lazy\" alt=\"Imagen foto_00000004\" class=\"fotodrag\" height=\"353\" id=\"foto_00000004\" src=\"\/web\/site\/artic\/20190102\/imag\/foto_0000000420190102093742.jpg\" style=\"margin-left: 10px; margin-right: 10px; float: left;\" width=\"250\" data-w=\"360\" data-h=\"509\" \/>Durante los d\u00edas 10 y 11 de enero de 2019, se realizar\u00e1 la <strong>&#8220;III Escuela de Verano de Investigaci\u00f3n Cualitativa <\/strong><strong>para la Transformaci\u00f3n Social en Zona Fronteriza&#8221;<\/strong>, encuentro que se desarrollar\u00e1 en el Campus Saucache de la Universidad de Tarapac\u00e1 en Arica (UTA) y que albergar\u00e1 a destacados expositores de Bolivia, Estados Unidos, Chile capital y regional, quienes a trav\u00e9s de conferencias magistrales, talleres y paneles, desarrollar\u00e1n tem\u00e1ticas vinculadas a las \u00e1reas de salud, educaci\u00f3n, trabajo social, historia y estudios ind\u00edgenas con el foco en las metodolog\u00edas cualitativas para la transformaci\u00f3n social.<\/p>\n<p style=\"text-align: justify;\">Esta tercera versi\u00f3n de la Escuela de Verano, est\u00e1 dirigida a la comunidad acad\u00e9mica y estudiantil interesada en la reflexi\u00f3n y aplicaci\u00f3n metodol\u00f3gica de investigaci\u00f3n cualitativa para el abordaje de realidades complejas, que afectan a las personas que habitan la macro-regi\u00f3n centro sur andina y otras zonas geogr\u00e1ficas. La contingencia vinculada a los procesos sociales ubicados en zonas fronterizas del orbe, reafirman la necesidad de crear y mantener espacios interdisciplinarios que faciliten desde la pluralidad de voces la fusi\u00f3n de experiencias para buscar soluciones centradas en lo humano.<\/p>\n<p style=\"text-align: justify;\">La Dra. Pamela Zapata Sep\u00falveda, acad\u00e9mica de la Escuela de Psicolog\u00eda y Filosof\u00eda de la UTA, presenta y coordina los trabajos del evento. Esta actividad cuenta con el apoyo del Dr. Norman Garrido, acad\u00e9mico del Departamento de Ciencias Sociales de la UTA \u2013 sede Iquique.<\/p>\n<p style=\"text-align: justify;\">La actividad cuenta adem\u00e1s con el apoyo de la Facultad de Ciencias Sociales y Jur\u00eddicas de la Universidad de Tarapac\u00e1, y el proyecto Fondecyt Regular N\u00ba 1181713.<\/p>\n<p style=\"text-align: justify;\">Las inscripciones son gratuitas y se solicitan hasta completar aforo al correo:<strong> esc.verano.cualitativa@gmail.com<\/strong><\/p>\n\n\n\n<figure class=\"wp-block-image\"><a href=\"https:\/\/photos.app.goo.gl\/XFXwHxQnS6wVz2zq9\" target=\"_blank\"><img loading=\"lazy\" width=\"300\" height=\"60\" src=\"https:\/\/www.uta.cl\/wp-content\/uploads\/2019\/05\/ver_galeria.jpg\" alt=\"\" class=\"wp-image-8828\"\/><\/a><\/figure>\n","protected":false},"excerpt":{"rendered":"<p>El encuentro est\u00e1 dirigido a la comunidad acad\u00e9mica y estudiantil interesada en la reflexi\u00f3n y aplicaci\u00f3n metodol\u00f3gica de investigaci\u00f3n cualitativa y contar\u00e1 con la participaci\u00f3n de destacados expositores de Chile, Bolivia y Estados Unidos.<\/p>\n","protected":false},"author":3,"featured_media":12137,"comment_status":"open","ping_status":"open","sticky":false,"template":"","format":"standard","meta":[],"categories":[],"tags":[],"_links":{"self":[{"href":"https:\/\/www.uta.cl\/index.php\/wp-json\/wp\/v2\/posts\/12136"}],"collection":[{"href":"https:\/\/www.uta.cl\/index.php\/wp-json\/wp\/v2\/posts"}],"about":[{"href":"https:\/\/www.uta.cl\/index.php\/wp-json\/wp\/v2\/types\/post"}],"author":[{"embeddable":true,"href":"https:\/\/www.uta.cl\/index.php\/wp-json\/wp\/v2\/users\/3"}],"replies":[{"embeddable":true,"href":"https:\/\/www.uta.cl\/index.php\/wp-json\/wp\/v2\/comments?post=12136"}],"version-history":[{"count":0,"href":"https:\/\/www.uta.cl\/index.php\/wp-json\/wp\/v2\/posts\/12136\/revisions"}],"wp:featuredmedia":[{"embeddable":true,"href":"https:\/\/www.uta.cl\/index.php\/wp-json\/wp\/v2\/media\/12137"}],"wp:attachment":[{"href":"https:\/\/www.uta.cl\/index.php\/wp-json\/wp\/v2\/media?parent=12136"}],"wp:term":[{"taxonomy":"category","embeddable":true,"href":"https:\/\/www.uta.cl\/index.php\/wp-json\/wp\/v2\/categories?post=12136"},{"taxonomy":"post_tag","embeddable":true,"href":"https:\/\/www.uta.cl\/index.php\/wp-json\/wp\/v2\/tags?post=12136"}],"curies":[{"name":"wp","href":"https:\/\/api.w.org\/{rel}","templated":true}]}}