{"id":12130,"date":"2019-01-02T16:00:34","date_gmt":"2019-01-02T16:00:34","guid":{"rendered":"https:\/\/www.uta.cl\/s\/zH9"},"modified":"2019-01-02T16:00:34","modified_gmt":"2019-01-02T16:00:34","slug":"investigadores-de-la-uta-publican-articulo-en-prestigiosa-revista","status":"publish","type":"post","link":"https:\/\/www.uta.cl\/index.php\/2019\/01\/02\/investigadores-de-la-uta-publican-articulo-en-prestigiosa-revista\/","title":{"rendered":"Investigadores de la UTA publican art\u00edculo en prestigiosa revista cient\u00edfica \u201cNature Communications\u201d."},"content":{"rendered":"\n<p style=\"text-align: justify;\"><img alt=\"Imagen foto_00000003\" class=\"fotodrag\" id=\"foto_00000003\" src=\"\/web\/site\/artic\/20190102\/imag\/foto_0000000320190102160034.png\" style=\"margin-left: 10px; margin-right: 10px; float: left;\" data-w=\"360\" data-h=\"213\" \/>Nombre del Art\u00edculo: <strong>&#8220;Latin Americans show wide-spread Converso ancestry and imprint of local Native ancestry on physical appearance&#8221; (Latinoamericanos muestran extensa ancestr\u00eda de Conversos y huellas de la ancestr\u00eda Nativa local en la apariencia f\u00edsica)<\/strong><\/p>\n<p style=\"text-align: justify;\">Las expediciones de exploradores espa\u00f1oles y portugueses que comenzaron en el continente americano hacia el a\u00f1o 1492 desencadenaron una serie de eventos que se extendieron por siglos, incluyendo el \u00e9xodo de millones de europeos, el colapso demogr\u00e1fico de las poblaciones ind\u00edgenas y la migraci\u00f3n forzada de esclavos africanos. Dichos eventos transformaron dr\u00e1sticamente la historia y las poblaciones que habitaban la regi\u00f3n. Los nuevos resultados de un estudio liderado por investigadores de University College London y la Universidad de Fudan en China, en colaboraci\u00f3n con varios grupos de investigaci\u00f3n de universidades de Latinoam\u00e9rica, entre ellos el grupo del Dr. Rothhammer, del Laboratorio de Gen\u00e9tica Humana del Instituto de Alta Investigaci\u00f3n de la Universidad de Tarapac\u00e1, revelan por primera vez como otros inmigrantes inesperados pudieron haber viajado clandestinamente desde las exploraciones iniciales, dejando a su paso un legado gen\u00e9tico que a\u00fan perdura en muchos latinoamericanos.<\/p>\n<p style=\"text-align: justify;\">En el mismo a\u00f1o que Crist\u00f3bal Col\u00f3n y sus tripulantes emprendieron su viaje, los reyes cat\u00f3licos de Espa\u00f1a (Isabel I de Castilla y Fernando II de Arag\u00f3n) dieron curso al Decreto de la Alhambra, en el cual anunciaban la expulsi\u00f3n de jud\u00edos del territorio espa\u00f1ol, posterior a la reconquista cat\u00f3lica del entonces Emirato de Granada. Los jud\u00edos que se convert\u00edan a la fe cat\u00f3lica, com\u00fanmente denominados conversos, pod\u00edan evitar el exilio, pero se les prohib\u00eda emigrar a las colonias americanas. Aun as\u00ed, algunos registros hist\u00f3ricos documentan como algunos conversos se embarcaron en estos viajes, posiblemente en un intento de evadir la persecuci\u00f3n a la que eran sometidos en su pa\u00eds.<\/p>\n<p style=\"text-align: justify;\">Mediante sofisticados an\u00e1lisis gen\u00e9ticos, este estudio est\u00e1 ayudando a superar algunas de las limitaciones impuestas por los registros hist\u00f3ricos, y en consecuencia a comprender mejor el impacto de estas migraciones. &#8220;Hasta hace muy poco, los m\u00e9todos estad\u00edsticos y la informaci\u00f3n gen\u00e9tica disponible no hab\u00edan permitido estudiar los procesos de mezcla gen\u00e9tica en Latinoam\u00e9rica m\u00e1s all\u00e1 de las contribuciones generales de poblaciones con diferentes or\u00edgenes continentales&#8221;, asegura Andr\u00e9s Ruiz-Linares, l\u00edder del Consorcio CANDELA y uno de los directores de esta investigaci\u00f3n. &#8220;Muchos estudios han descrito ampliamente la mezcla entre europeos, africanos sub-saharianos y nativos americanos que caracteriza la regi\u00f3n, pero los or\u00edgenes espec\u00edficos y la posible contribuci\u00f3n de otras poblaciones apenas est\u00e1n empezando a ser comprendidos&#8221;.<\/p>\n<p style=\"text-align: justify;\">Aunque el n\u00famero de conversos que lograron embarcarse rumbo a las colonias es desconocido, los resultados de este estudio sugieren que la cifra es mucho m\u00e1s elevada de lo que se pensaba. &#8220;Comparamos patrones en el ADN de m\u00e1s de 6,500 latinoamericanos con m\u00e1s de 2,300 personas que fueron caracterizadas gen\u00e9ticamente alrededor del mundo&#8221;, explica el autor principal del estudio, Juan Camilo Chac\u00f3n-Duque. &#8220;Nos sorprendi\u00f3 mucho encontrar que una fracci\u00f3n bastante considerable de la ancestr\u00eda de los latinoamericanos est\u00e1 altamente relacionada con los perfiles gen\u00e9ticos de poblaciones de jud\u00edos sefard\u00edes en Turqu\u00eda, los cuales son descendientes de comunidades de los jud\u00edos ib\u00e9ricos exiliados&#8221;.<\/p>\n<p style=\"text-align: justify;\">Adicionalmente, la investigaci\u00f3n demostr\u00f3 que la apariencia f\u00edsica de los latinoamericanos se encuentra muy influenciada por la herencia gen\u00e9tica de poblaciones europeas e ind\u00edgenas espec\u00edficas. &#8220;Encontramos que el porcentaje de ancestr\u00eda Ib\u00e9rica en contraste con la del norte de Europa afecta los niveles de pigmentaci\u00f3n de la piel, y tambi\u00e9n que la cantidad de ancestr\u00eda de nativos americanos de zonas de alta monta\u00f1a en los Andes en contraste con nativos de tierras bajas afecta la forma de la nariz&#8221;, afirma Kaustubh Adhikari, quien estuvo involucrado en los an\u00e1lisis. &#8220;Tambi\u00e9n encontramos evidencias de que la forma de la nariz pudo haberse modificado para permitir la adaptaci\u00f3n de los seres humanos a diferentes condiciones medioambientales, en este caso al clima de alta monta\u00f1a, lo cual ser\u00eda fascinante poder continuar investigando&#8221;.<\/p>\n<p style=\"text-align: justify;\">Los autores tambi\u00e9n encontraron la predominancia de ancestr\u00eda espa\u00f1ola en chilenos, colombianos, mexicanos y peruanos, contrastando con la herencia portuguesa de los brasile\u00f1os, lo cual corresponde a la divisi\u00f3n del continente entre los dos reinos que fue pactada en 1494 mediante el Tratado de Tordesillas. &#8220;Las poblaciones actuales que m\u00e1s se asemejan a los ancestros de muchos latinoamericanos est\u00e1n asentadas en el sur de Espa\u00f1a, probablemente cerca a los puertos de donde los barcos partieron&#8221;, narra Garrett Hellenthal, el otro director de este estudio. &#8220;Adem\u00e1s encontramos grandes cantidades de ancestr\u00eda alemana e italiana en el sur de Brasil, as\u00ed como ADN de Asia Oriental en diferentes lugares del continente, mostrando una clara consistencia con los registros hist\u00f3ricos&#8221;. De manera similar, la ancestr\u00eda de \u00c1frica sub-sahariana se asemeja a poblaciones actuales de \u00c1frica Occidental.<\/p>\n<p style=\"text-align: justify;\">Sorprendentemente, el ADN nativo americano que conservan los latinoamericanos presenta una gran similitud a los grupos nativos que a\u00fan habitan cerca a sus lugares de origen, demostrando c\u00f3mo los inmigrantes se mezclaron con las poblaciones locales. &#8220;Lo que m\u00e1s me emociona es que el ADN pueda revelar nueva informaci\u00f3n acerca de eventos importantes, como la migraci\u00f3n de conversos, que de otra forma podr\u00eda haber permanecido oculta para siempre&#8221;, comenta Javier Mendoza Revilla, quien tambi\u00e9n estuvo involucrado en el estudio. &#8220;\u00a1Mientras que los registros escritos pueden ser destruidos o alterados, no se puede hacer lo mismo con el ADN!&#8221;.<\/p>\n<p style=\"text-align: justify;\">&#8220;Este estudio es de gran importancia para Chile, ya que entrega informaci\u00f3n que no tan solo confirma hechos hist\u00f3ricos, sino que tambi\u00e9n entrega m\u00e1s detalles sobre nuestra historia y diferencias en nuestro aspecto f\u00edsico&#8221;, declara Macarena Fuentes- Guajardo, coautora chilena.<\/p>\n","protected":false},"excerpt":{"rendered":"<p>El art\u00edculo titulado \u201cLatinoamericanos muestran extensa ancestr\u00eda de Conversos y huellas de la ancestr\u00eda Nativa Local en la apariencia f\u00edsica\u201d fue publicado gracias a la participaci\u00f3n de voluntarios e investigadores Latinoamericanos en Brasil, Chile, Colombia, M\u00e9xico y Per\u00fa, como parte del consorcio internacional CANDELA. Fue financiada por Leverhulme Trust (Reino Unido), BBSRC (Reino Unido), Royal Society (Reino Unido), Wellcome Trust (Reino Unido) y COLCIENCIAS (Colombia).<\/p>\n","protected":false},"author":3,"featured_media":12131,"comment_status":"open","ping_status":"open","sticky":false,"template":"","format":"standard","meta":[],"categories":[],"tags":[],"_links":{"self":[{"href":"https:\/\/www.uta.cl\/index.php\/wp-json\/wp\/v2\/posts\/12130"}],"collection":[{"href":"https:\/\/www.uta.cl\/index.php\/wp-json\/wp\/v2\/posts"}],"about":[{"href":"https:\/\/www.uta.cl\/index.php\/wp-json\/wp\/v2\/types\/post"}],"author":[{"embeddable":true,"href":"https:\/\/www.uta.cl\/index.php\/wp-json\/wp\/v2\/users\/3"}],"replies":[{"embeddable":true,"href":"https:\/\/www.uta.cl\/index.php\/wp-json\/wp\/v2\/comments?post=12130"}],"version-history":[{"count":0,"href":"https:\/\/www.uta.cl\/index.php\/wp-json\/wp\/v2\/posts\/12130\/revisions"}],"wp:featuredmedia":[{"embeddable":true,"href":"https:\/\/www.uta.cl\/index.php\/wp-json\/wp\/v2\/media\/12131"}],"wp:attachment":[{"href":"https:\/\/www.uta.cl\/index.php\/wp-json\/wp\/v2\/media?parent=12130"}],"wp:term":[{"taxonomy":"category","embeddable":true,"href":"https:\/\/www.uta.cl\/index.php\/wp-json\/wp\/v2\/categories?post=12130"},{"taxonomy":"post_tag","embeddable":true,"href":"https:\/\/www.uta.cl\/index.php\/wp-json\/wp\/v2\/tags?post=12130"}],"curies":[{"name":"wp","href":"https:\/\/api.w.org\/{rel}","templated":true}]}}