{"id":12126,"date":"2019-01-03T10:56:18","date_gmt":"2019-01-03T10:56:18","guid":{"rendered":"https:\/\/www.uta.cl\/s\/Bx9"},"modified":"2021-01-14T12:26:31","modified_gmt":"2021-01-14T12:26:31","slug":"educacion-parvularia-celebro-sus-50-anos-de-vida","status":"publish","type":"post","link":"https:\/\/www.uta.cl\/index.php\/2019\/01\/03\/educacion-parvularia-celebro-sus-50-anos-de-vida\/","title":{"rendered":"Educaci\u00f3n Parvularia celebr\u00f3 sus 50 a\u00f1os de vida"},"content":{"rendered":"\n<p><p style=\"text-align: justify;\"><\/p>\n<p style=\"text-align: justify;\"><img alt=\"Imagen foto_00000006\" class=\"fotodrag\" id=\"foto_00000006\" src=\"\/web\/site\/artic\/20190103\/imag\/foto_0000000620190103105618.jpg\" style=\"float: left; margin-left: 10px; margin-right: 10px;\" data-w=\"1000\" data-h=\"667\" width=\"360\"><\/p>\n<p style=\"text-align: justify;\">En una solemne ceremonia, la carrera de Educaci\u00f3n Parvularia de la Universidad de Tarapac\u00e1, reuni\u00f3 a autoridades universitarias, adem\u00e1s de acad\u00e9micos, alumnos, ex alumnos y funcionarios para vivir uno de sus d\u00edas m\u00e1s felices y simb\u00f3licos de su historia: Sus 50 a\u00f1os de vida.<\/p>\n<p style=\"text-align: justify;\"><br>El encuentro realizado en la sala de Eventos de la Facultad de Ciencias Sociales y Jur\u00eddicas del campus Saucache, se inici\u00f3 con las palabras del Director de Docencia, Dr. Carlos Leiva Sajuria, quien expres\u00f3 su reconocimiento por el trabajo que durante este medio siglo de vida esta unidad acad\u00e9mica ha realizado, &#8220;La fecha que hoy se conmemora es muy importante puesto que esta carrera creo que es una de las m\u00e1s importantes para nuestra sociedad, puesto que al hablar de Educaci\u00f3n Parvularia, estamos hablando de quienes dan forma a las semillas de lo que ser\u00e1n las futuras generaciones, y que m\u00e1s importante que la semilla, que contiene todo el futuro, todo lo que ser\u00e1&#8221;.<\/p>\n<p style=\"text-align: justify;\"><br>El directivo destac\u00f3 que esta carrera adem\u00e1s &#8220;tiene una misi\u00f3n muy importante por delante, posee una gran experiencia en la ciudad y no me queda m\u00e1s que felicitarlas por todo lo realizado en estas 5 d\u00e9cadas, por el esfuerzo entregado y por todo lo que han logrado&#8221;.<\/p>\n<p style=\"text-align: justify;\"><br>Por su parte, la jefe de carrera, Juanita Escobillana Aguilera expres\u00f3 que &#8220;Cumplir 50 a\u00f1os de vida, es una carrera diariamente activa por lo que todo que se realiza es con mucha dedicaci\u00f3n, permite reunirnos, tomar conciencia de la importancia de la Educaci\u00f3n Parvularia hoy en d\u00eda ya que nuestro nivel est\u00e1 muy bien apoyado como base del sistema educacional chileno&#8221;.<\/p>\n<p style=\"text-align: justify;\"><\/p>\n<p style=\"text-align: justify;\"><img alt=\"Imagen foto_00000005\" class=\"fotodrag\" id=\"foto_00000005\" src=\"\/web\/site\/artic\/20190103\/imag\/foto_0000000520190103105618.jpg\" style=\"float: left; margin-left: 10px; margin-right: 10px;\" data-w=\"1075\" data-h=\"717\" width=\"360\"><\/p>\n<p style=\"text-align: justify;\">La educadora explic\u00f3 que las mediciones hechas por la Agencia de la Calidad de la Educaci\u00f3n y los resultados indican que los ni\u00f1os de ense\u00f1anza b\u00e1sica est\u00e1n muy bien preparados, lo que refleja el trabajo y las condiciones entregadas en la preb\u00e1sica y en Arica hay muchos colegios que lo demuestran.<\/p>\n<p style=\"text-align: justify;\"><br>Posteriormente se hizo un reconocimiento a dos destacadas acad\u00e9micas de la carrera, Sybille Erber Vidumsky y Gladys Hinojosa Poblete, quienes se acogieron a jubilaci\u00f3n, por su entrega, dedicaci\u00f3n y afecto a las estudiantes de la Educaci\u00f3n Parvularia durante su vida docente.<\/p>\n<p style=\"text-align: justify;\"><br>CONFERENCIAS<br>La actividad prosigui\u00f3 con la participaci\u00f3n de la invitada especial Dra. Mar\u00eda Victoria Peralta Espinosa, Educadora de P\u00e1rvulos de la Universidad de Chile. Profesora de Estado en Educaci\u00f3n Musical, Mag\u00edster en Ciencias de la Educaci\u00f3n menci\u00f3n Curr\u00edculo de la Universidad Cat\u00f3lica de Chile y Mag\u00edster en Ciencias Sociales, con menci\u00f3n Antropolog\u00eda Socio-Cultural y Doctora en Educaci\u00f3n. Es especialista en materias de Cultura y Curr\u00edculo en Educaci\u00f3n Infantil e Historia en Educaci\u00f3n Infantil, \u00e1reas desde las cuales ha producido investigaci\u00f3n, m\u00e1s de 15 libros y numerosos art\u00edculos.<\/p>\n<p style=\"text-align: justify;\"><br>Cuenta con una amplia experiencia en el campo de la educaci\u00f3n infantil, desde donde se ha desempe\u00f1ado y\/o ha asesorado a diferentes organismos de docencia y ejecuci\u00f3n a nivel nacional e internacional. Fue Vicepresidenta para Am\u00e9rica Latina, de la Organizaci\u00f3n Mundial de Educaci\u00f3n Preescolar, OMEP. Actualmente es Directora del Instituto Internacional de Educaci\u00f3n de la Universidad Central de Chile. Pertenece al grupo de expertos en Educaci\u00f3n Infantil de la OEI, y es la Presidenta del Consejo Chileno de la Revista Infancia Latinoamericana de la Asociaci\u00f3n de Maestros Rosa Sensat de Catalu\u00f1a.<\/p>\n<p style=\"text-align: justify;\"><\/p>\n<p style=\"text-align: justify;\"><\/p>\n<p style=\"text-align: justify;\"><img alt=\"Imagen foto_00000004\" class=\"fotodrag\" id=\"foto_00000004\" src=\"\/web\/site\/artic\/20190103\/imag\/foto_0000000420190103105618.jpg\" style=\"float: left; margin-left: 10px; margin-right: 10px;\" data-w=\"1075\" data-h=\"717\" width=\"360\"><\/p>\n<p style=\"text-align: justify;\">Posteriormente fue el turno de la Educadora de P\u00e1rvulos M\u00f3nica Manhey Moreno, Doctora en Educaci\u00f3n por la Universidad de Granada, Espa\u00f1a. Mag\u00edster en Educaci\u00f3n con Menci\u00f3n Educaci\u00f3n Parvularia Universidad Metropolitana de Ciencias de la Educaci\u00f3n, UMCE.<\/p>\n<p style=\"text-align: justify;\"><br>Se ha desempe\u00f1ado como educadora de aula y ha trabajado en instituciones p\u00fablicas como la Junta Nacional de Jardines Infantiles, en el Departamento T\u00e9cnico Nacional durante 13 a\u00f1os y el Ministerio de Educaci\u00f3n en la Unidad de Educaci\u00f3n Parvularia, as\u00ed como ha participado en relevantes trabajos en Chile y en otros pa\u00edses tales como Ecuador, Venezuela, Panam\u00e1, M\u00e9xico y Nicaragua. En este \u00faltimo pa\u00eds trabaj\u00f3 con el Ministerio de Familia. (2011 a 2015), desarrollando publicaciones y apoyando en la formaci\u00f3n de educadores en diferentes localidades del pa\u00eds.<\/p>\n<p style=\"text-align: justify;\">El complemento art\u00edstico estuvo a cargo del Conjunto Folcl\u00f3rico Integraci\u00f3n de la Universidad de Tarapac\u00e1 (CINUT), quienes presentaron un cuadro de Norte.<\/p>\n<p style=\"text-align: justify;\"><\/p><\/p>\n","protected":false},"excerpt":{"rendered":"<p>Jornada acad\u00e9mica reuni\u00f3 a docentes, egresadas y alumnas.<\/p>\n","protected":false},"author":3,"featured_media":12127,"comment_status":"open","ping_status":"open","sticky":false,"template":"","format":"standard","meta":[],"categories":[94,32],"tags":[],"_links":{"self":[{"href":"https:\/\/www.uta.cl\/index.php\/wp-json\/wp\/v2\/posts\/12126"}],"collection":[{"href":"https:\/\/www.uta.cl\/index.php\/wp-json\/wp\/v2\/posts"}],"about":[{"href":"https:\/\/www.uta.cl\/index.php\/wp-json\/wp\/v2\/types\/post"}],"author":[{"embeddable":true,"href":"https:\/\/www.uta.cl\/index.php\/wp-json\/wp\/v2\/users\/3"}],"replies":[{"embeddable":true,"href":"https:\/\/www.uta.cl\/index.php\/wp-json\/wp\/v2\/comments?post=12126"}],"version-history":[{"count":1,"href":"https:\/\/www.uta.cl\/index.php\/wp-json\/wp\/v2\/posts\/12126\/revisions"}],"predecessor-version":[{"id":27792,"href":"https:\/\/www.uta.cl\/index.php\/wp-json\/wp\/v2\/posts\/12126\/revisions\/27792"}],"wp:featuredmedia":[{"embeddable":true,"href":"https:\/\/www.uta.cl\/index.php\/wp-json\/wp\/v2\/media\/12127"}],"wp:attachment":[{"href":"https:\/\/www.uta.cl\/index.php\/wp-json\/wp\/v2\/media?parent=12126"}],"wp:term":[{"taxonomy":"category","embeddable":true,"href":"https:\/\/www.uta.cl\/index.php\/wp-json\/wp\/v2\/categories?post=12126"},{"taxonomy":"post_tag","embeddable":true,"href":"https:\/\/www.uta.cl\/index.php\/wp-json\/wp\/v2\/tags?post=12126"}],"curies":[{"name":"wp","href":"https:\/\/api.w.org\/{rel}","templated":true}]}}