{"id":12042,"date":"2019-03-04T17:50:28","date_gmt":"2019-03-04T17:50:28","guid":{"rendered":"https:\/\/www.uta.cl\/invitados-de-lujo-iluminan-semana-de-la-astronomia\/web\/2019-03-04\/175028.html"},"modified":"2019-03-04T17:50:28","modified_gmt":"2019-03-04T17:50:28","slug":"invitados-de-lujo-iluminan-semana-de-la-astronomia","status":"publish","type":"post","link":"https:\/\/www.uta.cl\/index.php\/2019\/03\/04\/invitados-de-lujo-iluminan-semana-de-la-astronomia\/","title":{"rendered":"Invitados de lujo iluminan Semana de la Astronom\u00eda"},"content":{"rendered":"\n<p style=\"text-align: justify;\"><img loading=\"lazy\" alt=\"Imagen foto_00000001\" class=\"fotodrag\" height=\"213\" id=\"foto_00000001\" src=\"\/web\/site\/artic\/20190304\/imag\/foto_0000000120190304175028.jpg\" style=\"float: left; margin-left: 10px; margin-right: 10px;\" width=\"325\" data-w=\"550\" data-h=\"361\" \/>Un asteroide lleva el nombre del doctor en Astronom\u00eda, Mario Hamuy, quien junto a connotados invitados vendr\u00e1 a Arica a participar en la Semana de la Astronom\u00eda, que se desarrollar\u00e1 entre el 18 y 22 de marzo pr\u00f3ximos, gracias a la organizaci\u00f3n del Proyecto Asociativo Regional Explora de la Universidad de Tarapac\u00e1, en conjunto con American Corner.<\/p>\n<p style=\"text-align: justify;\">En la propuesta para celebrar en grande la Semana de la Astronom\u00eda participar\u00e1n el doctor en Astronom\u00eda, Mario Hamuy, profesor titular de la Universidad de Chile; la doctora en Astrof\u00edsica, Camila Navarrete, de la Pontificia Universidad Cat\u00f3lica de Chile; la astr\u00f3noma, profesora e investigadora, doctora B\u00e1rbara Rojas-Ayala, del Departamento de Ciencias F\u00edsicas de la Universidad Andr\u00e9s Bello; y el director y productor del documental &#8220;The Big Picture&#8221;, Diego Err\u00e1zuriz.<\/p>\n<p style=\"text-align: justify;\"><strong>INVITADOS<\/strong><\/p>\n<p style=\"text-align: justify;\">El doctor Mario Hamuy, licenciado y m\u00e1ster en F\u00edsica de la Universidad de Chile, doctor en Astronom\u00eda de la Universidad de Arizona y profesor titular de la Universidad de Chile, es un profesional especializado en novas y supernovas, c\u00famulos globulares, galaxias activas y cosmolog\u00eda. Desde el a\u00f1o 2013 dirige el Instituto Milenio de Astrof\u00edsica y entre los a\u00f1os 2016 al 2018 fue presidente del Conicyt, donde tuvo la misi\u00f3n de impulsar la creaci\u00f3n del Ministerio de Ciencia, Tecnolog\u00eda, Conocimiento e Innovaci\u00f3n. Este Premio Nacional de Ciencias Exactas 2015, es uno de los responsables directos del descubrimiento de la aceleraci\u00f3n del universo y la existencia de la energ\u00eda oscura, investigaci\u00f3n en la que a\u00f1os m\u00e1s tarde basan su trabajo los ganadores del Premio Nobel de F\u00edsica 2011.<\/p>\n<p style=\"text-align: justify;\">La doctora en Astrof\u00edsica, Camila Navarrete, de la Pontificia Universidad Cat\u00f3lica de Chile, del Instituto Milenio de Astrof\u00edsica y del Centro de Astrof\u00edsica de Tecnolog\u00edas Afines, fue ganadora el 2017 del prestigioso premio L&#8217;Or\u00e9al-UNESCO for Woman in Science en la categor\u00eda estudiante de doctorado. La astr\u00f3noma centra su investigaci\u00f3n en la b\u00fasqueda y estudio de los remanentes o restos estelares de los episodios m\u00e1s tempranos de la formaci\u00f3n de la v\u00eda l\u00e1ctea, buscando reconstruir la historia de nuestro hogar en el cosmos, gracias a los restos f\u00f3siles que se pueden identificar de ella.<\/p>\n<p style=\"text-align: justify;\">La doctora B\u00e1rbara Rojas-Ayala es astr\u00f3noma, profesora e investigadora del Departamento de Ciencias F\u00edsicas de la Universidad Andr\u00e9s Bello, licenciada en Ciencias de la Universidad de Chile y doctora en Astronom\u00eda de la Cornell University. Sus \u00e1reas de inter\u00e9s cient\u00edfico son las estrellas de baja masa, las enanas marrones y los exoplanetas.<\/p>\n<p style=\"text-align: justify;\">Diego Err\u00e1zuriz es director y productor del documental &#8220;The Big Picture&#8221; (2018), estrenado en Calcutta International Cult Film Festival, en India, donde narra en primera persona la historia de un viaje en busca de la historia del universo en el que se encuentra con la sabidur\u00eda de algunos de los cosm\u00f3logos m\u00e1s importantes del mundo.<\/p>\n<p style=\"text-align: justify;\"><strong>ACTIVIDADES<\/strong><\/p>\n<p style=\"text-align: justify;\">La charla de Mario Hamuy &#8220;Galaxias activas y energ\u00eda oscura&#8221; se desarrollar\u00e1 el d\u00eda lunes 18 de marzo en dos horarios para estudiantes de establecimientos educacionales y estudiantes y acad\u00e9micos universitarios, adem\u00e1s realizar\u00e1 el conversatorio &#8220;El universo en expansi\u00f3n&#8221; para estudiantes y p\u00fablico en general.<\/p>\n<p style=\"text-align: justify;\">El d\u00eda mi\u00e9rcoles 20, la Dra. Camila Navarrete participar\u00e1 en el conversatorio &#8220;Reconstruyendo or\u00edgenes&#8221;, con estudiantes de ense\u00f1anza media.<\/p>\n<p style=\"text-align: justify;\">La Dra. B\u00e1rbara Rojas-Ayala participar\u00e1 el viernes 22 en una charla de astronom\u00eda con p\u00fablico universitario y acad\u00e9micos; tambi\u00e9n esta actividad se realizar\u00e1 en un establecimiento educacional; finalmente la charla &#8220;Turismo exoplanetario: un viaje por los nuevos mundos de la vecindad solar&#8221;, estar\u00e1 destinada a estudiantes de ense\u00f1anza b\u00e1sica y media, y p\u00fablico general.<\/p>\n<p style=\"text-align: justify;\">Para finalizar la Semana de Astronom\u00eda, el viernes 22 el director Diego Err\u00e1zuriz efectuar\u00e1 la exhibici\u00f3n del documental The Big Picture a estudiantes y luego participar\u00e1 en un conversatorio.<\/p>\n<p style=\"text-align: justify;\">Las actividades se realizar\u00e1n en los diversos campus de la Universidad de Tarapac\u00e1 y en dependencias de la ciudad de Arica. M\u00e1s informaci\u00f3n en: <a href=\"https:\/\/diadeastronomia.conicyt.cl\/\" target=\"_blank\">https:\/\/diadeastronomia.conicyt.cl\/<\/a>, <a href=\"https:\/\/www.explora.cl\/aricayparinacota\/\" target=\"_blank\">https:\/\/www.explora.cl\/aricayparinacota\/<\/a>, tel\u00e9fono: 582205427, email: <a href=\"mailto:exploraricaparinacota@gmail.com\">exploraricaparinacota@gmail.com<\/a><\/p>\n","protected":false},"excerpt":{"rendered":"<p>Actividad es organizada por el PAR Explora y American Corner de la UTA<\/p>\n","protected":false},"author":3,"featured_media":12043,"comment_status":"open","ping_status":"open","sticky":false,"template":"","format":"standard","meta":[],"categories":[],"tags":[],"_links":{"self":[{"href":"https:\/\/www.uta.cl\/index.php\/wp-json\/wp\/v2\/posts\/12042"}],"collection":[{"href":"https:\/\/www.uta.cl\/index.php\/wp-json\/wp\/v2\/posts"}],"about":[{"href":"https:\/\/www.uta.cl\/index.php\/wp-json\/wp\/v2\/types\/post"}],"author":[{"embeddable":true,"href":"https:\/\/www.uta.cl\/index.php\/wp-json\/wp\/v2\/users\/3"}],"replies":[{"embeddable":true,"href":"https:\/\/www.uta.cl\/index.php\/wp-json\/wp\/v2\/comments?post=12042"}],"version-history":[{"count":0,"href":"https:\/\/www.uta.cl\/index.php\/wp-json\/wp\/v2\/posts\/12042\/revisions"}],"wp:featuredmedia":[{"embeddable":true,"href":"https:\/\/www.uta.cl\/index.php\/wp-json\/wp\/v2\/media\/12043"}],"wp:attachment":[{"href":"https:\/\/www.uta.cl\/index.php\/wp-json\/wp\/v2\/media?parent=12042"}],"wp:term":[{"taxonomy":"category","embeddable":true,"href":"https:\/\/www.uta.cl\/index.php\/wp-json\/wp\/v2\/categories?post=12042"},{"taxonomy":"post_tag","embeddable":true,"href":"https:\/\/www.uta.cl\/index.php\/wp-json\/wp\/v2\/tags?post=12042"}],"curies":[{"name":"wp","href":"https:\/\/api.w.org\/{rel}","templated":true}]}}