{"id":12040,"date":"2019-03-05T11:17:57","date_gmt":"2019-03-05T11:17:57","guid":{"rendered":"https:\/\/www.uta.cl\/s\/ek_"},"modified":"2019-03-05T11:17:57","modified_gmt":"2019-03-05T11:17:57","slug":"en-masiva-ceremonia-rector-dr-emilio-rodriguez-ponce-da-bienvenida-a","status":"publish","type":"post","link":"https:\/\/www.uta.cl\/index.php\/2019\/03\/05\/en-masiva-ceremonia-rector-dr-emilio-rodriguez-ponce-da-bienvenida-a\/","title":{"rendered":"En masiva ceremonia Rector Dr. Emilio Rodr\u00edguez Ponce da bienvenida a nuevos estudiantes ingreso 2019"},"content":{"rendered":"\n<p style=\"text-align: justify;\"><img alt=\"Imagen foto_00000005\" class=\"fotodrag\" id=\"foto_00000005\" src=\"\/web\/site\/artic\/20190305\/imag\/foto_0000000520190305111757.jpg\" style=\"float: left; margin-left: 10px; margin-right: 10px;\" data-w=\"360\" data-h=\"239\" \/>En el marco de la realizaci\u00f3n de las Jornadas de Inducci\u00f3n a Estudiantes, se realiz\u00f3 este lunes 5 de marzo, en el Gimnasio Mayor del Complejo Deportivo Integral de la UTA, la Jornada de Inducci\u00f3n y Recepci\u00f3n de Estudiantes promoci\u00f3n 2019, encabezada por el Rector de la Universidad de Tarapac\u00e1, Dr. Emilio Rodr\u00edguez Ponce.<\/p>\n<p style=\"text-align: justify;\">&#8220;A trav\u00e9s de este acto de bienvenida damos inicio a un a\u00f1o que va a ser distinto para ustedes, pues marca el comienzo de un c\u00famulo de nuevas experiencias y desaf\u00edos que forman parte de la vida universitaria. Sin duda, hoy en nuestra casa de estudios comienzan a vivir los mejores a\u00f1os de sus vidas, que ser\u00e1n claves para poder forjar su futuro profesional. Por lo tanto, los insto a que aprovechen al m\u00e1ximo la oportunidad que tienen de ser los constructores de su propio futuro&#8221;, expres\u00f3 el Rector de la UTA.<\/p>\n<p style=\"text-align: justify;\"><img alt=\"Imagen foto_00000008\" class=\"fotodrag\" id=\"foto_00000008\" src=\"\/web\/site\/artic\/20190305\/imag\/foto_0000000820190305111757.jpg\" style=\"float: right; margin-left: 10px; margin-right: 10px;\" data-w=\"360\" data-h=\"239\" \/>En este sentido, la m\u00e1xima autoridad universitaria, destac\u00f3 en su discurso &#8220;ustedes han logrado acceder a la Universidad gracias a sus propias capacidades y talentos, por ello, sean conscientes de ello, forman parte de un grupo privilegiado que ha logrado acceder a una de las mejores universidades del pa\u00eds, que lidera como primera instituci\u00f3n estatal y regional en el norte de nuestro pa\u00eds en cuanto a calidad de docencia e investigaci\u00f3n. Contamos con el 87% de nuestras carreras de pregrado acreditadas, y somos la d\u00e9cima universidad, de un total de 45, a nivel nacional en el ranking general de calidad de la docencia de pregrado, seg\u00fan el Ranking General de Calidad de la Docencia de Pregrado, elaborado por el Grupo de Estudios Avanzados Universitas y El Mercurio 2018 y, por otro lado, en investigaci\u00f3n, la Universidad de Tarapac\u00e1 es l\u00edder en proyectos de investigaci\u00f3n Fondecyt Regular 2019 en el norte de Chile&#8221;.<\/p>\n<p style=\"text-align: justify;\"><img alt=\"Imagen foto_00000012\" class=\"fotodrag\" id=\"foto_00000012\" src=\"\/web\/site\/artic\/20190305\/imag\/foto_0000001220190305111757.jpg\" style=\"margin-left: 10px; margin-right: 10px; float: left;\" data-w=\"360\" data-h=\"239\" \/>El Rector Dr. Emilio Rodr\u00edguez Ponce, prosigui\u00f3 sus palabras resaltando que en este a\u00f1o se recibieron a 2000 nuevos estudiantes que desarrollar\u00e1n sus actividades de formaci\u00f3n en las 7 facultades que imparten las disciplinas y carreras de pregrado en Arica e Iquique, destacando particularmente el ingreso de alumnos a la carrera de medicina cuyos puntajes crecieron respecto a los a\u00f1os anteriores. &#8220;Lo que queremos junto con dar una bienvenida, es poder mostrarles a los estudiantes cu\u00e1les son los servicios de apoyo que tenemos como instituci\u00f3n; mostrarles cu\u00e1les son las formas en que ellos tienen que estudiar, c\u00f3mo lograr los soportes institucionales para poder avanzar porque la educaci\u00f3n superior es una oportunidad fundamental para las personas, para desarrollarse, crecer y para mejorar, pero tambi\u00e9n hay que saber que no todo el mundo termina la educaci\u00f3n superior con \u00e9xito. En nuestro pa\u00eds esta es una tarea pendiente de manera muy significativa a\u00fan&#8221;.<\/p>\n<p style=\"text-align: justify;\">En este contexto, el Rector de la UTA, Dr. Emilio Rodr\u00edguez Ponce expres\u00f3 que, &#8220;nosotros queremos apoyar a los estudiantes, ponernos al servicio de ellos y poder ayudarles en esta marcha que se inicia en el d\u00eda de hoy, pero que tiene que culminar ojal\u00e1 con la mayor\u00eda de los estudiantes titulados en alg\u00fan momento del tiempo. All\u00ed es que reci\u00e9n los sue\u00f1os se empiezan a cumplir y en consecuencia, es responsabilidad de la UTA aportar, apoyar, promover y contribuir a que esta estad\u00eda en esta Casa de Estudios Superiores, sea lo mejor posible&#8221;.<\/p>\n<p style=\"text-align: justify;\"><img alt=\"Imagen foto_00000014\" class=\"fotodrag\" id=\"foto_00000014\" src=\"\/web\/site\/artic\/20190305\/imag\/foto_0000001420190305111757.jpg\" style=\"margin-left: 10px; margin-right: 10px; float: right;\" data-w=\"360\" data-h=\"239\" \/>El acto continu\u00f3 con la presentaci\u00f3n del Conjunto Folkl\u00f3rico Integraci\u00f3n (CINUT), quienes representaron el cuadro coreogr\u00e1fico &#8220;Diablada&#8221;, como una forma de poder en valor el patrimonio inmaterial de la zona norte del pa\u00eds, a trav\u00e9s de una de las danzas m\u00e1s representativas de la fiesta de la Virgen del Carmen, La Tirana, para luego finalizar con diversas actividades de inducci\u00f3n a los nuevos j\u00f3venes universitarios.<\/p>\n\n\n\n<figure class=\"wp-block-image\"><a href=\"https:\/\/photos.app.goo.gl\/DBsTtfamRch7A9aw5\" target=\"_blank\"><img loading=\"lazy\" width=\"300\" height=\"60\" src=\"https:\/\/www.uta.cl\/wp-content\/uploads\/2019\/05\/ver_galeria.jpg\" alt=\"\" class=\"wp-image-8828\"\/><\/a><\/figure>\n","protected":false},"excerpt":{"rendered":"<p>Alrededor de 2.000 estudiantes recibieron la bienvenida por parte de las autoridades regionales, equipo de gesti\u00f3n y acad\u00e9micos.<\/p>\n","protected":false},"author":3,"featured_media":12041,"comment_status":"open","ping_status":"open","sticky":false,"template":"","format":"standard","meta":[],"categories":[],"tags":[],"_links":{"self":[{"href":"https:\/\/www.uta.cl\/index.php\/wp-json\/wp\/v2\/posts\/12040"}],"collection":[{"href":"https:\/\/www.uta.cl\/index.php\/wp-json\/wp\/v2\/posts"}],"about":[{"href":"https:\/\/www.uta.cl\/index.php\/wp-json\/wp\/v2\/types\/post"}],"author":[{"embeddable":true,"href":"https:\/\/www.uta.cl\/index.php\/wp-json\/wp\/v2\/users\/3"}],"replies":[{"embeddable":true,"href":"https:\/\/www.uta.cl\/index.php\/wp-json\/wp\/v2\/comments?post=12040"}],"version-history":[{"count":0,"href":"https:\/\/www.uta.cl\/index.php\/wp-json\/wp\/v2\/posts\/12040\/revisions"}],"wp:featuredmedia":[{"embeddable":true,"href":"https:\/\/www.uta.cl\/index.php\/wp-json\/wp\/v2\/media\/12041"}],"wp:attachment":[{"href":"https:\/\/www.uta.cl\/index.php\/wp-json\/wp\/v2\/media?parent=12040"}],"wp:term":[{"taxonomy":"category","embeddable":true,"href":"https:\/\/www.uta.cl\/index.php\/wp-json\/wp\/v2\/categories?post=12040"},{"taxonomy":"post_tag","embeddable":true,"href":"https:\/\/www.uta.cl\/index.php\/wp-json\/wp\/v2\/tags?post=12040"}],"curies":[{"name":"wp","href":"https:\/\/api.w.org\/{rel}","templated":true}]}}