{"id":12034,"date":"2019-03-07T17:33:51","date_gmt":"2019-03-07T17:33:51","guid":{"rendered":"https:\/\/www.uta.cl\/con-un-desayuno-a-las-mujeres-integrantes-del-equipo-de-gestion-de-la\/web\/2019-03-07\/173351.html"},"modified":"2019-03-07T17:33:51","modified_gmt":"2019-03-07T17:33:51","slug":"con-un-desayuno-a-las-mujeres-integrantes-del-equipo-de-gestion-de-la","status":"publish","type":"post","link":"https:\/\/www.uta.cl\/index.php\/2019\/03\/07\/con-un-desayuno-a-las-mujeres-integrantes-del-equipo-de-gestion-de-la\/","title":{"rendered":"Con un desayuno a las mujeres integrantes del equipo de gesti\u00f3n de la UTA, se dio inicio a la semana de la Conmemoraci\u00f3n del D\u00eda Internacional de la Mujer"},"content":{"rendered":"\n<p style=\"text-align: justify;\"><img alt=\"Imagen foto_00000004\" class=\"fotodrag\" id=\"foto_00000004\" src=\"\/web\/site\/artic\/20190307\/imag\/foto_0000000420190307173351.jpg\" style=\"margin-left: 10px; margin-right: 10px; float: left;\" data-w=\"360\" data-h=\"239\" \/>Muy temprano por la ma\u00f1ana de este mi\u00e9rcoles 06 de marzo, las nueve mujeres integrantes del equipo de gesti\u00f3n de la UTA, quitaron su mirada de los documentos a firmar y reuniones agendadas, para participar en un ameno desayuno ofrecido por el Rector de la Universidad de Tarapac\u00e1, Dr. Emilio Rodr\u00edguez Ponce para ellas, contando con la presencia de las directoras: J\u00e9nniffer Peralta Montecinos, Vicerrectora de Desarrollo Estrat\u00e9gico; Claudia Moraga Contreras, Directora de Equidad de G\u00e9nero; Carmen Araneda Guirriman, Directora General de Gabinete; Bernardina Cisternas Arapio, Directora de Planificaci\u00f3n y Proyectos; Paulina Ortu\u00f1o Fari\u00f1a, Directora de Gesti\u00f3n de Personas y Bienestar Laboral; Marlene Cisternas Riveros, Registradora; Ingrid Fern\u00e1ndez Carvajal, Directora de Asuntos Estudiantiles; Nieves Rubio Medina, Directora de la Unidad de Informaci\u00f3n y Control de Gesti\u00f3n y, Liliana Hern\u00e1ndez Villaseca, Directora de Proyectos Acad\u00e9micos.<\/p>\n<p style=\"text-align: justify;\"><img alt=\"Imagen foto_00000007\" class=\"fotodrag\" id=\"foto_00000007\" src=\"\/web\/site\/artic\/20190307\/imag\/foto_0000000720190307173351.jpg\" style=\"margin-left: 10px; margin-right: 10px; float: right;\" data-w=\"360\" data-h=\"240\" \/>El Rector de la Universidad de Tarapac\u00e1, Dr. Emilio Rodr\u00edguez Ponce, junto con agradecer la presencia de las nueve directoras, expres\u00f3 que &#8220;es un privilegio tener este espacio de conversaci\u00f3n y deseo que lo consideren como un peque\u00f1o pero significativo reconocimiento a esta labor tan dif\u00edcil que est\u00e1n haciendo ustedes, que es ser directivas de esta Casa de Estudios Superiores. Ser directivo o directiva es una labor sumamente dif\u00edcil y en per\u00edodos anteriores no hab\u00eda un equipo directivo que tuviera este posicionamiento de las mujeres y que nos permitiera tener esa diversidad&#8221;.<\/p>\n<p style=\"text-align: justify;\">La m\u00e1xima autoridad universitaria agreg\u00f3 que, &#8220;nuestra Universidad al igual que toda la sociedad, tiene una deuda pendiente de g\u00e9nero y es una deuda que se ha arrastrado por a\u00f1os. Nosotros debemos ir revelando cu\u00e1les son las dimensiones en las cuales la Instituci\u00f3n tiene mucho que hacer. A lo mejor los hombres somos ciegos a esas dimensiones, donde hay toda una convicci\u00f3n que se ha ido generando en nuestra Universidad, en la cual la Direcci\u00f3n de Equidad de G\u00e9nero est\u00e1 realizando y debe realizar un trabajo muy fundamental en materia de mostrar d\u00f3nde estamos mal y c\u00f3mo podemos ir superando brechas que pudiesen existir&#8221;.<\/p>\n<p style=\"text-align: justify;\"><img alt=\"Imagen foto_00000008\" class=\"fotodrag\" id=\"foto_00000008\" src=\"\/web\/site\/artic\/20190307\/imag\/foto_0000000820190307173351.jpg\" style=\"margin-left: 10px; margin-right: 10px; float: left;\" data-w=\"360\" data-h=\"239\" \/>Importa destacar que este encuentro se suma a las numerosas actividades contempladas para conmemorar el D\u00eda Internacional de la Mujer. Para el viernes 8 de marzo, a partir de las 10:00 horas se realizar\u00e1 la ceremonia de reconocimiento a las Ex Acad\u00e9micas Nancy \u00c1lvarez Rosales y Ver\u00f3nica Rey Mas, distingui\u00e9ndolas por su contribuci\u00f3n al desarrollo de esta Casa de Estudios Superiores. Para proseguir a las 11:00 horas, en la Sala de Eventos de la Facsojur, con la Ceremonia de Conmemoraci\u00f3n del D\u00eda Internacional de la Mujer, en la cual se har\u00e1 entrega de la distinci\u00f3n &#8220;Mujeres, Sociedad y Universidad&#8221;.<\/p>\n<p style=\"text-align: justify;\">Claudia Moraga Contreras, Directora de Equidad de G\u00e9nero de la Universidad de Tarapac\u00e1, destac\u00f3 que esta distinci\u00f3n, &#8220;surge como un modo de reconocer a mujeres que, de modo significativo, han contribuido a abrir el necesario camino para que tantas otras podamos participar de espacios que por tanto tiempo nos fueron extra\u00f1os. A trav\u00e9s de esta distinci\u00f3n se reconoce a mujeres que se han constituido en agentes de cambio, al impactar positivamente en la inclusi\u00f3n de otras mujeres en el contexto universitario&#8221;.<\/p>\n","protected":false},"excerpt":{"rendered":"<p>Encuentro fue la primera actividad en una semana que contempla m\u00faltiples actividades para celebrar a la mujer.<\/p>\n","protected":false},"author":3,"featured_media":12035,"comment_status":"open","ping_status":"open","sticky":false,"template":"","format":"standard","meta":[],"categories":[],"tags":[],"_links":{"self":[{"href":"https:\/\/www.uta.cl\/index.php\/wp-json\/wp\/v2\/posts\/12034"}],"collection":[{"href":"https:\/\/www.uta.cl\/index.php\/wp-json\/wp\/v2\/posts"}],"about":[{"href":"https:\/\/www.uta.cl\/index.php\/wp-json\/wp\/v2\/types\/post"}],"author":[{"embeddable":true,"href":"https:\/\/www.uta.cl\/index.php\/wp-json\/wp\/v2\/users\/3"}],"replies":[{"embeddable":true,"href":"https:\/\/www.uta.cl\/index.php\/wp-json\/wp\/v2\/comments?post=12034"}],"version-history":[{"count":0,"href":"https:\/\/www.uta.cl\/index.php\/wp-json\/wp\/v2\/posts\/12034\/revisions"}],"wp:featuredmedia":[{"embeddable":true,"href":"https:\/\/www.uta.cl\/index.php\/wp-json\/wp\/v2\/media\/12035"}],"wp:attachment":[{"href":"https:\/\/www.uta.cl\/index.php\/wp-json\/wp\/v2\/media?parent=12034"}],"wp:term":[{"taxonomy":"category","embeddable":true,"href":"https:\/\/www.uta.cl\/index.php\/wp-json\/wp\/v2\/categories?post=12034"},{"taxonomy":"post_tag","embeddable":true,"href":"https:\/\/www.uta.cl\/index.php\/wp-json\/wp\/v2\/tags?post=12034"}],"curies":[{"name":"wp","href":"https:\/\/api.w.org\/{rel}","templated":true}]}}