{"id":12032,"date":"2019-03-08T18:26:37","date_gmt":"2019-03-08T18:26:37","guid":{"rendered":"https:\/\/www.uta.cl\/s\/h5_"},"modified":"2019-03-08T18:26:37","modified_gmt":"2019-03-08T18:26:37","slug":"profesor-de-la-uta-es-nombrado-como-presidente-de-la-corte-de","status":"publish","type":"post","link":"https:\/\/www.uta.cl\/index.php\/2019\/03\/08\/profesor-de-la-uta-es-nombrado-como-presidente-de-la-corte-de\/","title":{"rendered":"Profesor de la UTA es nombrado como Presidente de la Corte de Apelaciones de Santiago"},"content":{"rendered":"\n<p style=\"text-align: justify;\"><img loading=\"lazy\" alt=\"Imagen foto_00000001\" class=\"fotodrag\" height=\"251\" id=\"foto_00000001\" src=\"\/web\/site\/artic\/20190308\/imag\/foto_0000000120190308182637.jpg\" style=\"float: right; margin-left: 10px; margin-right: 10px;\" width=\"173\" data-w=\"300\" data-h=\"434\" \/>El ministro de la Corte de Apelaciones de Santiago Javier Moya Cuadra asumi\u00f3 la presidencia de la Corte de Apelaciones de Santiago para el a\u00f1o judicial 2019, sucediendo en el cargo a la magistrada Dobra Lusic Nadal.<\/p>\n<p style=\"text-align: justify;\">Abogado de la Universidad de Chile y Mag\u00edster en Ciencias Jur\u00eddicas de la Universidad de Tarapac\u00e1, el ministro Moya inici\u00f3 su carrera judicial en marzo de 1982 como secretario del Juzgado de Letras y Garant\u00eda de Coelemu. A mediados de abril de 1983, asumi\u00f3 como secretario del 2\u00b0 Juzgado de Letras de Talca hasta junio de 1984, fecha en que es nombrado juez del Juzgado de Letras y Garant\u00eda de Puc\u00f3n.<\/p>\n<p style=\"text-align: justify;\">En 1989, el magistrado Moya se traslada al norte del pa\u00eds como juez del 2\u00b0 Juzgado de Letras de Arica. En esa jurisdicci\u00f3n, asume en 2002 como ministro, encabezando ese tribunal de alzada el a\u00f1o 2003. A la Corte de Apelaciones de Santiago llega como ministro en septiembre del a\u00f1o 2009.<\/p>\n<p style=\"text-align: justify;\">Dentro de su labor acad\u00e9mica, el presidente Moya es profesor visitante de la c\u00e1tedra de la litigaci\u00f3n oral de la Escuela de Derecho en la Universidad de Tarapac\u00e1 (desde 1996) y la Universidad Privada de Tacna en Per\u00fa (desde 2015). Adem\u00e1s ha participado como expositor en la Conferencia de An\u00e1lisis de Implementaci\u00f3n del Sistema Procesal Penal en Per\u00fa y en la Fiscal\u00eda Nacional de Kiev, en Ucrania, entre otras.<\/p>\n","protected":false},"excerpt":{"rendered":"<p>Javier Moya Cuadra asumi\u00f3 para el a\u00f1o judicial 2019<\/p>\n","protected":false},"author":3,"featured_media":12033,"comment_status":"open","ping_status":"open","sticky":false,"template":"","format":"standard","meta":[],"categories":[],"tags":[],"_links":{"self":[{"href":"https:\/\/www.uta.cl\/index.php\/wp-json\/wp\/v2\/posts\/12032"}],"collection":[{"href":"https:\/\/www.uta.cl\/index.php\/wp-json\/wp\/v2\/posts"}],"about":[{"href":"https:\/\/www.uta.cl\/index.php\/wp-json\/wp\/v2\/types\/post"}],"author":[{"embeddable":true,"href":"https:\/\/www.uta.cl\/index.php\/wp-json\/wp\/v2\/users\/3"}],"replies":[{"embeddable":true,"href":"https:\/\/www.uta.cl\/index.php\/wp-json\/wp\/v2\/comments?post=12032"}],"version-history":[{"count":0,"href":"https:\/\/www.uta.cl\/index.php\/wp-json\/wp\/v2\/posts\/12032\/revisions"}],"wp:featuredmedia":[{"embeddable":true,"href":"https:\/\/www.uta.cl\/index.php\/wp-json\/wp\/v2\/media\/12033"}],"wp:attachment":[{"href":"https:\/\/www.uta.cl\/index.php\/wp-json\/wp\/v2\/media?parent=12032"}],"wp:term":[{"taxonomy":"category","embeddable":true,"href":"https:\/\/www.uta.cl\/index.php\/wp-json\/wp\/v2\/categories?post=12032"},{"taxonomy":"post_tag","embeddable":true,"href":"https:\/\/www.uta.cl\/index.php\/wp-json\/wp\/v2\/tags?post=12032"}],"curies":[{"name":"wp","href":"https:\/\/api.w.org\/{rel}","templated":true}]}}