{"id":12028,"date":"2019-03-08T18:51:34","date_gmt":"2019-03-08T18:51:34","guid":{"rendered":"https:\/\/www.uta.cl\/s\/iv_"},"modified":"2019-03-08T18:51:34","modified_gmt":"2019-03-08T18:51:34","slug":"rector-de-la-uta-descubre-placas-en-reconocimiento-a-ex-academicas-nancy","status":"publish","type":"post","link":"https:\/\/www.uta.cl\/index.php\/2019\/03\/08\/rector-de-la-uta-descubre-placas-en-reconocimiento-a-ex-academicas-nancy\/","title":{"rendered":"Rector de la UTA descubre placas en reconocimiento a ex acad\u00e9micas Nancy \u00c1lvarez Rosales y Ver\u00f3nica Rey Mas"},"content":{"rendered":"\n<p style=\"text-align: justify;\"><img loading=\"lazy\" alt=\"Imagen foto_00000005\" class=\"fotodrag\" height=\"304\" id=\"foto_00000005\" src=\"\/web\/site\/artic\/20190308\/imag\/foto_0000000520190308185134.jpg\" style=\"float: right; margin-left: 10px; margin-right: 10px;\" width=\"345\" data-w=\"364\" data-h=\"320\" \/>En el marco de la conmemoraci\u00f3n del D\u00eda Internacional de la Mujer, este viernes 8 de marzo se llev\u00f3 a cabo emotivas ceremonias de reconocimiento a ex acad\u00e9micas de la Universidad de Tarapac\u00e1, por sus valiosas contribuciones a esta Casa de Estudios Superiores, contando con la presencia de autoridades universitarias, acad\u00e9micos, funcionarios y estudiantes.<\/p>\n<p style=\"text-align: justify;\">A las 10:00 de la ma\u00f1ana, autoridades universitarias, acad\u00e9micas y acad\u00e9micos, funcionarias y funcionarios y estudiantes, se dieron cita en el frontis del Centro de Investigaci\u00f3n e Intervenci\u00f3n Psicosocial (CEINPSI), para participar en la ceremonia de reconocimiento de la ex acad\u00e9mica, Nancy \u00c1lvarez Rosales en la cual se procedi\u00f3 a descubrir la placa recordatoria del Centro de Investigaci\u00f3n e Intervenci\u00f3n Psicosocial que llevar\u00e1 su nombre.<\/p>\n<p style=\"text-align: justify;\">La ceremonia estuvo encabezada por el Rector de la Universidad de Tarapac\u00e1, Dr. Emilio Rodr\u00edguez Ponce, quien destac\u00f3 que en esta fecha en la cual se conmemora el D\u00eda Internacional de la Mujer este tipo de actos cobra una importancia relevante. &#8220;Poder testimoniar en vida a las personas destacadas de esta Casa de Estudios Superiores, personas que han tenido un rol protag\u00f3nico en el desarrollo de nuestra Instituci\u00f3n. En este primer a\u00f1o, hemos elegido a la ex acad\u00e9mica Nancy \u00c1lvarez porque ha sido y va a ser siempre una protagonista en el desarrollo de nuestra Instituci\u00f3n del \u00e1rea de psicolog\u00eda y creemos que es de toda justicia que este edificio, el cual naci\u00f3 del Gobierno Regional pero con el empuje, creatividad, talento, esfuerzo y dedicaci\u00f3n de la propia profesora Nancy \u00c1lvarez. Por ello, creemos que es de toda justicia que este edificio lleve su nombre, el cual genera un testimonio de que el trabajo bien realizado no pase inadvertido&#8221;.<\/p>\n<p style=\"text-align: justify;\">Con emoci\u00f3n, la ex acad\u00e9mica de la Escuela de Psicolog\u00eda y Filosof\u00eda, Nancy \u00c1lvarez Rosales, entreg\u00f3 sus palabras de agradecimiento se\u00f1alando que, &#8220;este reconocimiento me da una gotita de esfuerzo mayor. Siempre he sido una persona que ha luchado porque las cosas salgan bien. La Universidad de Tarapac\u00e1 ha cumplido un rol importante en mi vida, siempre fui una persona que quiso hacer cosas, trat\u00f3 de sacar proyectos adelante y uno de los primeros proyectos que se concret\u00f3 y que lo considero como un hijo, es la creaci\u00f3n de la carrera de psicolog\u00eda&#8221;.<\/p>\n<p style=\"text-align: justify;\">Posteriormente, los invitados se trasladaron al Edificio Multifuncional, ubicado en el Anexo de Biblioteca para reconocer a la ex acad\u00e9mica del Departamento de Matem\u00e1ticas de la UTA, Ver\u00f3nica Rey Mas, quien en sus 50 a\u00f1os de labor docente fue formadora de muchas generaciones principalmente de profesores e ingenieros.<\/p>\n<p style=\"text-align: justify;\">En esta oportunidad, la m\u00e1xima autoridad universitaria expres\u00f3 que, &#8220;es un honor poder participar de este descubrimiento de placa que da a este edificio el nombre de la profesora Ver\u00f3nica Rey Mas. Es un privilegio porque estamos haciendo algo que es diferente, es una nueva iniciativa de rector\u00eda para reconocer en vida a quienes han dejado una huella profunda en el desarrollo de nuestra Instituci\u00f3n. La profesora Ver\u00f3nica Rey M\u00e1s quien durante d\u00e9cadas despleg\u00f3 lo mejor de sus talentos en la formaci\u00f3n de cientos de profesionales en la UTA y, siempre lo hizo con ese sello particular de rigurosidad y de exigencia, pero siempre tambi\u00e9n con excelencia&#8221;.<\/p>\n<p style=\"text-align: justify;\">Por su parte, la profesora Ver\u00f3nica Rey Mas se\u00f1al\u00f3 que, &#8220;estoy muy emocionada con este reconocimiento. Estos casi 50 a\u00f1os han sido maravillosos. Yo a la Universidad de Tarapac\u00e1 la tengo impregnada en mi cuerpo. No paro de tener emociones por lo cual agradezco esta ceremonia. Hasta el d\u00eda de hoy me encuentro con profesionales quienes fueron mis estudiantes y el agradecimiento que cada uno de ellos me demuestra, me da la satisfacci\u00f3n de haber realizado bien el trabajo&#8221;.<\/p>\n<table border=\"0\" style=\"border-spacing: 10px;\">\n<tbody>\n<tr>\n<td><img loading=\"lazy\" alt=\"Imagen foto_00000008\" border=\"0\" class=\"fotodrag\" height=\"179\" id=\"foto_00000008\" src=\"\/web\/site\/artic\/20190308\/imag\/foto_0000000820190308185134.jpg\" width=\"359\" data-w=\"800\" data-h=\"399\" \/><\/td>\n<td><img loading=\"lazy\" alt=\"Imagen foto_00000009\" border=\"0\" class=\"fotodrag\" height=\"253\" id=\"foto_00000009\" src=\"\/web\/site\/artic\/20190308\/imag\/foto_0000000920190308185134.jpg\" width=\"361\" data-w=\"419\" data-h=\"294\" \/><\/td>\n<\/tr>\n<\/tbody>\n<\/table>\n<p><a href=\"https:\/\/photos.app.goo.gl\/RiZszfXA24D4mgke6\" target=\"_blank\">Galer\u00eda de Im\u00e1genes &#8211; Homenaje Nancy \u00c1lvarez Rosales<\/a><\/p>\n<p><a href=\"https:\/\/photos.app.goo.gl\/SqQERJTUebxYiPVb9\" target=\"_blank\">Galer\u00eda de Im\u00e1genes &#8211; Homenaje Ver\u00f3nica Rey Mas<\/a><\/p>\n","protected":false},"excerpt":{"rendered":"<p>Ambas ceremonias contaron con la presencia de autoridades universitarias, acad\u00e9micas y acad\u00e9micos, funcionarias y funcionarios y estudiantes<\/p>\n","protected":false},"author":3,"featured_media":12029,"comment_status":"open","ping_status":"open","sticky":false,"template":"","format":"standard","meta":[],"categories":[],"tags":[],"_links":{"self":[{"href":"https:\/\/www.uta.cl\/index.php\/wp-json\/wp\/v2\/posts\/12028"}],"collection":[{"href":"https:\/\/www.uta.cl\/index.php\/wp-json\/wp\/v2\/posts"}],"about":[{"href":"https:\/\/www.uta.cl\/index.php\/wp-json\/wp\/v2\/types\/post"}],"author":[{"embeddable":true,"href":"https:\/\/www.uta.cl\/index.php\/wp-json\/wp\/v2\/users\/3"}],"replies":[{"embeddable":true,"href":"https:\/\/www.uta.cl\/index.php\/wp-json\/wp\/v2\/comments?post=12028"}],"version-history":[{"count":0,"href":"https:\/\/www.uta.cl\/index.php\/wp-json\/wp\/v2\/posts\/12028\/revisions"}],"wp:featuredmedia":[{"embeddable":true,"href":"https:\/\/www.uta.cl\/index.php\/wp-json\/wp\/v2\/media\/12029"}],"wp:attachment":[{"href":"https:\/\/www.uta.cl\/index.php\/wp-json\/wp\/v2\/media?parent=12028"}],"wp:term":[{"taxonomy":"category","embeddable":true,"href":"https:\/\/www.uta.cl\/index.php\/wp-json\/wp\/v2\/categories?post=12028"},{"taxonomy":"post_tag","embeddable":true,"href":"https:\/\/www.uta.cl\/index.php\/wp-json\/wp\/v2\/tags?post=12028"}],"curies":[{"name":"wp","href":"https:\/\/api.w.org\/{rel}","templated":true}]}}