{"id":12020,"date":"2019-03-15T11:00:49","date_gmt":"2019-03-15T11:00:49","guid":{"rendered":"https:\/\/www.uta.cl\/s\/mW_"},"modified":"2019-03-15T11:00:49","modified_gmt":"2019-03-15T11:00:49","slug":"rector-dr-emilio-rodriguez-ponce-es-nombrado-hijo-ilustre-del-liceo-a-1","status":"publish","type":"post","link":"https:\/\/www.uta.cl\/index.php\/2019\/03\/15\/rector-dr-emilio-rodriguez-ponce-es-nombrado-hijo-ilustre-del-liceo-a-1\/","title":{"rendered":"Rector Dr. Emilio Rodr\u00edguez Ponce es nombrado Hijo Ilustre del Liceo A-1 \u201cOctavio Palma P\u00e9rez\u201d"},"content":{"rendered":"\n<p style=\"text-align: justify;\"><img alt=\"Imagen foto_00000008\" class=\"fotodrag\" id=\"foto_00000008\" src=\"\/web\/site\/artic\/20190315\/imag\/foto_0000000820190315110049.jpg\" style=\"margin-left: 10px; margin-right: 10px; float: left;\" data-w=\"360\" data-h=\"239\" \/>Una ma\u00f1ana llena de emociones y alegr\u00edas vivi\u00f3 el Rector de la Universidad de Tarapac\u00e1, Dr. Emilio Rodr\u00edguez Ponce, al asistir al acto de inauguraci\u00f3n de Inicio del A\u00f1o Escolar 2019 de su ex Liceo A-1 &#8220;Octavio Palma P\u00e9rez&#8221;, al ser distinguido como Hijo Ilustre de este reconocido establecimiento educacional.<\/p>\n<p style=\"text-align: justify;\">En el solemne acto que cont\u00f3 con la asistencia de la Secretaria Regional Ministerial de Educaci\u00f3n, Lorena Ventura V\u00e1squez, el director regional de la Superintendencia de Educaci\u00f3n, \u00c1lvaro Arriagada Cancino; ex profesores, docentes, funcionarios, apoderados y estudiantes del Liceo A-1 &#8220;Octavio Palma P\u00e9rez&#8221;, su director Juan Jord\u00e1n Arias, destac\u00f3 las virtudes del Rector Dr. Emilio Rodr\u00edguez Ponce, declar\u00e1ndolo como Hijo Ilustre por ser un destacado alumno cuyos estudios de ense\u00f1anza media lo curs\u00f3 entre los a\u00f1os 1979 y 1982, adem\u00e1s de destacar su trayectoria y logros profesionales obtenidos.<\/p>\n<p style=\"text-align: justify;\"><img alt=\"Imagen foto_00000019\" class=\"fotodrag\" id=\"foto_00000019\" src=\"\/web\/site\/artic\/20190315\/imag\/foto_0000001920190315110049.jpg\" style=\"margin-left: 10px; margin-right: 10px; float: right;\" data-w=\"360\" data-h=\"239\" \/>&#8220;Hoy estamos dando inicio a un nuevo a\u00f1o escolar pero de manera muy especial, porque nuestras m\u00e1ximas autoridades educacionales han querido estar presentes junto a la comunidad educativa. Para la comunidad octaviana es de profundo orgullo destacar a un ex alumno: a don Emilio Rodr\u00edguez Ponce, Rector de la Universidad de Tarapac\u00e1, que se ha destacado en aportar al desarrollo de la ciudad como ex intendente de la Regi\u00f3n de Arica y Parinacota y, en educaci\u00f3n, como Rector de la UTA y otros cargos relacionados con la formaci\u00f3n educativa, entregando grandes aportes educacionales, sociales, culturales, deportivos y empresariales, contribuyendo a que el nombre del Liceo &#8220;Octavio Palma P\u00e9rez&#8221; trascienda y se proyecte a nivel nacional y regional.<\/p>\n<p style=\"text-align: justify;\"><img alt=\"Imagen foto_00000011\" class=\"fotodrag\" id=\"foto_00000011\" src=\"\/web\/site\/artic\/20190315\/imag\/foto_0000001120190315110049.jpg\" style=\"margin-left: 10px; margin-right: 10px; float: left;\" data-w=\"360\" data-h=\"239\" \/>Tras ser declarado Hijo Ilustre del Liceo A-1 &#8220;Octavio Palma P\u00e9rez&#8221;, distinci\u00f3n que se otorga en conformidad con el Manual de Convivencia Escolar del liceo, el Rector Dr. Emilio Rodr\u00edguez Ponce manifest\u00f3 que, &#8220;tengo mucho que agradecer a toda mi formaci\u00f3n del Liceo A-1, que en ese tiempo y hoy tambi\u00e9n, ten\u00eda una tremenda m\u00edstica, era muy exigente y la formaci\u00f3n que otorgaba era de excelencia. Hoy ha sido un d\u00eda de muchas emociones, en la cual la vocaci\u00f3n con la que se trabaja en este liceo, el cari\u00f1o con que se canta el himno de este establecimiento, demuestra que hay un sello, una impronta, una forma de trabajo que se va traspasando de generaci\u00f3n en generaci\u00f3n y, en ese contexto, ser distinguido por el colegio en el que uno estudi\u00f3 sin duda que trae gratos recuerdos, siendo un momento muy bonito en lo personal&#8221;.<\/p>\n<p style=\"text-align: justify;\">Consultado respecto al v\u00ednculo institucional con el Liceo A-1, el rector Rodr\u00edguez destac\u00f3 que, &#8220;este liceo es el que nutre con la mayor cantidad de estudiantes a nuestra Universidad de Tarapac\u00e1, es el liceo que cada a\u00f1o aporta aproximadamente 200 estudiantes a las aulas universitarias y en consecuencia, es un liceo de gran relevancia para nuestra Casa de Estudios Superiores, con estudiantes que adem\u00e1s, tienen un alto rendimiento y buen desempe\u00f1o profesional al finalizar sus carreras&#8221;, destac\u00f3 la m\u00e1xima autoridad universitaria.<\/p>\n<p style=\"text-align: justify;\"><strong>RECONOCIMIENTOS<\/strong><\/p>\n<p style=\"text-align: justify;\"><img alt=\"Imagen foto_00000015\" class=\"fotodrag\" id=\"foto_00000015\" src=\"\/web\/site\/artic\/20190315\/imag\/foto_0000001520190315110049.jpg\" style=\"margin-left: 10px; margin-right: 10px; float: right;\" data-w=\"360\" data-h=\"239\" \/>Junto al Rector Dr. Emilio Rodr\u00edguez, recibieron un diploma recordatorio en agradecimiento a su visita, la Secretaria Regional Ministerial de Educaci\u00f3n, Lorena Ventura V\u00e1squez, el director regional de la Superintendencia de Educaci\u00f3n, \u00c1lvaro Arriagada Cancino y ex profesores del Rector Rodr\u00edguez por su dedicaci\u00f3n profesional y ense\u00f1anzas impartidas, finalizando el acto con la presentaci\u00f3n del conjunto folcl\u00f3rico &#8220;Suma Jatha&#8221; y una representaci\u00f3n esc\u00e9nica por motivo de la celebraci\u00f3n del &#8220;D\u00eda contra el Ciberacoso Escolar&#8221;, conformado por estudiantes del grupo de teatro del Liceo A-1.<img alt=\"Imagen foto_00000013\" class=\"fotodrag\" id=\"foto_00000013\" src=\"\/web\/site\/artic\/20190315\/imag\/foto_0000001320190315110049.jpg\" style=\"margin-left: 10px; margin-right: 10px; float: left;\" data-w=\"360\" data-h=\"239\" \/><\/p>\n\n\n\n<figure class=\"wp-block-image\"><a href=\"https:\/\/photos.app.goo.gl\/Gc1tiBVo6Hif4N3A6\" target=\"_blank\"><img loading=\"lazy\" width=\"300\" height=\"60\" src=\"https:\/\/www.uta.cl\/wp-content\/uploads\/2019\/05\/ver_galeria.jpg\" alt=\"\" class=\"wp-image-8828\"\/><\/a><\/figure>\n","protected":false},"excerpt":{"rendered":"<p>En solemne ceremonia de inauguraci\u00f3n del a\u00f1o escolar, la m\u00e1xima autoridad universitaria agradeci\u00f3 con emoci\u00f3n el reconocimiento entregado por el liceo que lo form\u00f3 en su ense\u00f1anza media, destacando el prestigio y excelencia de este establecimiento educacional.  <\/p>\n","protected":false},"author":3,"featured_media":12021,"comment_status":"open","ping_status":"open","sticky":false,"template":"","format":"standard","meta":[],"categories":[],"tags":[],"_links":{"self":[{"href":"https:\/\/www.uta.cl\/index.php\/wp-json\/wp\/v2\/posts\/12020"}],"collection":[{"href":"https:\/\/www.uta.cl\/index.php\/wp-json\/wp\/v2\/posts"}],"about":[{"href":"https:\/\/www.uta.cl\/index.php\/wp-json\/wp\/v2\/types\/post"}],"author":[{"embeddable":true,"href":"https:\/\/www.uta.cl\/index.php\/wp-json\/wp\/v2\/users\/3"}],"replies":[{"embeddable":true,"href":"https:\/\/www.uta.cl\/index.php\/wp-json\/wp\/v2\/comments?post=12020"}],"version-history":[{"count":0,"href":"https:\/\/www.uta.cl\/index.php\/wp-json\/wp\/v2\/posts\/12020\/revisions"}],"wp:featuredmedia":[{"embeddable":true,"href":"https:\/\/www.uta.cl\/index.php\/wp-json\/wp\/v2\/media\/12021"}],"wp:attachment":[{"href":"https:\/\/www.uta.cl\/index.php\/wp-json\/wp\/v2\/media?parent=12020"}],"wp:term":[{"taxonomy":"category","embeddable":true,"href":"https:\/\/www.uta.cl\/index.php\/wp-json\/wp\/v2\/categories?post=12020"},{"taxonomy":"post_tag","embeddable":true,"href":"https:\/\/www.uta.cl\/index.php\/wp-json\/wp\/v2\/tags?post=12020"}],"curies":[{"name":"wp","href":"https:\/\/api.w.org\/{rel}","templated":true}]}}