{"id":12004,"date":"2019-03-26T11:26:29","date_gmt":"2019-03-26T11:26:29","guid":{"rendered":"https:\/\/www.uta.cl\/academicos-de-la-universidad-de-tarapaca-participaron-en-jornada-de\/web\/2019-03-26\/112629.html"},"modified":"2019-03-26T11:26:29","modified_gmt":"2019-03-26T11:26:29","slug":"academicos-de-la-universidad-de-tarapaca-participaron-en-jornada-de","status":"publish","type":"post","link":"https:\/\/www.uta.cl\/index.php\/2019\/03\/26\/academicos-de-la-universidad-de-tarapaca-participaron-en-jornada-de\/","title":{"rendered":"Acad\u00e9micos de la Universidad de Tarapac\u00e1 participaron en Jornada de Acompa\u00f1amiento en Colegio Adolfo Beyzaga"},"content":{"rendered":"\n<p style=\"text-align: justify;\"><img alt=\"Imagen foto_00000007\" class=\"fotodrag\" id=\"foto_00000007\" src=\"\/web\/site\/artic\/20190326\/imag\/foto_0000000720190326112629.jpg\" style=\"margin-left: 10px; margin-right: 10px; float: left;\" data-w=\"360\" data-h=\"240\" \/>En el marco de la vinculaci\u00f3n entre la Universidad de Tarapac\u00e1 y los establecimientos educacionales, desde la Red Escolar Regional Yaticha\u00f1a, acad\u00e9micos del Departamento de Educaci\u00f3n y profesionales del Centro EDUCAR, en conjunto con directivos del Colegio Adolfo Beyzaga desarrollaron la Jornada &#8220;Orientaciones para la instalaci\u00f3n de un sistema de evaluaci\u00f3n conceptual en primero ciclo b\u00e1sico&#8221; dirigida a docentes del establecimiento.<\/p>\n<p style=\"text-align: justify;\">En la Jornada se abordaron diversos temas respectivos a la evaluaci\u00f3n educacional, consider\u00e1ndolo como un elemento fundamental para el mejoramiento de la calidad en los aprendizajes de estudiantes, en miras de otorgar una ense\u00f1anza integral y conocimientos comunes relacionados a nuevas estrategias y miradas en torno a la evaluaci\u00f3n, valorando sus resultados como base del desarrollo y transformaci\u00f3n de los procesos de ense\u00f1anza-aprendizaje.<\/p>\n<p style=\"text-align: justify;\"><img alt=\"Imagen foto_00000004\" class=\"fotodrag\" id=\"foto_00000004\" src=\"\/web\/site\/artic\/20190326\/imag\/foto_0000000420190326112629.jpg\" style=\"margin-left: 10px; margin-right: 10px; float: right;\" data-w=\"360\" data-h=\"240\" \/>El inicio de la Jornada estuvo a cargo de las autoridades del establecimiento, encabezando el encuentro la sostenedora y directora del Colegio Adolfo Beyzaga, Jacqueline Seguel Su\u00e1rez, junto a su equipo directivo, para luego dar espacio al acad\u00e9mico, Dr. Ra\u00fal Bustos Gonz\u00e1lez, quien expuso sobre los aspectos generales de la evaluaci\u00f3n. Posteriormente, se present\u00f3 la Jefa de Carrera de Educaci\u00f3n B\u00e1sica, Mg. Inelia Villalobos Iturriaga, quien expuso sobre la evaluaci\u00f3n en primer ciclo b\u00e1sico.<\/p>\n<p style=\"text-align: justify;\"><img alt=\"Imagen foto_00000010\" class=\"fotodrag\" id=\"foto_00000010\" src=\"\/web\/site\/artic\/20190326\/imag\/foto_0000001020190326112629.jpg\" style=\"margin-left: 10px; margin-right: 10px; float: left;\" data-w=\"360\" data-h=\"240\" \/>Continuando desde el Centro EDUCAR, expuso la Mg.(c) Elizabeth S\u00e1nchez Gonz\u00e1lez sobre las modalidades, instrumentos y pr\u00e1cticas evaluativas en formato conceptual, otorgando consideraciones para la pr\u00e1ctica pedag\u00f3gica desde la sensibilizaci\u00f3n del qu\u00e9, para qu\u00e9 y c\u00f3mo se eval\u00faa.<\/p>\n<p style=\"text-align: justify;\"><img alt=\"Imagen foto_00000009\" class=\"fotodrag\" id=\"foto_00000009\" src=\"\/web\/site\/artic\/20190326\/imag\/foto_0000000920190326112629.jpg\" style=\"margin-left: 10px; margin-right: 10px; float: right;\" data-w=\"360\" data-h=\"240\" \/>Por \u00faltimo, se present\u00f3 el Dr. Carlos Mondaca Rojas junto a la Mg. Carolina Ar\u00e9valo Lancellotti, quienes expusieron sobre los desaf\u00edos actuales al evaluar, desde una perspectiva de inclusi\u00f3n y diversidad, dando paso a un plenario donde participaron directivos, docentes y acad\u00e9micos respecto a la mirada de c\u00f3mo la escuela debe resignificar la evaluaci\u00f3n desde una perspectiva normativa hacia una dimensi\u00f3n m\u00e1s protag\u00f3nica, formadora y social.<\/p>\n\n\n\n<figure class=\"wp-block-image\"><a href=\"https:\/\/photos.app.goo.gl\/5xKvCw4hjQXexauZ9\" target=\"_blank\"><img loading=\"lazy\" width=\"300\" height=\"60\" src=\"https:\/\/www.uta.cl\/wp-content\/uploads\/2019\/05\/ver_galeria.jpg\" alt=\"\" class=\"wp-image-8828\"\/><\/a><\/figure>\n","protected":false},"excerpt":{"rendered":"<p>Acad\u00e9micos del Departamento de Educaci\u00f3n y profesionales del Centro EDUCAR en conjunto con autoridades del Colegio Adolfo Beyzaga realizaron Jornada dirigida a docentes del establecimiento<\/p>\n","protected":false},"author":3,"featured_media":12005,"comment_status":"open","ping_status":"open","sticky":false,"template":"","format":"standard","meta":[],"categories":[],"tags":[],"_links":{"self":[{"href":"https:\/\/www.uta.cl\/index.php\/wp-json\/wp\/v2\/posts\/12004"}],"collection":[{"href":"https:\/\/www.uta.cl\/index.php\/wp-json\/wp\/v2\/posts"}],"about":[{"href":"https:\/\/www.uta.cl\/index.php\/wp-json\/wp\/v2\/types\/post"}],"author":[{"embeddable":true,"href":"https:\/\/www.uta.cl\/index.php\/wp-json\/wp\/v2\/users\/3"}],"replies":[{"embeddable":true,"href":"https:\/\/www.uta.cl\/index.php\/wp-json\/wp\/v2\/comments?post=12004"}],"version-history":[{"count":0,"href":"https:\/\/www.uta.cl\/index.php\/wp-json\/wp\/v2\/posts\/12004\/revisions"}],"wp:featuredmedia":[{"embeddable":true,"href":"https:\/\/www.uta.cl\/index.php\/wp-json\/wp\/v2\/media\/12005"}],"wp:attachment":[{"href":"https:\/\/www.uta.cl\/index.php\/wp-json\/wp\/v2\/media?parent=12004"}],"wp:term":[{"taxonomy":"category","embeddable":true,"href":"https:\/\/www.uta.cl\/index.php\/wp-json\/wp\/v2\/categories?post=12004"},{"taxonomy":"post_tag","embeddable":true,"href":"https:\/\/www.uta.cl\/index.php\/wp-json\/wp\/v2\/tags?post=12004"}],"curies":[{"name":"wp","href":"https:\/\/api.w.org\/{rel}","templated":true}]}}