{"id":11998,"date":"2019-03-26T17:32:14","date_gmt":"2019-03-26T17:32:14","guid":{"rendered":"https:\/\/www.uta.cl\/s\/sw_"},"modified":"2019-03-26T17:32:14","modified_gmt":"2019-03-26T17:32:14","slug":"carrera-de-contador-auditor-contador-publico-de-la-uta-dio-la","status":"publish","type":"post","link":"https:\/\/www.uta.cl\/index.php\/2019\/03\/26\/carrera-de-contador-auditor-contador-publico-de-la-uta-dio-la\/","title":{"rendered":"Carrera de Contador Auditor \u2013 Contador P\u00fablico de la UTA dio la bienvenida a mechones 2019"},"content":{"rendered":"\n<p style=\"text-align: justify;\">El pasado mi\u00e9rcoles 13 de marzo y dentro del marco de las actividades de inducci\u00f3n de la UTA, la carrera de Contador Auditor-Contador P\u00fablico r\u00e9gimen vespertino, tuvo la oportunidad de participar en una serie de charlas a cargo de las distintas unidades de la Universidad, como la Unidad de Desarrollo Tecnol\u00f3gico (UDT), Registradur\u00eda, Finanzas, Direcci\u00f3n de Asuntos Estudiantiles (DAE) y Equidad de G\u00e9nero.<\/p>\n<p><img alt=\"Imagen foto_00000002\" border=\"0\" class=\"fotodrag\" id=\"foto_00000002\" src=\"\/web\/site\/artic\/20190326\/imag\/foto_0000000220190326173214.jpg\" style=\"display: block; margin-left: auto; margin-right: auto;\" data-w=\"550\" data-h=\"232\" \/><\/p>\n<p style=\"text-align: justify;\">En dicha instancia, Julia Ovando, profesional de la Unidad de Desarrollo Tecnol\u00f3gico expuso sobre el uso apropiado de la intranet de la Universidad y de las plataformas asociadas a su desarrollo acad\u00e9mico. En tanto, la registradora Marlene Cisternas entrego informaci\u00f3n sobre los elementos claves del Reglamento de Docencia y el funcionamiento acad\u00e9mico. Por su parte, Marcela P\u00e9rez de la Oficina de Finanas, explic\u00f3 sobre los aranceles b\u00e1sicos, aranceles diferenciados, fechas y modalidades de pago, cerrando el ciclo de charlas, la Dra. Ingrid Fern\u00e1ndez, directora de la Direcci\u00f3n de Asuntos Estudiantiles, quien inform\u00f3 sobre la variedad de servicios, becas y cr\u00e9ditos que la Universidad de Tarapac\u00e1 pone a disposici\u00f3n de sus estudiantes, junto con dar a conocer las fechas claves para no tener problemas en la obtenci\u00f3n o renovaci\u00f3n de ciertos beneficios. El encuentro finaliz\u00f3 con la charla de la Dra. Claudia Moraga, directora de la Direcci\u00f3n de Equidad de G\u00e9nero, quien convers\u00f3 sobre el funcionamiento de la unidad de equidad de genero, la cual propender\u00e1 a impulsar pol\u00edticas universitarias antidiscriminatorias y que garanticen la igualdad de derechos y de oportunidades entre hombres y mujeres.<\/p>\n<p><img alt=\"Imagen foto_00000004\" border=\"0\" class=\"fotodrag\" id=\"foto_00000004\" src=\"\/web\/site\/artic\/20190326\/imag\/foto_0000000420190326173214.jpg\" style=\"display: block; margin-left: auto; margin-right: auto;\" data-w=\"514\" data-h=\"252\" \/><\/p>\n<p style=\"text-align: justify;\">En una segunda parte, la jefa de carrera, Sof\u00eda Chura Untoja, dio la bienvenida oficial, dando a conocer las bondades de la carrera y el gran campo laboral, pues los requerimientos son variados y amplios por parte de PYMES y empresas mayores, enfatizando que esta es una carrera emblem\u00e1tica con 50 a\u00f1os de tradici\u00f3n.<\/p>\n<p style=\"text-align: justify;\">Posteriormente, el Centro de Alumnos organiz\u00f3 una once y una serie de actividades l\u00fadicas, con la finalidad de acercar a los estudiantes con sus compa\u00f1eros de nivel superior y crear una instancia en donde puedan comentar cu\u00e1l o cu\u00e1les fueron sus motivaciones para ingresar a la carrera, haciendo m\u00e1s amena la entrada a clases.<\/p>\n<p><img alt=\"Imagen foto_00000006\" border=\"0\" class=\"fotodrag\" id=\"foto_00000006\" src=\"\/web\/site\/artic\/20190326\/imag\/foto_0000000620190326173214.jpg\" style=\"display: block; margin-left: auto; margin-right: auto;\" data-w=\"384\" data-h=\"278\" \/><\/p>\n","protected":false},"excerpt":{"rendered":"<p>La jefa de carrera en sus palabras de bienvenida, hizo hincapi\u00e9 en la decisi\u00f3n de unirse a la gran familia de futuros contadores, tradici\u00f3n que tiene la Escuela en la formaci\u00f3n de profesionales. <\/p>\n","protected":false},"author":3,"featured_media":11999,"comment_status":"open","ping_status":"open","sticky":false,"template":"","format":"standard","meta":[],"categories":[],"tags":[],"_links":{"self":[{"href":"https:\/\/www.uta.cl\/index.php\/wp-json\/wp\/v2\/posts\/11998"}],"collection":[{"href":"https:\/\/www.uta.cl\/index.php\/wp-json\/wp\/v2\/posts"}],"about":[{"href":"https:\/\/www.uta.cl\/index.php\/wp-json\/wp\/v2\/types\/post"}],"author":[{"embeddable":true,"href":"https:\/\/www.uta.cl\/index.php\/wp-json\/wp\/v2\/users\/3"}],"replies":[{"embeddable":true,"href":"https:\/\/www.uta.cl\/index.php\/wp-json\/wp\/v2\/comments?post=11998"}],"version-history":[{"count":0,"href":"https:\/\/www.uta.cl\/index.php\/wp-json\/wp\/v2\/posts\/11998\/revisions"}],"wp:featuredmedia":[{"embeddable":true,"href":"https:\/\/www.uta.cl\/index.php\/wp-json\/wp\/v2\/media\/11999"}],"wp:attachment":[{"href":"https:\/\/www.uta.cl\/index.php\/wp-json\/wp\/v2\/media?parent=11998"}],"wp:term":[{"taxonomy":"category","embeddable":true,"href":"https:\/\/www.uta.cl\/index.php\/wp-json\/wp\/v2\/categories?post=11998"},{"taxonomy":"post_tag","embeddable":true,"href":"https:\/\/www.uta.cl\/index.php\/wp-json\/wp\/v2\/tags?post=11998"}],"curies":[{"name":"wp","href":"https:\/\/api.w.org\/{rel}","templated":true}]}}