{"id":11992,"date":"2019-03-29T17:43:46","date_gmt":"2019-03-29T17:43:46","guid":{"rendered":"https:\/\/www.uta.cl\/s\/uA_"},"modified":"2019-03-29T17:43:46","modified_gmt":"2019-03-29T17:43:46","slug":"astronomo-fue-recibido-como-estrella-por-asistentes-a-sus-charlas","status":"publish","type":"post","link":"https:\/\/www.uta.cl\/index.php\/2019\/03\/29\/astronomo-fue-recibido-como-estrella-por-asistentes-a-sus-charlas\/","title":{"rendered":"Astr\u00f3nomo fue recibido como estrella por asistentes a sus charlas"},"content":{"rendered":"\n<p style=\"text-align: justify;\">Existe un asteroide que lleva su apellido, pero \u00e9l -que no se cree ni galaxia, ni estrella, ni supernova- pide que simplemente le digan Mario. Fue precisamente Mario Hamuy, Premio Nacional de Ciencias Exactas 2015, Doctor en Astronom\u00eda de la Universidad de Arizona y profesor titular de la Universidad de Chile, quien dio inicio a la Semana de la Astronom\u00eda en la regi\u00f3n de Arica y Parinacota, actividad organizada por la Universidad de Tarapac\u00e1 a trav\u00e9s de sus programas PAR Explora y American Corner.<\/p>\n<table border=\"0\" style=\"border-spacing: 10px;\">\n<tbody>\n<tr>\n<td><img loading=\"lazy\" alt=\"Imagen foto_00000004\" border=\"0\" class=\"fotodrag\" height=\"258\" id=\"foto_00000004\" src=\"\/web\/site\/artic\/20190329\/imag\/foto_0000000420190329174346.jpg\" width=\"360\" data-w=\"550\" data-h=\"395\" \/><\/td>\n<td><img alt=\"Imagen foto_00000003\" border=\"0\" class=\"fotodrag\" id=\"foto_00000003\" src=\"\/web\/site\/artic\/20190329\/imag\/foto_0000000320190329174346.jpg\" data-w=\"360\" data-h=\"270\" \/><\/td>\n<\/tr>\n<\/tbody>\n<\/table>\n<p style=\"text-align: justify;\">El astr\u00f3nomo, especializado en novas y supernovas, c\u00famulos globulares, galaxias activas y cosmolog\u00eda, fue presidente del CONICYT durante los a\u00f1os 2016 al 2018, donde tuvo la misi\u00f3n de impulsar la creaci\u00f3n del Ministerio de Ciencia, Tecnolog\u00eda, Conocimiento e Innovaci\u00f3n.<\/p>\n<p style=\"text-align: justify;\">Lleg\u00f3 a Arica el domingo 17 en la tarde, despu\u00e9s de cinco a\u00f1os sin venir a este extremo del pa\u00eds, as\u00ed que su agenda fue intensa, partiendo muy temprano el lunes en una reuni\u00f3n con directivos y coordinadores de investigaci\u00f3n de la Universidad, para luego compartir con m\u00e1s de 200 estudiantes y profesores del Colegio San Marcos, Escuela Dar\u00edo Salas, Colegio Juan Pablo II, Liceo Jovina Naranjo, Abraham Lincoln y Liceo Juan No\u00e9 Crevani.<\/p>\n<p style=\"text-align: justify;\">&#8220;Excursi\u00f3n por un universo en expansi\u00f3n&#8221;, fue el t\u00edtulo de la charla desarrollada en el Aula Magna del campus Vel\u00e1squez, para los estudiantes y luego para p\u00fablico general, donde se refiri\u00f3 al Big Bang, galaxia, estrellas, planetas, exoplanetas, para luego responder las m\u00e1s variadas consultas de los asistentes. En la ocasi\u00f3n, como una forma de divulgar la ciencia en los distintos establecimientos educacionales participantes, el astr\u00f3nomo entreg\u00f3 como obsequio su \u00faltimo libro &#8220;El Universo en Expansi\u00f3n&#8221;.<\/p>\n<p style=\"text-align: justify;\">La directora del PAR Explora, M\u00f3nica Navarrete, dio la bienvenida al cient\u00edfico, destacando su aporte en el descubrimiento de la aceleraci\u00f3n del universo y la existencia de la energ\u00eda oscura, en la ocasi\u00f3n tambi\u00e9n se\u00f1al\u00f3 que &#8220;uno de los mayores recursos naturales del pa\u00eds son nuestros cielos, particularmente en el norte de Chile donde se concentra m\u00e1s del 40 por ciento de la investigaci\u00f3n mundial, la cual esperamos que aumente con la creaci\u00f3n de nuevos centros de observaci\u00f3n que van a permitir cubrir otros espacios de investigaci\u00f3n&#8221;, Finalmente invit\u00f3 a los estudiantes a participar de &#8220;este universo en expansi\u00f3n que nos invita a ser protagonistas de este crecimiento como pa\u00eds y como sociedad&#8221;.<\/p>\n<p style=\"text-align: justify;\">En esta visita, Mario Hamuy tambi\u00e9n particip\u00f3 de una reuni\u00f3n con algunas autoridades de la Universidad de Tarapac\u00e1: el rector (s), Alfonso D\u00edaz, el director de Relaciones Internacionales, Bernardo Arriaza y la directora del PAR Explora M\u00f3nica Navarrete, para luego retornar a Santiago.<\/p>\n<p style=\"text-align: justify;\">&#8220;Ha sido una vertiginosa visita a Arica con un programa intenso pero muy interesante. La verdad es que he disfrutado cada segundo, las charlas que di a los ni\u00f1os, que me descolocaron y pusieron en aprietos, creo que lo pasaron bien y, m\u00e1s tarde, para p\u00fablico m\u00e1s adulto con un ritmo distinto, as\u00ed que encantado de volver a estas tierras donde hay una historia de cosmolog\u00eda de los pueblos originarios que hay que investigar m\u00e1s&#8221;, acot\u00f3.<\/p>\n<p style=\"text-align: justify;\">El cient\u00edfico indic\u00f3 que se siente una persona tremendamente afortunada porque ha podido hacer cosas que le gustan. &#8220;He podido satisfacer mi curiosidad por el universo y he tenido la gran oportunidad de poder usar los telescopios m\u00e1s avanzados en el mundo que est\u00e1n instalados en Chile. He tenido una muy buena educaci\u00f3n que parti\u00f3 en el colegio, en la universidad y luego perfeccionarme en Estados Unidos y volver a volcar todas esas capacidades para la ciencia en Chile&#8221;.<\/p>\n<p style=\"text-align: justify;\">Tambi\u00e9n manifest\u00f3 que se siente muy satisfecho porque en forma creciente ha ido dedicando m\u00e1s tiempo a la divulgaci\u00f3n cient\u00edfica, &#8220;me motiva mucho traspasar mis conocimientos a los ni\u00f1os y ni\u00f1as y tambi\u00e9n me interesa asombrar, generar emoci\u00f3n, para que vean que a trav\u00e9s de la ciencia puedan ampliar su mirada del mundo&#8221;, indic\u00f3.<\/p>\n<p style=\"text-align: justify;\">Acaba de publicar su \u00faltimo libro &#8220;El universo en expansi\u00f3n&#8221;, donde a trav\u00e9s de historias vivenciales con matices po\u00e9ticos nos introduce a este infinito universo, propio de la investigaci\u00f3n que ocupa gran parte de su vida, que lo emociona tanto como el pr\u00f3ximo eclipse total de sol en julio de este a\u00f1o en Chile, para el cual se est\u00e1 preparando con un recorrido en un par de d\u00edas que partir\u00e1 desde Vallenar a la Higuera, donde espera armar el plan para disfrutar esos minutos para llenar el alma y el recuerdo.<\/p>\n<p style=\"text-align: justify;\">En Arica fue recibido como una estrella, y tuvo que dedicar tiempo a firmar libros y a posar para las fotos y selfies con ni\u00f1os y adultos. Nadie quiso perderse la oportunidad de compartir con un ser humano que se siente pleno en su vida de investigador del universo en expansi\u00f3n y en sus espacios \u00edntimos donde se encuentra con quienes m\u00e1s ama.<\/p>\n<table border=\"1\" style=\"border-spacing: 10px; ; width: 0px;\">\n<tbody>\n<tr>\n<td><img alt=\"Imagen foto_00000001\" border=\"0\" class=\"fotodrag\" id=\"foto_00000001\" src=\"\/web\/site\/artic\/20190329\/imag\/foto_0000000120190329174346.jpg\" data-w=\"360\" data-h=\"270\" \/><\/td>\n<td><img alt=\"Imagen foto_00000002\" border=\"0\" class=\"fotodrag\" id=\"foto_00000002\" src=\"\/web\/site\/artic\/20190329\/imag\/foto_0000000220190329174346.jpg\" data-w=\"360\" data-h=\"221\" \/><\/td>\n<\/tr>\n<\/tbody>\n<\/table>\n","protected":false},"excerpt":{"rendered":"<p> Inaugur\u00f3 la Semana de la Astronom\u00eda en la UTA<\/p>\n","protected":false},"author":3,"featured_media":11993,"comment_status":"open","ping_status":"open","sticky":false,"template":"","format":"standard","meta":[],"categories":[],"tags":[],"_links":{"self":[{"href":"https:\/\/www.uta.cl\/index.php\/wp-json\/wp\/v2\/posts\/11992"}],"collection":[{"href":"https:\/\/www.uta.cl\/index.php\/wp-json\/wp\/v2\/posts"}],"about":[{"href":"https:\/\/www.uta.cl\/index.php\/wp-json\/wp\/v2\/types\/post"}],"author":[{"embeddable":true,"href":"https:\/\/www.uta.cl\/index.php\/wp-json\/wp\/v2\/users\/3"}],"replies":[{"embeddable":true,"href":"https:\/\/www.uta.cl\/index.php\/wp-json\/wp\/v2\/comments?post=11992"}],"version-history":[{"count":0,"href":"https:\/\/www.uta.cl\/index.php\/wp-json\/wp\/v2\/posts\/11992\/revisions"}],"wp:featuredmedia":[{"embeddable":true,"href":"https:\/\/www.uta.cl\/index.php\/wp-json\/wp\/v2\/media\/11993"}],"wp:attachment":[{"href":"https:\/\/www.uta.cl\/index.php\/wp-json\/wp\/v2\/media?parent=11992"}],"wp:term":[{"taxonomy":"category","embeddable":true,"href":"https:\/\/www.uta.cl\/index.php\/wp-json\/wp\/v2\/categories?post=11992"},{"taxonomy":"post_tag","embeddable":true,"href":"https:\/\/www.uta.cl\/index.php\/wp-json\/wp\/v2\/tags?post=11992"}],"curies":[{"name":"wp","href":"https:\/\/api.w.org\/{rel}","templated":true}]}}