{"id":11990,"date":"2019-03-29T17:52:06","date_gmt":"2019-03-29T17:52:06","guid":{"rendered":"https:\/\/www.uta.cl\/s\/vG_"},"modified":"2019-03-29T17:52:06","modified_gmt":"2019-03-29T17:52:06","slug":"perfeccionamiento-docente-uta-2019-comienza-en-abril","status":"publish","type":"post","link":"https:\/\/www.uta.cl\/index.php\/2019\/03\/29\/perfeccionamiento-docente-uta-2019-comienza-en-abril\/","title":{"rendered":"Perfeccionamiento Docente UTA 2019 comienza en abril"},"content":{"rendered":"\n<p align=\"justify\">El pr\u00f3ximo mes, m\u00e1s espec\u00edficamente desde el 03 al 05 de abril, se dar\u00e1 inicio a un nuevo ciclo de perfeccionamiento interno en la Universidad de Tarapac\u00e1, iniciativa que impulsa la Direcci\u00f3n de Docencia a trav\u00e9s del \u00c1rea de Desarrollo Docente, enmarcado en el nuevo modelo de formaci\u00f3n docente resultante como producto del Convenio de Desempe\u00f1o de Armonizaci\u00f3n Curricular UTA1501.<\/p>\n<p align=\"justify\">Las sesiones de perfeccionamiento se desarrollar\u00e1n en la sala 207 del Aulario C y tendr\u00e1n la modalidad mixta de trabajo presencial y aut\u00f3nomo. Los interesados deber\u00e1n inscribirse en el curso de su agrado completando el formulario online <span style=\"color: #0563c1;\"><span style=\"text-decoration: underline;\"><a href=\"http:\/\/bit.do\/cursos_abril\" target=\"_blank\">http:\/\/bit.do\/cursos_abril<\/a><\/span><\/span>. Los cursos que se impartir\u00e1n abarcan diferentes tem\u00e1ticas atingentes a las necesidades detectadas y manifestadas por los docentes y son los siguientes:<\/p>\n<p align=\"justify\"><strong>INDUCCI\u00d3N DOCENTES RECIENTE INGRESO <\/strong>(solo para docentes ingreso 2017 a 2019)<\/p>\n<ul>\n<li>\n<p align=\"justify\">[MI\u00c9RCOLES 03] &#8211; 15:00 a 18:30<br \/>8hrs pedag\u00f3gicas (4 presenciales, 4 trabajo aut\u00f3nomo online).<br \/>Orientado a profesores de reciente ingreso (2017-2019), esencial para orientar la docencia superior a un proceso centrado en el estudiante.<\/p>\n<\/li>\n<\/ul>\n<p align=\"justify\"><strong>M\u00d3DULO 1: RESULTADOS DE APRENDIZAJE &#8211; CURSO CONSTRUCCI\u00d3N DE SYLLABUS<\/strong><\/p>\n<ul>\n<li>\n<p align=\"justify\">[JUEVES 04] &#8211; 9:30 a 13:00hrs<br \/>GRUPO A.<br \/>12hrs pedag\u00f3gicas (4 presenciales, 8 trabajo aut\u00f3nomo).<br \/>M\u00f3dulo parte del curso de semipresencial de construcci\u00f3n de syllabus, requerido para la concreci\u00f3n de la innovaci\u00f3n curricular.<\/p>\n<\/li>\n<\/ul>\n<ul>\n<li>\n<p align=\"justify\">[VIERNES 05] &#8211; 9:30 a 13:00hrs<br \/>GRUPO B<br \/>12hrs pedag\u00f3gicas (4 presenciales, 8 trabajo aut\u00f3nomo).<br \/>M\u00f3dulo parte del curso de semipresencial de construcci\u00f3n de syllabus, requerido para la concreci\u00f3n de la innovaci\u00f3n curricular.<\/p>\n<\/li>\n<\/ul>\n<p align=\"justify\"><strong>CURSO COMPETENCIAS TIC DOCENTES: ADMINISTRADOR DE CURSOS DE INTRANET<\/strong><\/p>\n<ul>\n<li>\n<p align=\"justify\">[JUEVES 04] &#8211; 15:00 a 18:30hrs<br \/>8hrs pedag\u00f3gicas (4 presenciales, 4 trabajo aut\u00f3nomo)<br \/>Curso sobre la adecuada configuraci\u00f3n e implementaci\u00f3n de la(s) asignatura(s) en los sistemas de gesti\u00f3n institucionales.<\/p>\n<\/li>\n<\/ul>\n<p align=\"justify\"><strong>CURSO COMPETENCIAS TIC DOCENTES: POWERPOINT B\u00c1SICO.<\/strong><\/p>\n<ul>\n<li>\n<p align=\"justify\">[VIERNES 05] &#8211; 15:00 a 18:30hrs<br \/>8hrs pedag\u00f3gicas (4 presenciales, 4 trabajo aut\u00f3nomo).<br \/>Curso sobre t\u00e9cnicas b\u00e1sicas para dise\u00f1ar materiales de apoyo formativos con alto valor educativo.<\/p>\n<\/li>\n<\/ul>\n<p align=\"justify\">Cabe destacar que estos cursos son impartidos por la Direcci\u00f3n de Docencia, cuentan con constancia de Perfeccionamiento Interno una vez aprobados, siendo oficializados posteriormente por la Vicerrector\u00eda Acad\u00e9mica y est\u00e1n dirigidos a todos los acad\u00e9micos planta, contrata y hora de nuestra instituci\u00f3n. Para mayor informaci\u00f3n escribir al correo: <span style=\"color: #0563c1;\"><span style=\"text-decoration: underline;\"><a href=\"mailto:desarrollodocenteuta@academicos.uta.cl\" target=\"_blank\">desarrollodocenteuta@academicos.uta.cl<\/a><\/span><\/span><\/p>\n","protected":false},"excerpt":{"rendered":"<p>Capacitaciones ser\u00e1n llevadas a cabo por docentes UTA y profesionales de la Direcci\u00f3n de Docencia<\/p>\n","protected":false},"author":3,"featured_media":11991,"comment_status":"open","ping_status":"open","sticky":false,"template":"","format":"standard","meta":[],"categories":[],"tags":[],"_links":{"self":[{"href":"https:\/\/www.uta.cl\/index.php\/wp-json\/wp\/v2\/posts\/11990"}],"collection":[{"href":"https:\/\/www.uta.cl\/index.php\/wp-json\/wp\/v2\/posts"}],"about":[{"href":"https:\/\/www.uta.cl\/index.php\/wp-json\/wp\/v2\/types\/post"}],"author":[{"embeddable":true,"href":"https:\/\/www.uta.cl\/index.php\/wp-json\/wp\/v2\/users\/3"}],"replies":[{"embeddable":true,"href":"https:\/\/www.uta.cl\/index.php\/wp-json\/wp\/v2\/comments?post=11990"}],"version-history":[{"count":0,"href":"https:\/\/www.uta.cl\/index.php\/wp-json\/wp\/v2\/posts\/11990\/revisions"}],"wp:featuredmedia":[{"embeddable":true,"href":"https:\/\/www.uta.cl\/index.php\/wp-json\/wp\/v2\/media\/11991"}],"wp:attachment":[{"href":"https:\/\/www.uta.cl\/index.php\/wp-json\/wp\/v2\/media?parent=11990"}],"wp:term":[{"taxonomy":"category","embeddable":true,"href":"https:\/\/www.uta.cl\/index.php\/wp-json\/wp\/v2\/categories?post=11990"},{"taxonomy":"post_tag","embeddable":true,"href":"https:\/\/www.uta.cl\/index.php\/wp-json\/wp\/v2\/tags?post=11990"}],"curies":[{"name":"wp","href":"https:\/\/api.w.org\/{rel}","templated":true}]}}