{"id":11972,"date":"2019-04-05T19:06:51","date_gmt":"2019-04-05T19:06:51","guid":{"rendered":"https:\/\/www.uta.cl\/universidad-de-tarapaca-integra-red-de-universidades-unidas-por-la\/web\/2019-04-05\/190651.html"},"modified":"2019-04-05T19:06:51","modified_gmt":"2019-04-05T19:06:51","slug":"universidad-de-tarapaca-integra-red-de-universidades-unidas-por-la","status":"publish","type":"post","link":"https:\/\/www.uta.cl\/index.php\/2019\/04\/05\/universidad-de-tarapaca-integra-red-de-universidades-unidas-por-la\/","title":{"rendered":"Universidad de Tarapac\u00e1 integra Red de Universidades Unidas por la Infancia"},"content":{"rendered":"\n<p style=\"text-align: justify;\">La composici\u00f3n de este organismo busca promover los derechos de los ni\u00f1os, ni\u00f1as y adolescentes por medio de la academia y ser\u00e1 representante institucional, la Directora General de Sede, Dra. Yasna Godoy Henr\u00edquez.<\/p>\n<p style=\"text-align: justify;\">En coherencia con la Convenci\u00f3n Internacional sobre los Derechos de la Ni\u00f1ez, el objetivo principal de la red es colaborar con otras instituciones p\u00fablicas y privadas, ya sea nacionales e internacionales, en la promoci\u00f3n y protecci\u00f3n de la ni\u00f1ez, la adolescencia, sus derechos y la cooperaci\u00f3n al desarrollo en materias de infancia y ni\u00f1ez, a trav\u00e9s de la investigaci\u00f3n cient\u00edfica, la docencia y la vinculaci\u00f3n con el medio, poniendo a disposici\u00f3n de las pol\u00edticas p\u00fablicas el bagaje cultural que poseen las universidades chilenas en colaboraci\u00f3n con las instituciones internacionales de vanguardia en la tem\u00e1tica.<\/p>\n<p style=\"text-align: justify;\">Este acuerdo, fue firmado por el Vicerrector Acad\u00e9mico, Dr. Alfonso D\u00edaz Aguad, por nuestra instituci\u00f3n adhiriendo al compromiso, y ser\u00e1 la representante institucional para integrar este nuevo organismo interinstitucional, la Dra. Yasna Godoy Henr\u00edquez, Directora General de Sede, quien se refiri\u00f3 sobre los alcances de este convenio que busca enaltecer los derechos de la Infancia. &#8220;Hemos sido invitados a fundar este organismo, con el compromiso que ello involucra, por lo tanto, la representaci\u00f3n de la Universidad de Tarapac\u00e1, ser\u00e1 pertinente, porque las regiones de Arica y Parinacota, junto con la de Tarapac\u00e1, son parte del proceso de migraci\u00f3n, habiendo aumento explosivo en la natalidad de ni\u00f1os y ni\u00f1as como hijos de padres extranjeros transe\u00fantes, con todas las implicancias sociales y jur\u00eddicas. Somos una instituci\u00f3n privilegiada para aportar a la sensibilizaci\u00f3n de los derechos de los infantes. Es el deseo de esta red propiciar a generar pol\u00edticas p\u00fablicas y visibilizar a los j\u00f3venes y ni\u00f1os de nuestro pa\u00eds.&#8221;<\/p>\n<p style=\"text-align: justify;\">Entre las universidades que se adhieren a la red se encuentran, adem\u00e1s de la UC Temuco, las Universidades de La Frontera, de Tarapac\u00e1, de Valpara\u00edso, Cat\u00f3lica del Maule, Arturo Prat, de Los Lagos, de Ays\u00e9n y Aut\u00f3noma de Chile. En tanto, entre las entidades gubernamentales que se sumar\u00e1n a este trabajo se encuentran la SEREMI del Trabajo y Previsi\u00f3n Social de La Araucan\u00eda, la Seremi de Desarrollo Social, Defensor\u00eda de la Ni\u00f1ez, UNESCO Chile y la Red de Empresas Unidas por la Infancia.<\/p>\n<p><img alt=\"Imagen foto_00000001\" border=\"0\" class=\"fotodrag\" id=\"foto_00000001\" src=\"\/web\/site\/artic\/20190405\/imag\/foto_0000000120190405190651.jpg\" style=\"display: block; margin-left: auto; margin-right: auto;\" data-w=\"550\" data-h=\"416\" \/><\/p>\n","protected":false},"excerpt":{"rendered":"<p>Representado por la Directora General de Sede, Dra. Yasna Godoy Henr\u00edquez<\/p>\n","protected":false},"author":3,"featured_media":11973,"comment_status":"open","ping_status":"open","sticky":false,"template":"","format":"standard","meta":[],"categories":[],"tags":[],"_links":{"self":[{"href":"https:\/\/www.uta.cl\/index.php\/wp-json\/wp\/v2\/posts\/11972"}],"collection":[{"href":"https:\/\/www.uta.cl\/index.php\/wp-json\/wp\/v2\/posts"}],"about":[{"href":"https:\/\/www.uta.cl\/index.php\/wp-json\/wp\/v2\/types\/post"}],"author":[{"embeddable":true,"href":"https:\/\/www.uta.cl\/index.php\/wp-json\/wp\/v2\/users\/3"}],"replies":[{"embeddable":true,"href":"https:\/\/www.uta.cl\/index.php\/wp-json\/wp\/v2\/comments?post=11972"}],"version-history":[{"count":0,"href":"https:\/\/www.uta.cl\/index.php\/wp-json\/wp\/v2\/posts\/11972\/revisions"}],"wp:featuredmedia":[{"embeddable":true,"href":"https:\/\/www.uta.cl\/index.php\/wp-json\/wp\/v2\/media\/11973"}],"wp:attachment":[{"href":"https:\/\/www.uta.cl\/index.php\/wp-json\/wp\/v2\/media?parent=11972"}],"wp:term":[{"taxonomy":"category","embeddable":true,"href":"https:\/\/www.uta.cl\/index.php\/wp-json\/wp\/v2\/categories?post=11972"},{"taxonomy":"post_tag","embeddable":true,"href":"https:\/\/www.uta.cl\/index.php\/wp-json\/wp\/v2\/tags?post=11972"}],"curies":[{"name":"wp","href":"https:\/\/api.w.org\/{rel}","templated":true}]}}