{"id":11970,"date":"2019-04-05T19:23:43","date_gmt":"2019-04-05T19:23:43","guid":{"rendered":"https:\/\/www.uta.cl\/s\/H3_"},"modified":"2021-08-10T14:56:27","modified_gmt":"2021-08-10T14:56:27","slug":"uta-inaugura-moderno-edificio-de-la-carrera-de-medicina-2","status":"publish","type":"post","link":"https:\/\/www.uta.cl\/index.php\/2019\/04\/05\/uta-inaugura-moderno-edificio-de-la-carrera-de-medicina-2\/","title":{"rendered":"UTA inaugura moderno edificio de la Carrera de Medicina"},"content":{"rendered":"\n<p><p style=\"text-align: justify;\"><img alt=\"Imagen foto_00000007\" class=\"fotodrag\" id=\"foto_00000007\" src=\"\/web\/site\/artic\/20190405\/imag\/foto_0000000720190405192343.jpg\" style=\"margin-left: 10px; margin-right: 10px; float: left;\" data-w=\"360\" data-h=\"239\">Con una masiva asistencia de invitados, este viernes 5 de abril se inaugur\u00f3 oficialmente el nuevo edificio de la Carrera de Medicina de la Universidad de Tarapac\u00e1. Un anhelado proyecto para la regi\u00f3n y la Universidad, el cual es el resultado de una visi\u00f3n de unidad en torno a un objetivo regional: formar m\u00e9dicos que vendr\u00e1n a satisfacer la enorme demanda de profesionales y especialistas que la comunidad requiere, fortaleciendo de esta forma los diversos programas de salud en beneficio de toda la comunidad de Arica y Parinacota.<\/p>\n<p style=\"text-align: justify;\">El nuevo y moderno edificio fue inaugurado ante la presencia del Rector Dr. Emilio Rodr\u00edguez Ponce, de la Intendenta Regional, Mar\u00eda Loreto Letelier Salsilli, del Senador por la Regi\u00f3n, Jos\u00e9 Miguel Durana Semir y del Presidente del Hororable Consejo Regional, Alejandro D\u00edaz Carvajal.<\/p>\n<p style=\"text-align: justify;\">En la ceremonia que tuvo lugar en el patio z\u00f3calo del nuevo edificio, se dieron cita autoridades regionales y universitarias, adem\u00e1s de contar con la presencia de acad\u00e9micos, alumnos y alumnas de la carrera de Medicina e invitados especiales, quienes presenciaron el descubrimiento de tres placas de agradecimientos y el corte de cinta que inaugura esta importante y moderno edificio para el desarrollo universitario y regional.<\/p>\n<p style=\"text-align: justify;\"><img alt=\"Imagen foto_00000009\" class=\"fotodrag\" id=\"foto_00000009\" src=\"\/web\/site\/artic\/20190405\/imag\/foto_0000000920190405192343.jpg\" style=\"margin-left: 10px; margin-right: 10px; float: right;\" data-w=\"360\" data-h=\"240\">La m\u00e1xima autoridad universitaria se mostr\u00f3 alegre y satisfecho con la concreci\u00f3n del moderno edificio. &#8220;Este es un d\u00eda muy importante, estamos felices como Universidad, porque hay una obra f\u00edsica pero que detr\u00e1s de esta obra hay un sue\u00f1o que se ha hecho realidad. Son 11 mil millones de pesos invertidos por parte del Gobierno Regional y 1500 millones por parte de la UTA, pero lo m\u00e1s importante es que a partir de esta obra podemos consolidar una carrera como Medicina la cual es muy demandada y tan requerida, porque en Chile hay un tremendo d\u00e9ficit de m\u00e9dicos, pero en nuestra regi\u00f3n ese d\u00e9ficit es el doble. En consecuencia, la posibilidad de formar m\u00e9dicos, de dar esta oportunidad tambi\u00e9n para que las familias que tienen hijos talentosos y con esta vocaci\u00f3n tan necesaria para nuestra regi\u00f3n, tengan la posibilidad de quedarse en su ciudad, form\u00e1ndose con niveles altos de calidad. Esta es una carrera que no tiene egresados a\u00fan y que est\u00e1 acreditada por el m\u00e1ximo n\u00famero que son tres a\u00f1os para acreditaci\u00f3n para carreras sin egresados&#8221;, afirm\u00f3 el Rector de la Universidad de Tarapac\u00e1.<\/p>\n<p style=\"text-align: justify;\">Agreg\u00f3 que, &#8220;la carrera de Medicina se ha ido consolidando, el puntaje m\u00e1s alto este a\u00f1o son 815,8, es decir, un puntaje de gran excelencia y en ese mismo contexto, ya tenemos 130 estudiantes, 60% de ellos son mujeres liderando en la carrera y un cuerpo m\u00e9dico que va creciendo y que se va consolidando y hoy hemos tenido este hermoso acto como una forma de testimoniar a todos aquellos que nos han ayudado a que Arica y Parinacota crezca y se haga m\u00e1s fuerte a trav\u00e9s de la educaci\u00f3n que es el veh\u00edculo fundamental del crecimiento y desarrollo de la sociedad del conocimiento, y formando futuros m\u00e9dicos para nuestra regi\u00f3n&#8221;, manifest\u00f3 el rector Rodr\u00edguez.<\/p>\n<p style=\"text-align: justify;\"><img alt=\"Imagen foto_00000011\" class=\"fotodrag\" id=\"foto_00000011\" src=\"\/web\/site\/artic\/20190405\/imag\/foto_0000001120190405192343.jpg\" style=\"margin-left: 10px; margin-right: 10px; float: left;\" data-w=\"360\" data-h=\"240\">Por su parte, la Intendenta Regional, Mar\u00eda Loreto Letelier Salsilli, adem\u00e1s de mostrarse contenta por el nuevo edificio manifest\u00f3 que, &#8220;hoy viernes 5 de abril hay un hito muy importante que va a marcar a nuestra regi\u00f3n, estamos en la inauguraci\u00f3n del Edificio de Medicina, cuya carrera es tan a\u00f1orada para la regi\u00f3n, a\u00f1orada para muchos padres y estudiantes que no pod\u00edan estudiar fuera de la regi\u00f3n por falta de recursos y hoy la Universidad de Tarapac\u00e1 est\u00e1 dando esta oportunidad. Como Gobierno del Presidente Sebasti\u00e1n Pi\u00f1era estamos muy contentos porque sabemos que un pilar fundamental del futuro de nuestro pa\u00eds es la educaci\u00f3n, son los profesionales que egresar\u00e1n de esta Casa de Estudios Superiores que sin duda van a ser un gran aporte para la sociedad. Es un sue\u00f1o que se inici\u00f3 a\u00f1os atr\u00e1s y que hoy se hace realidad&#8221;.<\/p>\n<p style=\"text-align: justify;\"><img alt=\"Imagen foto_00000013\" class=\"fotodrag\" id=\"foto_00000013\" src=\"\/web\/site\/artic\/20190405\/imag\/foto_0000001320190405192343.jpg\" style=\"margin-left: 10px; margin-right: 10px; float: right;\" data-w=\"360\" data-h=\"240\">Posteriormente el Senador Jos\u00e9 Miguel Durana, resalt\u00f3 que, &#8220;por largos a\u00f1os todos los ciudadanos arique\u00f1os y parinacotenses cuando tienen una enfermedad catastr\u00f3fica deben trasladarse a otras ciudades a atenderse, lo cual conlleva a un drama en la familia, en lo emocional y en lo econ\u00f3mico, el que hoy tengamos esta carrera de Medicina, efectivamente es un camino importante para que aqu\u00ed en nuestra regi\u00f3n podamos prevenir y atender las enfermedades de nuestra gente, lo cual es un tremendo paso, porque m\u00e1s all\u00e1 del esfuerzo que hace el Servicio de Salud o el hospital en torno a poder reducir las listas de espera tanto de enfermedades Auge como quir\u00fargicas, el tener el d\u00eda de ma\u00f1ana permanentemente y a\u00f1o tras a\u00f1os, profesionales que van a estar al servicio de la comunidad regional, refleja un gran cambio y un importante avance para una regi\u00f3n que tiene que trabajar unida&#8221;.<\/p>\n<p style=\"text-align: justify;\"><img alt=\"Imagen foto_00000015\" class=\"fotodrag\" id=\"foto_00000015\" src=\"\/web\/site\/artic\/20190405\/imag\/foto_0000001520190405192343.jpg\" style=\"margin-left: 10px; margin-right: 10px; float: left;\" data-w=\"360\" data-h=\"240\">En tanto, el Presidente del Honorable Consejo Regional de Arica y Parinacota, Alejandro D\u00edaz Carvajar, destac\u00f3 la colaboraci\u00f3n de los ex intendentes Dr. Emilio Rodr\u00edguez Ponce y Gladys Acu\u00f1a Rodales, y sus respectivos consejeros regionales, quienes promovieron la materializaci\u00f3n de este proyecto en su face de licitaci\u00f3n, como tambi\u00e9n resalt\u00f3 la presencia de los actuales consejeros regionales presentes. &#8220;Esto es un sue\u00f1o hecho realidad, hoy la Universidad de Tarapac\u00e1 est\u00e1 formando los primeros m\u00e9dicos de la regi\u00f3n, esto hace alg\u00fan tiempo atr\u00e1s era impensable. He sido testigo de este avance del proyecto de la construcci\u00f3n del edificio de Medicina de la Regi\u00f3n de Arica y Parinacota, no hay nada m\u00e1s gratificante que ver los rostros de los futuros m\u00e9dicos que en el d\u00eda de ma\u00f1ana y con un fuerte arraigo contribuyan a mejorar los est\u00e1ndares de la Medicina de nuestra regi\u00f3n&#8221;.<\/p>\n<p style=\"text-align: justify;\"><img alt=\"Imagen foto_00000017\" class=\"fotodrag\" id=\"foto_00000017\" src=\"\/web\/site\/artic\/20190405\/imag\/foto_0000001720190405192343.jpg\" style=\"margin-left: 10px; margin-right: 10px; float: left;\" data-w=\"360\" data-h=\"240\">Concluy\u00f3 dirigi\u00e9ndose a los estudiantes de Medicina: &#8220;J\u00f3venes y futuros m\u00e9dicos al igual que facultativos y profesores \u00e9ste es el momento m\u00e1s emotivo para ustedes ya que por fin ven materializada el edifico de Medicina de la UTA, la cual marca un estilo, con un sello identitario desde el punto de vista arquitect\u00f3nico que no posee otra facultad a nivel nacional, vanguardista, medioambientalista, parte del paisaje nortino que en su interior poseer\u00e1 la din\u00e1mica y la vida que sus alumnas y alumnos le dar\u00e1n. La carrera de Medicina es la respuesta de la Universidad al clamor ciudadano por una atenci\u00f3n m\u00e9dica oportuna y de calidad. Como Presidente del Consejo Regional debo decir que la creaci\u00f3n de esta carrera es en s\u00ed un acto de descentralizaci\u00f3n tanto para la educaci\u00f3n superior como para el ejercicio de la Medicina en el extremo norte del pa\u00eds&#8221;.<\/p>\n<p style=\"text-align: justify;\"><strong>Edificio de Medicina<\/strong><\/p>\n<p style=\"text-align: justify;\"><img alt=\"Imagen foto_00000018\" class=\"fotodrag\" id=\"foto_00000018\" src=\"\/web\/site\/artic\/20190405\/imag\/foto_0000001820190405192343.jpg\" style=\"margin-left: 10px; margin-right: 10px; float: right;\" data-w=\"360\" data-h=\"270\">La carrera de Medicina abri\u00f3 sus puertas en marzo del 2016, con una matr\u00edcula de 30 estudiantes, con la finalidad de solucionar el problema de salud de la regi\u00f3n producto de la falta de m\u00e9dicos y especialistas. Esta iniciativa se logr\u00f3 luego de varios a\u00f1os de gesti\u00f3n, iniciadas en 2012 durante la rector\u00eda del Dr. Emilio Rodr\u00edguez Ponce, quien tras m\u00e1s de un a\u00f1o de gestiones, consigue en el 2013 el apoyo de la intendencia, del Consejo Regional de la \u00e9poca, del Colegio M\u00e9dico, de parlamentarios y diversas instituciones regionales.<\/p>\n<p style=\"text-align: justify;\">En mayo de 2016 y bajo la rector\u00eda del Dr. Arturo Flores Franulic, el Consejo Regional aprueba un presupuesto suplementario de 3.234 millones de pesos para la construcci\u00f3n de la Escuela de Medicina. El 4 de noviembre de ese mismo a\u00f1o, se desarroll\u00f3 la ceremonia de colocaci\u00f3n de la primera piedra. Acto que cont\u00f3 con la presencia de ese entonces de la ex Intendenta Regional, Gladys Acu\u00f1a Rosales y el Presidente del Consejo Regional de Arica y Parinacota de ese a\u00f1o, Claudio Acu\u00f1a Le Blanc.<\/p>\n<p style=\"text-align: justify;\">En septiembre de 2017, la Universidad de Tarapac\u00e1 recibe la noticia de la acreditaci\u00f3n de la carrera de Medicina por tres a\u00f1os, medida adoptada por unanimidad por el Consejo Nacional de Acreditaci\u00f3n (CNA), siendo el m\u00e1ximo de a\u00f1os para una carrera sin egresados, siendo un gran paso en el desarrollo de este proyecto de gran impacto sobre la salud de los arique\u00f1os y parinacotenses.<\/p>\n<p style=\"text-align: justify;\">El nuevo y moderno edificio de la Carrera de Medicina, contempla cinco mil 979m2 de construcci\u00f3n, distribuy\u00e9ndose en 12 laboratorios, como el de anatom\u00eda, ecograf\u00eda, rayos X, f\u00edsica, fisiolog\u00eda, biolog\u00eda, qu\u00edmica, bioqu\u00edmica y microbiolog\u00eda, con modernas instalaciones cuyo equipamiento tecnol\u00f3gico es de \u00faltima generaci\u00f3n.<\/p>\n<p style=\"text-align: justify;\">Asimismo considera salas clases y de procedimientos, un centro de documentaci\u00f3n, un centro de simulaci\u00f3n, salas de materiales y esterilizaci\u00f3n, oficinas administrativas y acad\u00e9micas; laboratorios, bodegas, un aula magna, \u00e1reas verdes, estacionamientos, cafeter\u00eda, comedor y otros servicios.<\/p>\n<p style=\"text-align: justify;\">Todo lo anterior permitir\u00e1 generar una carrera de primer nivel, con el impacto favorable para el resto de las carreras del \u00e1rea de salud de esta Casa de Estudios Superiores.<\/p><\/p>\n\n\n\n<figure class=\"wp-block-image\"><a href=\"https:\/\/photos.app.goo.gl\/SNgUzVRQQYnw7CsY6\" target=\"_blank\" rel=\"noopener\"><img loading=\"lazy\" width=\"300\" height=\"60\" src=\"https:\/\/www.uta.cl\/wp-content\/uploads\/2019\/05\/ver_galeria.jpg\" alt=\"\" class=\"wp-image-8828\"><\/a><\/figure>\n","protected":false},"excerpt":{"rendered":"<p>Ceremonia cont\u00f3 con la presencia de las principales autoridades regionales, equipo de gesti\u00f3n de la Universidad, acad\u00e9micos, alumnos de la carrera de medicina e invitados especiales, quienes al final del acto recorrieron las instalaciones de este moderno edificio que contempla 5 mil 979m2 de construcci\u00f3n<\/p>\n","protected":false},"author":3,"featured_media":11971,"comment_status":"open","ping_status":"open","sticky":false,"template":"","format":"standard","meta":[],"categories":[35,91],"tags":[],"_links":{"self":[{"href":"https:\/\/www.uta.cl\/index.php\/wp-json\/wp\/v2\/posts\/11970"}],"collection":[{"href":"https:\/\/www.uta.cl\/index.php\/wp-json\/wp\/v2\/posts"}],"about":[{"href":"https:\/\/www.uta.cl\/index.php\/wp-json\/wp\/v2\/types\/post"}],"author":[{"embeddable":true,"href":"https:\/\/www.uta.cl\/index.php\/wp-json\/wp\/v2\/users\/3"}],"replies":[{"embeddable":true,"href":"https:\/\/www.uta.cl\/index.php\/wp-json\/wp\/v2\/comments?post=11970"}],"version-history":[{"count":1,"href":"https:\/\/www.uta.cl\/index.php\/wp-json\/wp\/v2\/posts\/11970\/revisions"}],"predecessor-version":[{"id":31655,"href":"https:\/\/www.uta.cl\/index.php\/wp-json\/wp\/v2\/posts\/11970\/revisions\/31655"}],"wp:featuredmedia":[{"embeddable":true,"href":"https:\/\/www.uta.cl\/index.php\/wp-json\/wp\/v2\/media\/11971"}],"wp:attachment":[{"href":"https:\/\/www.uta.cl\/index.php\/wp-json\/wp\/v2\/media?parent=11970"}],"wp:term":[{"taxonomy":"category","embeddable":true,"href":"https:\/\/www.uta.cl\/index.php\/wp-json\/wp\/v2\/categories?post=11970"},{"taxonomy":"post_tag","embeddable":true,"href":"https:\/\/www.uta.cl\/index.php\/wp-json\/wp\/v2\/tags?post=11970"}],"curies":[{"name":"wp","href":"https:\/\/api.w.org\/{rel}","templated":true}]}}