{"id":11962,"date":"2019-04-12T17:27:39","date_gmt":"2019-04-12T17:27:39","guid":{"rendered":"https:\/\/www.uta.cl\/s\/Ec_"},"modified":"2019-04-12T17:27:39","modified_gmt":"2019-04-12T17:27:39","slug":"con-homenaje-postumo-a-ex-academico-y-fiscal-carrera-de-derecho","status":"publish","type":"post","link":"https:\/\/www.uta.cl\/index.php\/2019\/04\/12\/con-homenaje-postumo-a-ex-academico-y-fiscal-carrera-de-derecho\/","title":{"rendered":"Con homenaje p\u00f3stumo a ex acad\u00e9mico y fiscal, carrera de Derecho inaugur\u00f3 su a\u00f1o acad\u00e9mico 2019"},"content":{"rendered":"\n<p style=\"text-align: justify;\"><img alt=\"Imagen foto_00000004\" class=\"fotodrag\" id=\"foto_00000004\" src=\"\/web\/site\/artic\/20190412\/imag\/foto_0000000420190412172739.jpg\" style=\"margin-left: 10px; margin-right: 10px; float: left;\" data-w=\"360\" data-h=\"240\" \/>Este viernes 5 de abril se realiz\u00f3 el acto inaugural del a\u00f1o acad\u00e9mico de la carrera de Derecho de la Universidad de Tarapac\u00e1, con una ceremonia en memoria del ex acad\u00e9mico de la Universidad de Tarapac\u00e1, el abogado y fiscal, Rodrigo Bennitt Coluccio, adem\u00e1s de la presentaci\u00f3n de dos ponencias a cargo de dos destacados abogados.<\/p>\n<p style=\"text-align: justify;\">El acto realizado en el Sal\u00f3n de Eventos de la Facultad de Ciencias Sociales y Jur\u00eddicas (FACSOJUR), cont\u00f3 con la presencia del Fiscal Nacional, Jorge Abbott Charme, el Rector de la Universidad de Tarapac\u00e1, Dr. Emilio Rodr\u00edguez Ponce y del Presidente de la Asociaci\u00f3n Nacional de Fiscales, Mario Carrera Guerrero, quienes estuvieron acompa\u00f1ados por autoridades regionales y universitarias, del Ministro de la Corte de Apelaciones de Arica, acad\u00e9micos, fiscales, estudiantes e invitados especiales.<\/p>\n<p style=\"text-align: justify;\"><img alt=\"Imagen foto_00000006\" class=\"fotodrag\" id=\"foto_00000006\" src=\"\/web\/site\/artic\/20190412\/imag\/foto_0000000620190412172739.jpg\" style=\"margin-left: 10px; margin-right: 10px; float: right;\" data-w=\"360\" data-h=\"240\" \/>La m\u00e1xima autoridad universitaria, Dr. Emilio Rodr\u00edguez Ponce, fue el encargado de dar las palabras de bienvenida expresando que, &#8220;es un privilegio darles la bienvenida a este acto de inauguraci\u00f3n del a\u00f1o acad\u00e9mico de la carrera de Derecho, carrera que durante varias d\u00e9cadas se ha ido posicionando, creciendo y fortaleciendo en el norte de Chile, en el contexto de una Universidad como la UTA que aporta decididamente a la calidad. Una Universidad que ya est\u00e1 acreditada por cinco a\u00f1os en cuatro \u00e1reas lo cual es un elemento diferenciador importante. Esta es una Universidad donde junto con la docencia se realiza investigaci\u00f3n y tenemos est\u00e1ndares muy importantes. En t\u00e9rminos de productividad per c\u00e1pita estamos entre las cuatro primeras universidades del pa\u00eds, con m\u00e1s de 300 art\u00edculos que son generados por 260 acad\u00e9micos. En materia de investigaci\u00f3n tenemos el 50 por ciento de participaci\u00f3n en Proyectos Fondecyt liderando en esta materia en el norte de Chile, por lo tanto, esta Casa de Estudios Superiores ha ido apostando a la calidad en forma decidida y de manera sistem\u00e1tica, permanente e ininterrumpida durante muchos a\u00f1os&#8221;.<\/p>\n<p style=\"text-align: justify;\"><img alt=\"Imagen foto_00000008\" class=\"fotodrag\" id=\"foto_00000008\" src=\"\/web\/site\/artic\/20190412\/imag\/foto_0000000820190412172739.jpg\" style=\"margin-left: 10px; margin-right: 10px; float: left;\" data-w=\"360\" data-h=\"240\" \/>&#8220;En la Escuela de Derecho hacemos esta apuesta desde el inicio y hoy queremos hacer cuentas adicionales para su fortalecimiento. Tener a tan distinguida concurrencia como la presencia del Fiscal Nacional, distinguidos invitados y expositores, entrega una se\u00f1al de la senda que queremos adoptar como Universidad que a nivel nacional su posicionamiento ha ido creciendo. En el ranking de La Tercera que eval\u00faa al cuerpo docente, la UTA se posiciona en el lugar n\u00famero 11 y en el ranking de El Mercurio, que eval\u00faa la calidad de la docencia, nuestra Universidad se posiciona en el lugar 9 de las mejores universidades del pa\u00eds donde adem\u00e1s ha ingresado al ranking mundial de universidades de Times Higher Education. Todo ello, queremos permearlo de manera permanente y profunda en cada una de nuestras carreras y en especial en la carrera de Derecho, la cual llama en vocaci\u00f3n a gran cantidad de j\u00f3venes cada a\u00f1o. Y en ese contexto, queremos hacer una apuesta decidida en varias materias, primero reconociendo que nuestro cuerpo acad\u00e9mico realiza un esfuerzo importante, creemos que es fundamental dotar a la carrera de una cantidad mayor de doctores y hoy d\u00eda estamos avanzando en esa direcci\u00f3n para que nos iguale en proporci\u00f3n con el resto de las universidades del pa\u00eds, porque desde el extremo norte de Chile si es posible hacer universidad de calidad&#8221;, se\u00f1al\u00f3 el Rector Dr. Emilio Rodr\u00edguez.<\/p>\n<p style=\"text-align: justify;\"><img alt=\"Imagen foto_00000010\" class=\"fotodrag\" id=\"foto_00000010\" src=\"\/web\/site\/artic\/20190412\/imag\/foto_0000001020190412172739.jpg\" style=\"margin-left: 10px; margin-right: 10px; float: right;\" data-w=\"360\" data-h=\"240\" \/>En tanto, el Presidente de la Asociaci\u00f3n Nacional de Fiscales, Mario Carrera Guerrero, indic\u00f3 que, &#8220;para m\u00ed es un honor rendir un homenaje al fiscal Rodrigo Bennit Coluccio, arique\u00f1o, egresado de la Universidad de Tarapac\u00e1. Durante trece a\u00f1os fue parte del Ministerio P\u00fablico, ingres\u00f3 a la Fiscal\u00eda el a\u00f1o 2003 como abogado asistente en la fiscal\u00eda local de Arica, para m\u00e1s tarde convertirse en fiscal adjunto en la ciudad de Calama para luego asumir la misma actividad en Antofagasta. Tras algunos a\u00f1os, volvi\u00f3 a nuestra ciudad como abogado asesor en la Fiscal\u00eda Regional de Arica, para desempe\u00f1arse en el 2013 como fiscal adjunto. En este rol, siempre estuvo en el \u00e1rea de los delitos sexuales, tema en el cual realizaba charlas y seminarios. Destac\u00f3 por obtener la primera sentencia en Chile por trata de personas en la ciudad de Calama; represent\u00f3 a nuestro pa\u00eds en diversos congresos sobre esta materia en Colombia y Paraguay entre otros. En sus \u00faltimos d\u00edas estuvo abocado a los casos de tratas de personas e ingreso ilegal de indocumentados en nuestro pa\u00eds, junto con delitos sexuales y violentos. Investig\u00f3 presuntas redes de pornograf\u00eda infantil y tambi\u00e9n de delitos violentos como asesinatos y otros&#8221;.<\/p>\n<p style=\"text-align: justify;\">&#8220;En su \u00e1mbito familiar fue padre de tres ni\u00f1os y su pasi\u00f3n por el f\u00fatbol lo llev\u00f3 a ser entrenador del equipo de la Liga Pedro Lagos. Fue docente en esta Universidad de Derecho Penal. En Arica, Rodrigo era ampliamente conocido y querido por sus colegas y su gran grupo de amigos. Al coordinar y organizar esta actividad, contamos con el total apoyo de la UTA, lo cual agradezco a su rector, al director de la Escuela de Derecho y al jefe de carrera. Cuando le propuse esta actividad al Fiscal Nacional, no me dej\u00f3 terminar de lo que le estaba comentando cuando le dijo a su jefe de gabinete que desocupara los d\u00edas necesarios para estar presente en este solemne acto, como amigo de Rodrigo agradezco enormemente, el apoyo adem\u00e1s de la presencia de los expositores, de su familia y de todos los presentes&#8221;, resalt\u00f3 Carrera Guerrero.<\/p>\n<p style=\"text-align: justify;\"><img alt=\"Imagen foto_00000012\" class=\"fotodrag\" id=\"foto_00000012\" src=\"\/web\/site\/artic\/20190412\/imag\/foto_0000001220190412172739.jpg\" style=\"margin-left: 10px; margin-right: 10px; float: left;\" data-w=\"360\" data-h=\"240\" \/>Por su parte, el Fiscal Nacional, Jorge Abbott Charme, se\u00f1al\u00f3 que, &#8220;tener la oportunidad de rendir un homenaje a Rodrigo Bennit, no lo pens\u00e9 dos veces, me pareci\u00f3 estrictamente necesario venir por diferentes razones: primero agradecer a esta facultad y a la UTA el haber formado a un profesional con tanta calidad humana y profesional como fue Rodrigo, \u00e9l se entreg\u00f3 en su ejercicio profesional con una tremenda pasi\u00f3n llegando a ser abogado asistente y fiscal adjunto en temas sexuales. Rodrigo Bennit era un reflejo de lo que nosotros buscamos y queremos que sean los fiscales del Ministerio P\u00fablico, personas que sean cercanas a la comunidad, sus actividades extra program\u00e1ticas dan cuenta de su acercamiento con la gente; su estrecha relaci\u00f3n con las v\u00edctimas y su preocupaci\u00f3n, habla de una persona que ha tenido una formaci\u00f3n s\u00f3lida en una instituci\u00f3n que le ha dado todos los medios para poder llevar a adelante los trabajos que le fueron encomendados&#8221;.<\/p>\n<p style=\"text-align: justify;\">Agreg\u00f3 que, &#8220;en este nuevo inici\u00f3 del a\u00f1o acad\u00e9mico de la carrera de Derecho quiero agradecer a la Universidad de Tarapac\u00e1 y plantearle tambi\u00e9n a los alumnos que ingresan que hay un camino del ejercicio profesional que es muy noble. Desde el Ministerio P\u00fablico nos sentimos extraordinariamente satisfechos de trabajar en una instituci\u00f3n que trabaja no representando intereses particulares sino que en el inter\u00e9s de la toda comunidad que busca mejorar la calidad de vida de nuestros ciudadanos&#8221;.<\/p>\n<p style=\"text-align: justify;\"><img alt=\"Imagen foto_00000014\" class=\"fotodrag\" id=\"foto_00000014\" src=\"\/web\/site\/artic\/20190412\/imag\/foto_0000001420190412172739.jpg\" style=\"margin-left: 10px; margin-right: 10px; float: right;\" data-w=\"360\" data-h=\"240\" \/>El encuentro prosigui\u00f3 con las ponencias: &#8220;Falta de consentimiento en materia de delitos sexuales&#8221;, a cargo de la abogada Mar\u00eda Elena Santib\u00e1\u00f1ez, abogada, Licenciada en Derecho, profesora de Derecho Penal y Procesal Penal en la Facultad de Derecho de la Pontificia Universidad Cat\u00f3lica de Chile y encargada de la secci\u00f3n de Derecho penal del departamento de Pr\u00e1ctica y Asistencia Legal de la misma facultad y este a\u00f1o fue elegida como la mejor abogada penalista por la Revista Capital.<\/p>\n<p style=\"text-align: justify;\">Posteriormente se continu\u00f3 con la presentaci\u00f3n &#8220;Algunos alcances sobre la l\u00f3gica restrictiva en la cual viene operando el recurso de nulidad penal&#8221;, expuesto por el Doctor en Derecho por la Universidad Complutense de Madrid, Diego Palomo, quien es profesor asociado de la Universidad de Talca. A partir de su doctorado y estancias de investigaci\u00f3n sucesivas en las Facultades de Derecho de la Universidad de G\u00e9nova (Italia), de Valencia, de Barcelona, Rovira i Virgili y Salamanca (Espa\u00f1a), ha aportado con trabajos en torno a la reforma que necesita el orden jurisdiccional chileno, contribuyendo como integrante del Consejo Asesor para la reforma procesal civil nombrado por el Ministerio de Justicia de Chile.<\/p>\n<p style=\"text-align: justify;\"><img alt=\"Imagen foto_00000016\" class=\"fotodrag\" id=\"foto_00000016\" src=\"\/web\/site\/artic\/20190412\/imag\/foto_0000001620190412172739.jpg\" style=\"margin-left: 10px; margin-right: 10px; float: left;\" data-w=\"360\" data-h=\"240\" \/>El acto finaliz\u00f3 con el descubrimiento de la placa en la Sala de Estudios de la carrera de Derecho, la cual lleva el nombre del ex acad\u00e9mico de la UTA y destacado fiscal de Arica, Rodrigo Benitt Coluccio.<\/p>\n\n\n\n<figure class=\"wp-block-image\"><a href=\"https:\/\/photos.app.goo.gl\/THRpQSXvMUpUvobs5\" target=\"_blank\"><img loading=\"lazy\" width=\"300\" height=\"60\" src=\"https:\/\/www.uta.cl\/wp-content\/uploads\/2019\/05\/ver_galeria.jpg\" alt=\"\" class=\"wp-image-8828\"\/><\/a><\/figure>\n","protected":false},"excerpt":{"rendered":"<p>El acto cont\u00f3 con la presencia del Fiscal Nacional, autoridades universitarias y regionales, fiscales, acad\u00e9micos, invitados especiales y estudiantes de la carrera de Derecho, donde se rindi\u00f3 un homenaje p\u00f3stumo al fiscal y quien fuera acad\u00e9mico de esta Casa de Estudios Superiores, Rodrigo Bennit Coluccio <\/p>\n","protected":false},"author":3,"featured_media":11963,"comment_status":"open","ping_status":"open","sticky":false,"template":"","format":"standard","meta":[],"categories":[],"tags":[],"_links":{"self":[{"href":"https:\/\/www.uta.cl\/index.php\/wp-json\/wp\/v2\/posts\/11962"}],"collection":[{"href":"https:\/\/www.uta.cl\/index.php\/wp-json\/wp\/v2\/posts"}],"about":[{"href":"https:\/\/www.uta.cl\/index.php\/wp-json\/wp\/v2\/types\/post"}],"author":[{"embeddable":true,"href":"https:\/\/www.uta.cl\/index.php\/wp-json\/wp\/v2\/users\/3"}],"replies":[{"embeddable":true,"href":"https:\/\/www.uta.cl\/index.php\/wp-json\/wp\/v2\/comments?post=11962"}],"version-history":[{"count":0,"href":"https:\/\/www.uta.cl\/index.php\/wp-json\/wp\/v2\/posts\/11962\/revisions"}],"wp:featuredmedia":[{"embeddable":true,"href":"https:\/\/www.uta.cl\/index.php\/wp-json\/wp\/v2\/media\/11963"}],"wp:attachment":[{"href":"https:\/\/www.uta.cl\/index.php\/wp-json\/wp\/v2\/media?parent=11962"}],"wp:term":[{"taxonomy":"category","embeddable":true,"href":"https:\/\/www.uta.cl\/index.php\/wp-json\/wp\/v2\/categories?post=11962"},{"taxonomy":"post_tag","embeddable":true,"href":"https:\/\/www.uta.cl\/index.php\/wp-json\/wp\/v2\/tags?post=11962"}],"curies":[{"name":"wp","href":"https:\/\/api.w.org\/{rel}","templated":true}]}}